{"id":9272,"date":"2017-02-01T01:04:34","date_gmt":"2017-02-01T00:04:34","guid":{"rendered":"http:\/\/e3mag.com\/?p=9272"},"modified":"2022-02-06T00:49:03","modified_gmt":"2022-02-05T23:49:03","slug":"sapanoptikum1702","status":"publish","type":"post","link":"https:\/\/e3mag.com\/fr\/sapanoptikum1702\/","title":{"rendered":"SAPanoptikum f\u00e9vrier 2017"},"content":{"rendered":"<p><!--nextpage--><\/p>\n<h4><strong>Pas de plan pour les cyberattaques<\/strong><\/h4>\n<p><a href=\"https:\/\/e3mag.com\/wp-content\/uploads\/2017\/02\/14.jpg\"><img loading=\"lazy\" decoding=\"async\" title=\"Sapanoptikum f\u00e9vrier 2017\" class=\"aligncenter size-full wp-image-9297\" src=\"https:\/\/e3mag.com\/wp-content\/uploads\/2017\/02\/14.jpg\" alt=\"cyberattaques\" width=\"756\" height=\"546\" srcset=\"https:\/\/e3mag.com\/wp-content\/uploads\/2017\/02\/14.jpg 756w, https:\/\/e3mag.com\/wp-content\/uploads\/2017\/02\/14-100x72.jpg 100w, https:\/\/e3mag.com\/wp-content\/uploads\/2017\/02\/14-480x347.jpg 480w, https:\/\/e3mag.com\/wp-content\/uploads\/2017\/02\/14-640x462.jpg 640w, https:\/\/e3mag.com\/wp-content\/uploads\/2017\/02\/14-720x520.jpg 720w\" sizes=\"auto, (max-width: 756px) 100vw, 756px\" \/><\/a><\/p>\n<p>Vol de donn\u00e9es : les entreprises doivent aujourd'hui \u00eatre pr\u00e9par\u00e9es \u00e0 une multitude d'attaques externes et d'incidents au sein de leur propre r\u00e9seau. Cela implique un plan formel qui d\u00e9finit des \u00e9tapes concr\u00e8tes sur la mani\u00e8re dont les entreprises doivent r\u00e9agir aux sc\u00e9narios de menaces potentielles.<br \/>\n<!--nextpage--><\/p>\n<h4><strong>Le commerce \u00e9lectronique devient commerce mobile<\/strong><\/h4>\n<p><a href=\"https:\/\/e3mag.com\/wp-content\/uploads\/2017\/02\/13.jpg\"><img loading=\"lazy\" decoding=\"async\" title=\"Sapanoptikum f\u00e9vrier 2017\" class=\"wp-image-9296 alignright\" src=\"https:\/\/e3mag.com\/wp-content\/uploads\/2017\/02\/13.jpg\" alt=\"Top des charts\" width=\"345\" height=\"322\" srcset=\"https:\/\/e3mag.com\/wp-content\/uploads\/2017\/02\/13.jpg 359w, https:\/\/e3mag.com\/wp-content\/uploads\/2017\/02\/13-100x93.jpg 100w\" sizes=\"auto, (max-width: 345px) 100vw, 345px\" \/><\/a>La g\u00e9n\u00e9ralisation croissante des smartphones et des tablettes a un impact durable sur le secteur du commerce en ligne.<\/p>\n<p>Au cours des deux derni\u00e8res ann\u00e9es, la proportion d'acheteurs sur smartphone (de 20 \u00e0 39 %) et sur tablette (de 14 \u00e0 27 %) a presque doubl\u00e9.<\/p>\n<p>Les achats via ordinateur portable (de 66 \u00e0 64 %) ou ordinateur de bureau (de 58 \u00e0 50 %) sont en revanche en recul.<\/p>\n<p>C'est ce que r\u00e9v\u00e8le un sondage repr\u00e9sentatif r\u00e9alis\u00e9 par Bitkom Research aupr\u00e8s de 1 158 internautes \u00e2g\u00e9s de 14 ans et plus.<\/p>\n<p>Le shopping en ligne devient du shopping mobile. Le smartphone, en particulier, est devenu un compagnon quotidien. Il est ainsi possible de faire ses achats \u00e0 tout moment, mais aussi presque partout dans le monde.<br \/>\n<!--nextpage--><\/p>\n<h4><strong>S\/4 divise la communaut\u00e9<\/strong><\/h4>\n<p><a href=\"https:\/\/e3mag.com\/wp-content\/uploads\/2017\/02\/12.jpg\"><img loading=\"lazy\" decoding=\"async\" title=\"Sapanoptikum f\u00e9vrier 2017\" class=\"aligncenter size-full wp-image-9295\" src=\"https:\/\/e3mag.com\/wp-content\/uploads\/2017\/02\/12.jpg\" alt=\"Hana\" width=\"753\" height=\"397\" srcset=\"https:\/\/e3mag.com\/wp-content\/uploads\/2017\/02\/12.jpg 753w, https:\/\/e3mag.com\/wp-content\/uploads\/2017\/02\/12-100x53.jpg 100w, https:\/\/e3mag.com\/wp-content\/uploads\/2017\/02\/12-480x253.jpg 480w, https:\/\/e3mag.com\/wp-content\/uploads\/2017\/02\/12-640x337.jpg 640w, https:\/\/e3mag.com\/wp-content\/uploads\/2017\/02\/12-720x380.jpg 720w\" sizes=\"auto, (max-width: 753px) 100vw, 753px\" \/><\/a>Apr\u00e8s un an d'utilisation de S\/4, 38 % des entreprises allemandes interrog\u00e9es consid\u00e8rent que ce sujet rev\u00eat une importance strat\u00e9gique pour la transformation de leurs processus commerciaux.<\/p>\n<p>41 % ont des projets concrets pour l'introduire dans les prochaines ann\u00e9es ou sont d\u00e9j\u00e0 en train de le mettre en \u0153uvre (14 %).<\/p>\n<p>34 % sont encore ind\u00e9cis et discutent de cette d\u00e9cision.<\/p>\n<p>Pour un quart d'entre eux, l'introduction n'est aujourd'hui absolument pas \u00e0 l'ordre du jour. Tels sont les r\u00e9sultats d'une \u00e9tude PAC r\u00e9cente.<br \/>\n<!--nextpage--><\/p>\n<h4><strong>La cl\u00e9 de la num\u00e9risation<\/strong><\/h4>\n<figure id=\"attachment_9294\" aria-describedby=\"caption-attachment-9294\" style=\"width: 757px\" class=\"wp-caption aligncenter\"><a href=\"https:\/\/e3mag.com\/wp-content\/uploads\/2017\/02\/11.jpg\"><img loading=\"lazy\" decoding=\"async\" title=\"Sapanoptikum f\u00e9vrier 2017\" class=\"size-full wp-image-9294\" src=\"https:\/\/e3mag.com\/wp-content\/uploads\/2017\/02\/11.jpg\" alt=\"Qualit\u00e9 des donn\u00e9es\" width=\"757\" height=\"176\" srcset=\"https:\/\/e3mag.com\/wp-content\/uploads\/2017\/02\/11.jpg 757w, https:\/\/e3mag.com\/wp-content\/uploads\/2017\/02\/11-100x23.jpg 100w, https:\/\/e3mag.com\/wp-content\/uploads\/2017\/02\/11-480x112.jpg 480w, https:\/\/e3mag.com\/wp-content\/uploads\/2017\/02\/11-640x149.jpg 640w, https:\/\/e3mag.com\/wp-content\/uploads\/2017\/02\/11-720x167.jpg 720w\" sizes=\"auto, (max-width: 757px) 100vw, 757px\" \/><\/a><figcaption id=\"caption-attachment-9294\" class=\"wp-caption-text\">Malgr\u00e9 une gestion moyenne des donn\u00e9es de base, la qualit\u00e9 des donn\u00e9es s'est nettement am\u00e9lior\u00e9e au cours des cinq derni\u00e8res ann\u00e9es.<\/figcaption><\/figure>\n<p>Seule une entreprise sur sept (15 %) parmi les 155 entreprises allemandes de fabrication, de commerce et d'autres secteurs interrog\u00e9es dans le cadre de l'\u00e9tude L\u00fcnendonk s'estime tr\u00e8s bien positionn\u00e9e en mati\u00e8re de gestion des donn\u00e9es de base.<\/p>\n<p>Il manque donc une base importante pour la r\u00e9ussite de l'ensemble de la transformation num\u00e9rique avec l'industrie 4.0, la logistique 4.0, l'Internet des objets et d'autres mod\u00e8les commerciaux num\u00e9riques.<\/p>\n<p>En effet, les projets de num\u00e9risation sans une qualit\u00e9 de donn\u00e9es \u00e9lev\u00e9e sont vou\u00e9s \u00e0 l'\u00e9chec.<br \/>\n<!--nextpage--><\/p>\n<h4><strong>La num\u00e9risation sans l'informatique ?<\/strong><\/h4>\n<p>61 pour cent des cadres voient le r\u00f4le de pionnier du d\u00e9partement informatique dans la gestion strat\u00e9gique des technologies s'estomper. Selon une \u00e9tude de VMware, de plus en plus de d\u00e9partements sp\u00e9cialis\u00e9s prennent des d\u00e9cisions technologiques et font ainsi avancer l'innovation.<\/p>\n<p>La d\u00e9centralisation de l'informatique apporte de nombreux avantages commerciaux, selon le principal message de l'\u00e9tude globale bas\u00e9e sur une enqu\u00eate aupr\u00e8s des d\u00e9cideurs informatiques et des chefs de service : Les nouveaux produits et services peuvent \u00eatre mis sur le march\u00e9 plus rapidement (59 %), les entreprises disposent d'une plus grande libert\u00e9 pour promouvoir l'innovation (58 %) et peuvent mieux r\u00e9agir aux conditions changeantes du march\u00e9 (56 %).<\/p>\n<p>Le fait que d'autres secteurs que le d\u00e9partement informatique revendiquent la responsabilit\u00e9 des ressources informatiques et technologiques a des r\u00e9percussions positives sur le d\u00e9veloppement du personnel : la satisfaction des collaborateurs est renforc\u00e9e (55%) et les jeunes talents peuvent \u00eatre recrut\u00e9s plus facilement (54%).<\/p>\n<p>Cette \u00e9volution s'accompagne toutefois de nombreux d\u00e9fis. Les co\u00fbts des services informatiques doublent (55 %).<\/p>\n<p>En outre, les entreprises sont confront\u00e9es \u00e0 un manque de clart\u00e9 en ce qui concerne la responsabilit\u00e9 et l'autorit\u00e9 en mati\u00e8re de ressources informatiques (53%) et l'acquisition de solutions critiques pour la s\u00e9curit\u00e9 est de plus en plus fr\u00e9quente (49%).<\/p>\n<p><a href=\"https:\/\/e3mag.com\/wp-content\/uploads\/2017\/02\/10.jpg\"><img loading=\"lazy\" decoding=\"async\" title=\"Sapanoptikum f\u00e9vrier 2017\" class=\"aligncenter size-full wp-image-9293\" src=\"https:\/\/e3mag.com\/wp-content\/uploads\/2017\/02\/10.jpg\" alt=\"Missile\" width=\"751\" height=\"409\" srcset=\"https:\/\/e3mag.com\/wp-content\/uploads\/2017\/02\/10.jpg 751w, https:\/\/e3mag.com\/wp-content\/uploads\/2017\/02\/10-100x54.jpg 100w, https:\/\/e3mag.com\/wp-content\/uploads\/2017\/02\/10-480x261.jpg 480w, https:\/\/e3mag.com\/wp-content\/uploads\/2017\/02\/10-640x349.jpg 640w, https:\/\/e3mag.com\/wp-content\/uploads\/2017\/02\/10-720x392.jpg 720w\" sizes=\"auto, (max-width: 751px) 100vw, 751px\" \/><\/a><br \/>\n<!--nextpage--><\/p>\n<h4><strong>Pas de peur du gardien de but lors d'un penalty<\/strong><\/h4>\n<figure id=\"attachment_9290\" aria-describedby=\"caption-attachment-9290\" style=\"width: 759px\" class=\"wp-caption aligncenter\"><a href=\"https:\/\/e3mag.com\/wp-content\/uploads\/2017\/02\/9a.jpg\"><img loading=\"lazy\" decoding=\"async\" title=\"Sapanoptikum f\u00e9vrier 2017\" class=\"size-full wp-image-9290\" src=\"https:\/\/e3mag.com\/wp-content\/uploads\/2017\/02\/9a.jpg\" alt=\"Football\" width=\"759\" height=\"294\" srcset=\"https:\/\/e3mag.com\/wp-content\/uploads\/2017\/02\/9a.jpg 759w, https:\/\/e3mag.com\/wp-content\/uploads\/2017\/02\/9a-100x39.jpg 100w, https:\/\/e3mag.com\/wp-content\/uploads\/2017\/02\/9a-480x186.jpg 480w, https:\/\/e3mag.com\/wp-content\/uploads\/2017\/02\/9a-640x248.jpg 640w, https:\/\/e3mag.com\/wp-content\/uploads\/2017\/02\/9a-720x279.jpg 720w\" sizes=\"auto, (max-width: 759px) 100vw, 759px\" \/><\/a><figcaption id=\"caption-attachment-9290\" class=\"wp-caption-text\">La base de donn\u00e9es contient des donn\u00e9es sur les penalties des joueurs de premi\u00e8re et deuxi\u00e8me division allemande, de l'\u00e9quipe nationale allemande et de la Major League Soccer am\u00e9ricaine (exemple d'image).<\/figcaption><\/figure>\n<p><a href=\"https:\/\/e3mag.com\/wp-content\/uploads\/2017\/02\/9.jpg\"><img loading=\"lazy\" decoding=\"async\" title=\"Sapanoptikum f\u00e9vrier 2017\" class=\"wp-image-9291 alignright\" src=\"https:\/\/e3mag.com\/wp-content\/uploads\/2017\/02\/9.jpg\" alt=\"Soccer\" width=\"231\" height=\"520\" srcset=\"https:\/\/e3mag.com\/wp-content\/uploads\/2017\/02\/9.jpg 362w, https:\/\/e3mag.com\/wp-content\/uploads\/2017\/02\/9-100x225.jpg 100w\" sizes=\"auto, (max-width: 231px) 100vw, 231px\" \/><\/a><\/p>\n<p>Gr\u00e2ce \u00e0 la nouvelle application SAP Penalty Insights, les gardiens de but et les entra\u00eeneurs de gardiens b\u00e9n\u00e9ficient d'un aper\u00e7u in\u00e9dit, bas\u00e9 sur des donn\u00e9es et interactif, qui les aide \u00e0 se pr\u00e9parer aux penalties et aux tirs au but.<\/p>\n<p>La solution \u00e9tait \u00e0 l'origine incluse dans la solution SAP Sports One en tant que fonction d'analyse des coups de pied de r\u00e9paration et avait \u00e9t\u00e9 d\u00e9velopp\u00e9e conjointement par SAP et la F\u00e9d\u00e9ration allemande de football pour l'Euro 2016.<\/p>\n<p>Penalty Insights offre aux \u00e9quipes de toutes nouvelles possibilit\u00e9s de se pr\u00e9parer aux matchs \u00e0 venir gr\u00e2ce \u00e0 l'analyse des donn\u00e9es de jeu.<\/p>\n<p>Aujourd'hui, la fonction a \u00e9t\u00e9 d\u00e9velopp\u00e9e en tant que produit autonome et est accessible \u00e0 un public plus large sous la forme d'une application bas\u00e9e sur le cloud. Il est possible d'acc\u00e9der \u00e0 des clips vid\u00e9o sur tous les penalties enregistr\u00e9s dans la base de donn\u00e9es et d'utiliser des filtres pour analyser les pr\u00e9f\u00e9rences de tir des tireurs de penalties.<\/p>\n<p>Il est \u00e9galement possible de d\u00e9terminer quels joueurs sont les plus susceptibles de tirer le prochain coup de pied de r\u00e9paration.<\/p>\n<p>Les filtres permettent d'effectuer des analyses d\u00e9taill\u00e9es des joueurs et de d\u00e9couvrir des mod\u00e8les de comportement.<\/p>\n<p>Outre la situation de jeu ou les caract\u00e9ristiques de tir comme l'\u00e9lan d'un joueur, il est \u00e9galement possible d'examiner par exemple la zone de but sur laquelle un tireur vise.<br \/>\n<!--nextpage--><\/p>\n<h4><strong>Un tiers des cyberattaques r\u00e9ussies<\/strong><\/h4>\n<p><a href=\"https:\/\/e3mag.com\/wp-content\/uploads\/2017\/02\/8.jpg\"><img loading=\"lazy\" decoding=\"async\" title=\"Sapanoptikum f\u00e9vrier 2017\" class=\"wp-image-9289 alignright\" src=\"https:\/\/e3mag.com\/wp-content\/uploads\/2017\/02\/8.jpg\" alt=\"8\" width=\"234\" height=\"364\" srcset=\"https:\/\/e3mag.com\/wp-content\/uploads\/2017\/02\/8.jpg 362w, https:\/\/e3mag.com\/wp-content\/uploads\/2017\/02\/8-100x156.jpg 100w\" sizes=\"auto, (max-width: 234px) 100vw, 234px\" \/><\/a>En moyenne, deux \u00e0 trois attaques par mois parviennent \u00e0 d\u00e9jouer les dispositifs de s\u00e9curit\u00e9 de l'entreprise.<\/p>\n<p>Malgr\u00e9 cela, huit responsables de la s\u00e9curit\u00e9 informatique sur dix (81 %) en Allemagne se sentent bien \u00e9quip\u00e9s pour lutter contre les attaques.<\/p>\n<p>Ce sont les r\u00e9sultats d'une enqu\u00eate men\u00e9e dans 15 pays par la soci\u00e9t\u00e9 de conseil Accenture aupr\u00e8s de 2.000 responsables de la s\u00e9curit\u00e9 informatique.<\/p>\n<p>L'enqu\u00eate portait sur les cyber-attaques, l'efficacit\u00e9 des mesures de s\u00e9curit\u00e9 et le budget existant dans les entreprises dont le chiffre d'affaires annuel est sup\u00e9rieur \u00e0 un milliard de dollars.<\/p>\n<p>Pr\u00e8s de neuf personnes interrog\u00e9es sur dix (87 %) en Allemagne ont d\u00e9clar\u00e9 que la s\u00e9curit\u00e9 informatique \u00e9tait consid\u00e9r\u00e9e comme importante par le conseil d'administration et soutenue en cons\u00e9quence. 81 % des personnes interrog\u00e9es sont convaincues que leur strat\u00e9gie de d\u00e9fense contre les cyberattaques fonctionne.<\/p>\n<p>En comparaison mondiale, ce chiffre est l\u00e9g\u00e8rement inf\u00e9rieur (75%).<\/p>\n<p>Les entreprises allemandes sont \u00e9galement confiantes dans leur capacit\u00e9 \u00e0 surveiller les cyber-attaques (52 %) et \u00e0 en identifier la cause (56 %).<\/p>\n<p>Ces r\u00e9sultats sont \u00e9galement sup\u00e9rieurs \u00e0 la moyenne mondiale. Ici, 38 % des personnes interrog\u00e9es ont d\u00e9clar\u00e9 pouvoir surveiller les attaques et 44 % les identifier.<br \/>\n<!--nextpage--><\/p>\n<h4><strong>Aucune tendance en mati\u00e8re de s\u00e9curit\u00e9 pour 2017<\/strong><\/h4>\n<p><a href=\"https:\/\/e3mag.com\/wp-content\/uploads\/2017\/02\/7.jpg\"><img loading=\"lazy\" decoding=\"async\" title=\"Sapanoptikum f\u00e9vrier 2017\" class=\"wp-image-9288 alignright\" src=\"https:\/\/e3mag.com\/wp-content\/uploads\/2017\/02\/7.jpg\" alt=\"NTT Sec\" width=\"277\" height=\"496\" srcset=\"https:\/\/e3mag.com\/wp-content\/uploads\/2017\/02\/7.jpg 357w, https:\/\/e3mag.com\/wp-content\/uploads\/2017\/02\/7-100x179.jpg 100w\" sizes=\"auto, (max-width: 277px) 100vw, 277px\" \/><\/a>NTT Security ne croit pas aux tendances en mati\u00e8re de s\u00e9curit\u00e9 informatique. Au lieu de prendre des mesures ponctuelles, les entreprises devraient mettre en place une strat\u00e9gie \u00e0 long terme pour leur protection de base. Dans cette situation, suivre des tendances concr\u00e8tes est m\u00eame contre-productif.<\/p>\n<blockquote><p>\"La recherche annuelle des tendances en mati\u00e8re de s\u00e9curit\u00e9 informatique est avant tout l'expression d'un bon travail de lobbying de la part des fabricants concern\u00e9s ; elle ne contribue en rien \u00e0 l'am\u00e9lioration de la situation en mati\u00e8re de s\u00e9curit\u00e9\".<\/p><\/blockquote>\n<p>estime l'expert en s\u00e9curit\u00e9 Patrick Schraut de NTT Security<\/p>\n<blockquote><p>\"Seuls ceux qui agissent d\u00e9j\u00e0 au plus haut niveau en mati\u00e8re de s\u00e9curit\u00e9 peuvent r\u00e9fl\u00e9chir \u00e0 de telles tendances. Mais la plupart des entreprises n'ont m\u00eame pas encore fait leurs devoirs de l'ann\u00e9e derni\u00e8re\".<\/p><\/blockquote>\n<p>Selon NTT Security, les entreprises doivent d'abord assurer une protection de base compl\u00e8te.<\/p>\n<p>Mais la grande majorit\u00e9 des entreprises en est encore tr\u00e8s loin, car pour environ 90% d'entre elles, cette protection de base est lacunaire.<br \/>\n<!--nextpage--><\/p>\n<h4><strong>Projet informatique pour les enfants d\u00e9favoris\u00e9s au Br\u00e9sil<\/strong><\/h4>\n<p><a href=\"https:\/\/e3mag.com\/wp-content\/uploads\/2017\/02\/6.jpg\"><img loading=\"lazy\" decoding=\"async\" title=\"Sapanoptikum f\u00e9vrier 2017\" class=\"aligncenter size-full wp-image-9287\" src=\"https:\/\/e3mag.com\/wp-content\/uploads\/2017\/02\/6.jpg\" alt=\"Projet informatique pour les enfants d\u00e9favoris\u00e9s\" width=\"756\" height=\"474\" srcset=\"https:\/\/e3mag.com\/wp-content\/uploads\/2017\/02\/6.jpg 756w, https:\/\/e3mag.com\/wp-content\/uploads\/2017\/02\/6-100x63.jpg 100w, https:\/\/e3mag.com\/wp-content\/uploads\/2017\/02\/6-480x301.jpg 480w, https:\/\/e3mag.com\/wp-content\/uploads\/2017\/02\/6-640x401.jpg 640w, https:\/\/e3mag.com\/wp-content\/uploads\/2017\/02\/6-720x451.jpg 720w\" sizes=\"auto, (max-width: 756px) 100vw, 756px\" \/><\/a><\/p>\n<p>180 \u00e9l\u00e8ves b\u00e9n\u00e9ficiant d'un soutien intensif et pr\u00e8s de 20 000 utilisateurs du centre informatique au total : le projet commun de soutien men\u00e9 par le cabinet de conseil en gestion d'entreprise cbs Corporate Business Solutions, bas\u00e9 \u00e0 Heidelberg, et ProBrasil a \u00e9t\u00e9 un succ\u00e8s en 2016.<br \/>\n<!--nextpage--><\/p>\n<h4><strong>R\u00e8glement g\u00e9n\u00e9ral sur la protection des donn\u00e9es, et alors ?<\/strong><\/h4>\n<p><a href=\"https:\/\/e3mag.com\/wp-content\/uploads\/2017\/02\/5.jpg\"><img loading=\"lazy\" decoding=\"async\" title=\"Sapanoptikum f\u00e9vrier 2017\" class=\"wp-image-9286 alignright\" src=\"https:\/\/e3mag.com\/wp-content\/uploads\/2017\/02\/5.jpg\" alt=\"GlobUnt\" width=\"322\" height=\"667\" srcset=\"https:\/\/e3mag.com\/wp-content\/uploads\/2017\/02\/5.jpg 359w, https:\/\/e3mag.com\/wp-content\/uploads\/2017\/02\/5-100x207.jpg 100w\" sizes=\"auto, (max-width: 322px) 100vw, 322px\" \/><\/a>Plus de la moiti\u00e9 des entreprises ne sont pas au courant de la loi sur la protection des donn\u00e9es.<br \/>\nr\u00e8glement de base. De lourdes sanctions sont pr\u00e9vues.<\/p>\n<p>Le r\u00e8glement g\u00e9n\u00e9ral sur la protection des donn\u00e9es (RGPD) entrera en vigueur en mai 2018 et harmonisera la l\u00e9gislation sur la protection des donn\u00e9es dans l'UE en ce qui concerne la s\u00e9curit\u00e9, le stockage et la gouvernance des donn\u00e9es.<\/p>\n<p>Pour ce faire, les entreprises doivent divulguer plus pr\u00e9cis\u00e9ment comment et o\u00f9 les donn\u00e9es personnelles sensibles sont partag\u00e9es et stock\u00e9es. Cela inclut la mani\u00e8re dont les organisations surveillent et contr\u00f4lent l'acc\u00e8s \u00e0 ces informations.<\/p>\n<p>Selon une \u00e9tude r\u00e9cente du sp\u00e9cialiste de la gestion des donn\u00e9es Veritas, 54 % des organisations d'Europe, du Moyen-Orient, d'Afrique, des \u00c9tats-Unis et de la r\u00e9gion Asie-Pacifique n'ont pas encore envisag\u00e9 de mettre en place une conformit\u00e9 au RGPD.<\/p>\n<p>Les r\u00e9ponses montrent que ce sont surtout les questions relatives aux mesures op\u00e9rationnelles, \u00e0 la conformit\u00e9 et \u00e0 la planification qui sont au premier plan. Ainsi, il s'agit notamment de l'appropriation des processus et de la capacit\u00e9 \u00e0 mettre en \u0153uvre des directives pour le nettoyage des donn\u00e9es et \u00e0 respecter les obligations de suppression.<br \/>\n<!--nextpage--><\/p>\n<h4>Droit \u00e0 l'oubli<\/h4>\n<p>S'il n'existe aucun motif l\u00e9gitime de conservation et qu'une personne insiste pour que ses donn\u00e9es soient supprim\u00e9es, le RGPD impose \u00e0 l'entreprise de r\u00e9pondre \u00e0 cette demande dans un d\u00e9lai d\u00e9termin\u00e9.<\/p>\n<p>En outre, le manque de visibilit\u00e9 sur les donn\u00e9es obscures et les informations stock\u00e9es en dehors des syst\u00e8mes de l'entreprise rend difficile le respect de la conformit\u00e9. Cela expose les entreprises \u00e0 des risques financiers et juridiques consid\u00e9rables.<\/p>\n<p>Une amende d'un montant maximal de 20 millions d'euros ou de quatre pour cent du chiffre d'affaires global, le montant le plus \u00e9lev\u00e9 \u00e9tant retenu, pourrait \u00eatre inflig\u00e9e.<br \/>\n<!--nextpage--><\/p>\n<h4><strong>Nouveau guide sur la protection des donn\u00e9es<\/strong><\/h4>\n<p><a href=\"https:\/\/e3mag.com\/wp-content\/uploads\/2017\/02\/4.jpg\"><img loading=\"lazy\" decoding=\"async\" title=\"Sapanoptikum f\u00e9vrier 2017\" class=\"aligncenter size-full wp-image-9285\" src=\"https:\/\/e3mag.com\/wp-content\/uploads\/2017\/02\/4.jpg\" alt=\"Donn\u00e9es personnelles\" width=\"361\" height=\"467\" srcset=\"https:\/\/e3mag.com\/wp-content\/uploads\/2017\/02\/4.jpg 361w, https:\/\/e3mag.com\/wp-content\/uploads\/2017\/02\/4-100x129.jpg 100w\" sizes=\"auto, (max-width: 361px) 100vw, 361px\" \/><\/a><\/p>\n<p>Le guide Bitkom existant depuis longtemps sur le \u201eTransfert de donn\u00e9es \u00e0 caract\u00e8re personnel - Allemagne, pays de l'UE, pays tiers\u201c.\u201c<br \/>\nest disponible dans une version actualis\u00e9e.<\/p>\n<p>L'arr\u00eat de la CJUE sur le Safe Harbor \u00e0 l'automne 2015 et les n\u00e9gociations sur son successeur, le Privacy Shield, qui ont tra\u00een\u00e9 en longueur jusqu'\u00e0 l'\u00e9t\u00e9 de l'ann\u00e9e derni\u00e8re, ont cr\u00e9\u00e9 une certaine incertitude quant aux conditions pr\u00e9alables aux transferts de donn\u00e9es vers les \u00c9tats-Unis et d'autres pays tiers.<\/p>\n<p>Le nouveau guide de Bitkom donne un aper\u00e7u de ce \u00e0 quoi il faut g\u00e9n\u00e9ralement faire attention lors des transferts de donn\u00e9es.<\/p>\n<p>Les derniers d\u00e9veloppements ont \u00e9t\u00e9 int\u00e9gr\u00e9s sur la base de la situation juridique en vigueur selon le RGPD.<\/p>\n<p>Le guide a pour but de fournir des orientations jusqu'au 25 mai 2018. Une nouvelle r\u00e9vision - alors enti\u00e8rement bas\u00e9e sur le r\u00e8glement de l'UE - aura lieu \u00e0 temps avant cette date.<br \/>\n<!--nextpage--><\/p>\n<h4><strong>Chiffre du mois : 123456<\/strong><\/h4>\n<p>Le mot de passe le plus populaire au monde reste \u201e123456\u201c. Pour une \u00e9tude, l'Institut Hasso Plattner, HPI, a analys\u00e9 un milliard de comptes d'utilisateurs provenant de 31 fuites de donn\u00e9es publi\u00e9es et librement disponibles sur Internet. Pour l'Allemagne, environ 30 millions de comptes d'utilisateurs enregistr\u00e9s comme domaine .de ont \u00e9t\u00e9 identifi\u00e9s. Le mot de passe le plus populaire en Allemagne est \u201ehallo\u201c, suivi de \u201epasswort\u201c, \u201ehallo123\u201c, \u201eschalke04\u201c et \u201epasswort1\u201c.<br \/>\n<!--nextpage--><\/p>\n<h4><strong>L'intelligence artificielle, un moteur \u00e9conomique<\/strong><\/h4>\n<p><a href=\"https:\/\/e3mag.com\/wp-content\/uploads\/2017\/02\/2.jpg\"><img loading=\"lazy\" decoding=\"async\" title=\"Sapanoptikum f\u00e9vrier 2017\" class=\"aligncenter size-full wp-image-9283\" src=\"https:\/\/e3mag.com\/wp-content\/uploads\/2017\/02\/2.jpg\" alt=\"Intelligence\" width=\"754\" height=\"503\" srcset=\"https:\/\/e3mag.com\/wp-content\/uploads\/2017\/02\/2.jpg 754w, https:\/\/e3mag.com\/wp-content\/uploads\/2017\/02\/2-100x67.jpg 100w, https:\/\/e3mag.com\/wp-content\/uploads\/2017\/02\/2-480x320.jpg 480w, https:\/\/e3mag.com\/wp-content\/uploads\/2017\/02\/2-640x427.jpg 640w, https:\/\/e3mag.com\/wp-content\/uploads\/2017\/02\/2-720x480.jpg 720w\" sizes=\"auto, (max-width: 754px) 100vw, 754px\" \/><\/a><\/p>\n<p>Une nouvelle \u00e9tude du cabinet de conseil Accenture pr\u00e9voit une augmentation de la croissance \u00e9conomique de 3 % par an d'ici 2035 gr\u00e2ce \u00e0 l'utilisation de l'intelligence artificielle.<\/p>\n<p>L'\u00e9tude chiffre la valeur ajout\u00e9e brute suppl\u00e9mentaire de l'\u00e9conomie robotique en Allemagne \u00e0 pr\u00e8s de mille milliards d'euros au cours des vingt prochaines ann\u00e9es.<\/p>\n<p>En outre, la productivit\u00e9 des travailleurs augmentera de 29 % dans le pays, car de nombreux processus de travail seront plus efficaces.<br \/>\n<!--nextpage--><\/p>\n<h4><strong>ERP Philharmonie ?<\/strong><\/h4>\n<p><a href=\"https:\/\/e3mag.com\/wp-content\/uploads\/2017\/02\/elb.jpg\"><img loading=\"lazy\" decoding=\"async\" title=\"Sapanoptikum f\u00e9vrier 2017\" class=\"aligncenter size-full wp-image-9282\" src=\"https:\/\/e3mag.com\/wp-content\/uploads\/2017\/02\/elb.jpg\" alt=\"Philharmonie de l&#039;Elbe\" width=\"760\" height=\"305\" srcset=\"https:\/\/e3mag.com\/wp-content\/uploads\/2017\/02\/elb.jpg 760w, https:\/\/e3mag.com\/wp-content\/uploads\/2017\/02\/elb-100x40.jpg 100w, https:\/\/e3mag.com\/wp-content\/uploads\/2017\/02\/elb-480x193.jpg 480w, https:\/\/e3mag.com\/wp-content\/uploads\/2017\/02\/elb-640x257.jpg 640w, https:\/\/e3mag.com\/wp-content\/uploads\/2017\/02\/elb-720x289.jpg 720w\" sizes=\"auto, (max-width: 760px) 100vw, 760px\" \/><\/a><\/p>\n<p>L'accord entre le leader du march\u00e9 des logiciels d'entreprise et la nouvelle salle de concert de Hambourg est initialement conclu pour une dur\u00e9e de trois ans. \u201e L'Elbphilharmonie est l'une des salles de concert les plus avanc\u00e9es et les plus innovantes d'Europe sur le plan technologique. Il est donc tout naturel que SAP apporte son expertise technologique \u201c, d\u00e9clare Hartmut Thomsen, directeur g\u00e9n\u00e9ral de SAP Allemagne.<\/p>","protected":false},"excerpt":{"rendered":"<p>Vous trouverez ici tous les articles de notre rubrique tr\u00e8s appr\u00e9ci\u00e9e \u201cSA Pananoptikum\u201d. Il vous suffit de cliquer sur l'onglet correspondant pour lire l'article correspondant au titre.<\/p>","protected":false},"author":38,"featured_media":9799,"comment_status":"open","ping_status":"closed","sticky":false,"template":"","format":"standard","meta":{"_acf_changed":false,"pmpro_default_level":"","footnotes":""},"categories":[2,1858],"tags":[5207,700],"coauthors":[19920],"class_list":["post-9272","post","type-post","status-publish","format-standard","has-post-thumbnail","hentry","category-sap-nachrichten","category-mag1702","tag-sapanoptikum","tag-short-facts","pmpro-has-access"],"acf":[],"featured_image_urls_v2":{"full":["https:\/\/e3mag.com\/wp-content\/uploads\/2017\/02\/Sapan-1.jpg",1000,409,false],"thumbnail":["https:\/\/e3mag.com\/wp-content\/uploads\/2017\/02\/Sapan-1-150x150.jpg",150,150,true],"medium":["https:\/\/e3mag.com\/wp-content\/uploads\/2017\/02\/Sapan-1.jpg",400,164,false],"medium_large":["https:\/\/e3mag.com\/wp-content\/uploads\/2017\/02\/Sapan-1-768x314.jpg",768,314,true],"large":["https:\/\/e3mag.com\/wp-content\/uploads\/2017\/02\/Sapan-1.jpg",1000,409,false],"image-100":["https:\/\/e3mag.com\/wp-content\/uploads\/2017\/02\/Sapan-1-100x41.jpg",100,41,true],"image-480":["https:\/\/e3mag.com\/wp-content\/uploads\/2017\/02\/Sapan-1-480x196.jpg",480,196,true],"image-640":["https:\/\/e3mag.com\/wp-content\/uploads\/2017\/02\/Sapan-1-640x262.jpg",640,262,true],"image-720":["https:\/\/e3mag.com\/wp-content\/uploads\/2017\/02\/Sapan-1-720x294.jpg",720,294,true],"image-960":["https:\/\/e3mag.com\/wp-content\/uploads\/2017\/02\/Sapan-1-960x393.jpg",960,393,true],"image-1168":["https:\/\/e3mag.com\/wp-content\/uploads\/2017\/02\/Sapan-1.jpg",1000,409,false],"image-1440":["https:\/\/e3mag.com\/wp-content\/uploads\/2017\/02\/Sapan-1.jpg",1000,409,false],"image-1920":["https:\/\/e3mag.com\/wp-content\/uploads\/2017\/02\/Sapan-1.jpg",1000,409,false],"1536x1536":["https:\/\/e3mag.com\/wp-content\/uploads\/2017\/02\/Sapan-1.jpg",1000,409,false],"2048x2048":["https:\/\/e3mag.com\/wp-content\/uploads\/2017\/02\/Sapan-1.jpg",1000,409,false],"trp-custom-language-flag":["https:\/\/e3mag.com\/wp-content\/uploads\/2017\/02\/Sapan-1.jpg",18,7,false],"bricks_large_16x9":["https:\/\/e3mag.com\/wp-content\/uploads\/2017\/02\/Sapan-1.jpg",1000,409,false],"bricks_large":["https:\/\/e3mag.com\/wp-content\/uploads\/2017\/02\/Sapan-1.jpg",1000,409,false],"bricks_large_square":["https:\/\/e3mag.com\/wp-content\/uploads\/2017\/02\/Sapan-1.jpg",1000,409,false],"bricks_medium":["https:\/\/e3mag.com\/wp-content\/uploads\/2017\/02\/Sapan-1.jpg",600,245,false],"bricks_medium_square":["https:\/\/e3mag.com\/wp-content\/uploads\/2017\/02\/Sapan-1.jpg",600,245,false],"profile_24":["https:\/\/e3mag.com\/wp-content\/uploads\/2017\/02\/Sapan-1-24x24.jpg",24,24,true],"profile_48":["https:\/\/e3mag.com\/wp-content\/uploads\/2017\/02\/Sapan-1-48x48.jpg",48,48,true],"profile_96":["https:\/\/e3mag.com\/wp-content\/uploads\/2017\/02\/Sapan-1-96x96.jpg",96,96,true],"profile_150":["https:\/\/e3mag.com\/wp-content\/uploads\/2017\/02\/Sapan-1-150x150.jpg",150,150,true],"profile_300":["https:\/\/e3mag.com\/wp-content\/uploads\/2017\/02\/Sapan-1-300x300.jpg",300,300,true]},"post_excerpt_stackable_v2":"<p>Hier finden Sie alle Beitr\u00e4ge aus unserer beliebten &#8220;SA Pananoptikum&#8221; Rubrik \u00fcbersichtlich aufgef\u00fchrt. Klicken sie einfach den entsprechenden Reiter an um den Artikel zur \u00dcberschrift zu lesen.<\/p>\n","category_list_v2":"<a href=\"https:\/\/e3mag.com\/fr\/category\/sap-nachrichten\/\" rel=\"category tag\">Community Nachrichten<\/a>, <a href=\"https:\/\/e3mag.com\/fr\/category\/mag1702\/\" rel=\"category tag\">MAG 17-02<\/a>","author_info_v2":{"name":"Magazine E-3","url":"https:\/\/e3mag.com\/fr\/author\/e-3-magazin\/"},"comments_num_v2":"0 commentaire","_links":{"self":[{"href":"https:\/\/e3mag.com\/fr\/wp-json\/wp\/v2\/posts\/9272","targetHints":{"allow":["GET"]}}],"collection":[{"href":"https:\/\/e3mag.com\/fr\/wp-json\/wp\/v2\/posts"}],"about":[{"href":"https:\/\/e3mag.com\/fr\/wp-json\/wp\/v2\/types\/post"}],"author":[{"embeddable":true,"href":"https:\/\/e3mag.com\/fr\/wp-json\/wp\/v2\/users\/38"}],"replies":[{"embeddable":true,"href":"https:\/\/e3mag.com\/fr\/wp-json\/wp\/v2\/comments?post=9272"}],"version-history":[{"count":0,"href":"https:\/\/e3mag.com\/fr\/wp-json\/wp\/v2\/posts\/9272\/revisions"}],"wp:featuredmedia":[{"embeddable":true,"href":"https:\/\/e3mag.com\/fr\/wp-json\/wp\/v2\/media\/9799"}],"wp:attachment":[{"href":"https:\/\/e3mag.com\/fr\/wp-json\/wp\/v2\/media?parent=9272"}],"wp:term":[{"taxonomy":"category","embeddable":true,"href":"https:\/\/e3mag.com\/fr\/wp-json\/wp\/v2\/categories?post=9272"},{"taxonomy":"post_tag","embeddable":true,"href":"https:\/\/e3mag.com\/fr\/wp-json\/wp\/v2\/tags?post=9272"},{"taxonomy":"author","embeddable":true,"href":"https:\/\/e3mag.com\/fr\/wp-json\/wp\/v2\/coauthors?post=9272"}],"curies":[{"name":"wp","href":"https:\/\/api.w.org\/{rel}","templated":true}]}}