{"id":74031,"date":"2021-06-11T08:00:00","date_gmt":"2021-06-11T06:00:00","guid":{"rendered":"http:\/\/e3mag.com\/?p=74031"},"modified":"2021-05-20T09:23:44","modified_gmt":"2021-05-20T07:23:44","slug":"le-mittelstand-allemand-suit-le-mouvement","status":"publish","type":"post","link":"https:\/\/e3mag.com\/fr\/zieht-der-deutsche-mittelstand-mit\/","title":{"rendered":"Les PME allemandes suivent-elles le mouvement ?"},"content":{"rendered":"<p>M\u00eame si les termes \"Deep Learning\", \"Process Mining\" ou \"Natural Language Processing\" sont d\u00e9sormais tr\u00e8s pr\u00e9sents dans le monde du travail, les PME allemandes n'accordent pas une importance strat\u00e9gique particuli\u00e8rement \u00e9lev\u00e9e \u00e0 l'intelligence artificielle (IA). Pour son \u00e9tude actuelle, Deloitte a interrog\u00e9 plus de 300 dirigeants d'entreprises moyennes sur les d\u00e9fis, les chances et les risques de l'IA dans les PME. <\/p>\n\n\n\n<p>64% estiment que l'IA n'a qu'une importance moyenne \u00e0 faible pour les PME dans leur ensemble. De m\u00eame, 58% lui accordent une faible importance en ce qui concerne leur propre mod\u00e8le commercial. Si les personnes interrog\u00e9es se tournent vers l'avenir, l'opinion change : 59% sont convaincus que l'importance de l'IA va augmenter.<\/p>\n\n\n\n<p>Les technologies d'IA sont disponibles en s\u00e9rie - mais lesquelles sont les plus importantes pour les PME ? Pour 45 % des personnes interrog\u00e9es, les syst\u00e8mes bas\u00e9s sur des r\u00e8gles sont les plus pertinents, suivis par l'apprentissage automatique (41 %) et l'apprentissage profond (36 %). Cette priorisation co\u00efncide avec les potentiels que les entreprises attendent le plus de l'utilisation de l'IA, \u00e0 savoir l'automatisation des processus (77 pour cent), l'utilisation efficace des donn\u00e9es (72 pour cent) et l'acc\u00e9l\u00e9ration des processus (66 processus). <\/p>\n\n\n\n<p>Seuls 43 % esp\u00e8rent que l'IA permettra de d\u00e9velopper de nouveaux mod\u00e8les commerciaux. La part des entreprises qui d\u00e9veloppent elles-m\u00eames des applications est donc faible (26 %) - 34 % des personnes interrog\u00e9es utilisent l'IA comme produit, 30 % comme service.<\/p>\n\n\n\n<p>En ce qui concerne les domaines d'application id\u00e9aux de l'IA dans l'entreprise, une majorit\u00e9 de 65% cite le domaine informatique comme d\u00e9partement pr\u00e9destin\u00e9. Les participants identifient \u00e9galement un fort potentiel d'utilisation dans la logistique et dans la gestion des mat\u00e9riaux et de la production. <\/p>\n\n\n\n<p>Il est surprenant de constater que la plupart des personnes interrog\u00e9es consid\u00e8rent que les domaines dans lesquels les technologies d'IA \u00e9tablies permettent d'obtenir des gains d'efficacit\u00e9 relativement rapides et faciles \u00e0 mettre en \u0153uvre - comme le contr\u00f4le de gestion ou la comptabilit\u00e9 - sont nettement moins adapt\u00e9s \u00e0 l'IA. <\/p>\n\n\n\n<p>L'attitude ambivalente des PME \u00e0 l'\u00e9gard de l'IA se refl\u00e8te \u00e9galement dans leurs estimations des risques potentiels li\u00e9s \u00e0 l'application : 47% des entreprises craignent des conditions-cadres inappropri\u00e9es pour son utilisation - comme par exemple une qualit\u00e9 insuffisante des donn\u00e9es ou simplement des donn\u00e9es manquantes. 45 % craignent que les d\u00e9penses et les recettes ne soient pas compatibles. Par ailleurs, 44 % des entreprises estiment qu'il existe un risque de manque de transparence dans les d\u00e9cisions ou les processus d\u00e9cisionnels.<\/p>\n\n\n\n<h3 class=\"wp-block-heading\">L'IA est une affaire de chef<\/h3>\n\n\n\n<p>Qui porte la casquette de l'IA dans l'entreprise ? Pour un peu plus de la moiti\u00e9 des participants, la responsabilit\u00e9 organisationnelle est actuellement confi\u00e9e \u00e0 des d\u00e9partements en dessous de la direction, par exemple l'informatique ou les d\u00e9partements op\u00e9rationnels qui appliquent directement l'IA (16% chacun). Seul un pour cent des personnes interrog\u00e9es peut se targuer d'avoir son propre d\u00e9partement d'IA. En revanche, 48 % des personnes interrog\u00e9es estiment que cette responsabilit\u00e9 incombe d\u00e9j\u00e0 \u00e0 la direction g\u00e9n\u00e9rale. <\/p>\n\n\n\n<p>Une dichotomie similaire peut \u00eatre observ\u00e9e en ce qui concerne le budget : Certes, pour l'ensemble de l'\u00e9chantillon, la m\u00e9diane des investissements en IA est d'environ 250 000 euros par an. Cependant, 41% investissent m\u00eame 500.000 euros et plus, tandis que 48% des entreprises restent en dessous de la m\u00e9diane. Pour 11% d'entre elles, le volume financier de l'IA est m\u00eame inf\u00e9rieur \u00e0 50.000 euros par an. Il n'en reste pas moins que 38 pour cent des personnes interrog\u00e9es s'attendent \u00e0 une forte ou tr\u00e8s forte augmentation des budgets d'IA \u00e0 l'avenir.<\/p>","protected":false},"excerpt":{"rendered":"<p>Les PME allemandes semblent encore r\u00e9ticentes \u00e0 l'\u00e9gard des technologies d'intelligence artificielle - c'est ce que montre la derni\u00e8re \u00e9tude \"K\u00fcnstliche Intelligenz im Mittelstand\" (Intelligence artificielle dans les PME).<\/p>","protected":false},"author":38,"featured_media":0,"comment_status":"open","ping_status":"closed","sticky":false,"template":"","format":"standard","meta":{"_acf_changed":false,"pmpro_default_level":"","footnotes":""},"categories":[2,39280],"tags":[625,624,3442],"coauthors":[19920],"class_list":["post-74031","post","type-post","status-publish","format-standard","hentry","category-sap-nachrichten","category-mag-21-05","tag-ai","tag-ki-joule","tag-mittelstand","pmpro-has-access"],"acf":[],"featured_image_urls_v2":{"full":"","thumbnail":"","medium":"","medium_large":"","large":"","image-100":"","image-480":"","image-640":"","image-720":"","image-960":"","image-1168":"","image-1440":"","image-1920":"","1536x1536":"","2048x2048":"","trp-custom-language-flag":"","bricks_large_16x9":"","bricks_large":"","bricks_large_square":"","bricks_medium":"","bricks_medium_square":"","profile_24":"","profile_48":"","profile_96":"","profile_150":"","profile_300":""},"post_excerpt_stackable_v2":"<p>Der deutsche Mittelstand scheint KI-Technologien noch verhalten gegen\u00fcberzustehen \u2013 das zeigt die aktuelle Studie \u201eK\u00fcnstliche Intelligenz im Mittelstand\u201c.<\/p>\n","category_list_v2":"<a href=\"https:\/\/e3mag.com\/fr\/category\/sap-nachrichten\/\" rel=\"category tag\">Community Nachrichten<\/a>, <a href=\"https:\/\/e3mag.com\/fr\/category\/mag-21-05\/\" rel=\"category tag\">MAG 21-05<\/a>","author_info_v2":{"name":"Magazine E-3","url":"https:\/\/e3mag.com\/fr\/author\/e-3-magazin\/"},"comments_num_v2":"0 commentaire","_links":{"self":[{"href":"https:\/\/e3mag.com\/fr\/wp-json\/wp\/v2\/posts\/74031","targetHints":{"allow":["GET"]}}],"collection":[{"href":"https:\/\/e3mag.com\/fr\/wp-json\/wp\/v2\/posts"}],"about":[{"href":"https:\/\/e3mag.com\/fr\/wp-json\/wp\/v2\/types\/post"}],"author":[{"embeddable":true,"href":"https:\/\/e3mag.com\/fr\/wp-json\/wp\/v2\/users\/38"}],"replies":[{"embeddable":true,"href":"https:\/\/e3mag.com\/fr\/wp-json\/wp\/v2\/comments?post=74031"}],"version-history":[{"count":0,"href":"https:\/\/e3mag.com\/fr\/wp-json\/wp\/v2\/posts\/74031\/revisions"}],"wp:attachment":[{"href":"https:\/\/e3mag.com\/fr\/wp-json\/wp\/v2\/media?parent=74031"}],"wp:term":[{"taxonomy":"category","embeddable":true,"href":"https:\/\/e3mag.com\/fr\/wp-json\/wp\/v2\/categories?post=74031"},{"taxonomy":"post_tag","embeddable":true,"href":"https:\/\/e3mag.com\/fr\/wp-json\/wp\/v2\/tags?post=74031"},{"taxonomy":"author","embeddable":true,"href":"https:\/\/e3mag.com\/fr\/wp-json\/wp\/v2\/coauthors?post=74031"}],"curies":[{"name":"wp","href":"https:\/\/api.w.org\/{rel}","templated":true}]}}