{"id":67079,"date":"2020-07-02T12:30:00","date_gmt":"2020-07-02T10:30:00","guid":{"rendered":"http:\/\/e3mag.com\/?p=67079"},"modified":"2022-05-01T09:56:19","modified_gmt":"2022-05-01T07:56:19","slug":"le-connaisseur-de-tout","status":"publish","type":"post","link":"https:\/\/e3mag.com\/fr\/der-alleskoenner\/","title":{"rendered":"L'homme \u00e0 tout faire"},"content":{"rendered":"<h4 class=\"wp-block-heading\">Monsieur Pleier, la crise actuelle a frapp\u00e9 durement l'\u00e9conomie, partout dans le monde. Quelle est, selon vous, la principale le\u00e7on \u00e0 en tirer pour l'informatique d'entreprise ?<\/h4>\n\n\n\n<p><strong>Markus Pleier : <\/strong>Cette crise et son ampleur nous ont tous pris par surprise. Pour un tel \u00e9v\u00e9nement, il n'est pas possible d'\u00e9laborer \u00e0 l'avance des plans formul\u00e9s dans les moindres d\u00e9tails, qu'il suffirait ensuite de sortir des tiroirs en cas de besoin et qui couvriraient toutes les \u00e9ventualit\u00e9s. <\/p>\n\n\n\n<p>Ce n'est tout simplement pas possible. Cependant, il est toujours possible de faire mieux. Si l'on peut tirer une le\u00e7on g\u00e9n\u00e9rale, on peut la r\u00e9sumer en un terme : La r\u00e9silience.<\/p>\n\n\n\n<h4 class=\"wp-block-heading\">J'aurais plut\u00f4t attendu le mot num\u00e9risation.<\/h4>\n\n\n\n<p><strong>Pleier : <\/strong>Une num\u00e9risation accrue est certainement l'une des r\u00e9ponses importantes et correctes \u00e0 la question de savoir comment les entreprises et les \u00e9conomies enti\u00e8res peuvent le mieux sortir de la crise et retrouver le chemin de la croissance. <\/p>\n\n\n\n<p>Mais la fragilit\u00e9 de nos structures actuelles, r\u00e9v\u00e9l\u00e9e par la crise, doit d'abord \u00eatre \u00e9limin\u00e9e. Nous avons besoin d'une nouvelle base stable sur laquelle nous pourrons construire, et sur laquelle nous pourrons ensuite poursuivre la num\u00e9risation. <\/p>\n\n\n\n<p>Mais nous devons faire attention et dissiper d'embl\u00e9e un malentendu : le terme de stabilit\u00e9 ne serait pas le bon s'il d\u00e9signait des structures rigides. C'est pourquoi je pr\u00e9f\u00e8re parler de r\u00e9silience.<\/p>\n\n\n\n<h4 class=\"wp-block-heading\">Nos structures actuelles \u00e9taient-elles trop rigides ?<\/h4>\n\n\n\n<p><strong>Pleier : <\/strong>Oui, et cela s'applique \u00e0 de nombreux domaines. Un arbre qui plie sous le vent ne se brise pas et perd tout au plus quelques branches. Les cha\u00eenes d'approvisionnement qui n'\u00e9taient pas suffisamment ramifi\u00e9es et diversifi\u00e9es au niveau r\u00e9gional sont celles qui ont le plus souffert de la crise. <\/p>\n\n\n\n<p>En effet, le brin individuel de la cha\u00eene n'\u00e9tait pas une branche ou un tronc flexible, mais une colonne de b\u00e9ton qui devait se briser en cas de secousse, entra\u00eenant l'effondrement de tout le b\u00e2timent. <\/p>\n\n\n\n<p>Nous l'avons vu en Allemagne, par exemple, avec les \u00e9quipements de protection pour le personnel m\u00e9dical. Les entreprises qui n'avaient pas les capacit\u00e9s et la flexibilit\u00e9 suffisantes pour mettre en place des postes de travail \u00e0 domicile performants ont d\u00fb faire face \u00e0 des pertes de productivit\u00e9 et \u00e0 des risques de s\u00e9curit\u00e9 accrus, car un cryptage moins efficace n\u00e9cessite moins de puissance de calcul. <\/p>\n\n\n\n<p>Ou alors, ils devaient se tourner vers le cloud public et peut-\u00eatre enfreindre des directives et des r\u00e9glementations internes ou externes.<\/p>\n\n\n\n<h4 class=\"wp-block-heading\">Qu'est-ce que les entreprises auraient pu faire diff\u00e9remment ?<\/h4>\n\n\n\n<p><strong>Pleier : <\/strong>La r\u00e9silience consiste \u00e0 r\u00e9sister aux chocs externes sans que le noyau ne se brise, alors que certaines parties peuvent tout \u00e0 fait \u00eatre temporairement affect\u00e9es, voire tomber en panne.<\/p>\n\n\n\n<p>Il s'agit donc de flexibilit\u00e9, de redondance et de r\u00e9silience, dans le sens o\u00f9 les pannes partielles ne mettent pas l'ensemble en danger et o\u00f9, en outre, le niveau de r\u00e9silience ne diminue pas. <\/p>\n\n\n\n<p>Cela signifie \u00e9galement que les composants d\u00e9faillants peuvent \u00eatre r\u00e9par\u00e9s ou remplac\u00e9s ailleurs, de pr\u00e9f\u00e9rence automatiquement. Des cha\u00eenes d'approvisionnement diversifi\u00e9es au niveau r\u00e9gional pourraient se substituer les unes aux autres, ce qui permettrait d'\u00e9viter une panne totale. <\/p>\n\n\n\n<p>Les environnements informatiques qui ne d\u00e9pendent pas de composants individuels, qui sont distribu\u00e9s et redondants, peuvent contr\u00f4ler et adapter de mani\u00e8re flexible l'allocation des ressources aux diff\u00e9rentes charges de travail, de sorte qu'ils puissent toujours remplir leur mission principale, \u00e0 savoir soutenir les priorit\u00e9s commerciales respectives. <\/p>\n\n\n\n<p>Avec la bonne infrastructure, les entreprises peuvent assurer la stabilit\u00e9 tout en restant flexibles, la r\u00e9silience et la redondance tout en restant abordables, l'extensibilit\u00e9 et l'\u00e9volutivit\u00e9 tout en \u00e9vitant de nouvelles d\u00e9pendances et vuln\u00e9rabilit\u00e9s.<\/p>\n\n\n\n<h4 class=\"wp-block-heading\">Cela semble tr\u00e8s exigeant.<\/h4>\n\n\n\n<p><strong>Pleier : <\/strong>C'est vrai. Mais je veux surtout donner du courage pour que nous tirions les bonnes le\u00e7ons dans l'informatique. En effet, crise n'est pas synonyme de chaos, d'effondrement et de r\u00e9crimination. <\/p>\n\n\n\n<p>Au sens premier du terme, la crise est un moment de d\u00e9cision, mais pas une d\u00e9cision insignifiante, occasionnelle et sans grandes cons\u00e9quences. Il s'agit plut\u00f4t d'une d\u00e9cision qui m\u00e8ne \u00e0 un avenir plus stable, qui sera \u00e0 son tour construit sur une base plus r\u00e9siliente.<\/p>\n\n\n\n<h4 class=\"wp-block-heading\">Ils exigent une r\u00e9flexion \u00e0 long terme. Or, actuellement, les entreprises ont plut\u00f4t des priorit\u00e9s \u00e0 court terme.<\/h4>\n\n\n\n<p><strong>Pleier :<\/strong> Vous avez raison. Et il doit bien s\u00fbr en \u00eatre ainsi. Mais les d\u00e9cideurs savent aussi que les priorit\u00e9s \u00e0 court terme ne doivent pas se faire au d\u00e9triment des objectifs \u00e0 long terme. <\/p>\n\n\n\n<p>\u00c0 quoi servent les \u00e9conomies de co\u00fbts \u00e0 court terme si elles sapent les fondements d'une v\u00e9ritable num\u00e9risation qui conduirait \u00e0 plus d'automatisation et \u00e0 des gains de productivit\u00e9 ? Du point de vue de l'entreprise, la meilleure fa\u00e7on d'\u00e9conomiser a toujours \u00e9t\u00e9 d'investir intelligemment.<\/p>\n\n\n\n<figure class=\"wp-block-image size-large\"><img loading=\"lazy\" decoding=\"async\" width=\"1000\" height=\"747\" title=\"L&#039;homme \u00e0 tout faire\" src=\"https:\/\/e3mag.com\/wp-content\/uploads\/2020\/07\/Dr.jpg\" alt=\"Dr. Markus Pleier\" class=\"wp-image-67080\" srcset=\"https:\/\/e3mag.com\/wp-content\/uploads\/2020\/07\/Dr.jpg 1000w, https:\/\/e3mag.com\/wp-content\/uploads\/2020\/07\/Dr-768x574.jpg 768w, https:\/\/e3mag.com\/wp-content\/uploads\/2020\/07\/Dr-100x75.jpg 100w, https:\/\/e3mag.com\/wp-content\/uploads\/2020\/07\/Dr-480x359.jpg 480w, https:\/\/e3mag.com\/wp-content\/uploads\/2020\/07\/Dr-640x478.jpg 640w, https:\/\/e3mag.com\/wp-content\/uploads\/2020\/07\/Dr-720x538.jpg 720w, https:\/\/e3mag.com\/wp-content\/uploads\/2020\/07\/Dr-960x717.jpg 960w\" sizes=\"auto, (max-width: 1000px) 100vw, 1000px\" \/><figcaption>Le Dr Markus Pleier dirige l'\u00e9quipe d'ing\u00e9nieurs Nutanix en Europe centrale et fait \u00e9galement office de Chief Technology Officer (CTO) pour la r\u00e9gion. Dipl\u00f4m\u00e9 en informatique et titulaire d'un doctorat en m\u00e9decine, il dispose de plus de 30 ans d'exp\u00e9rience dans l'industrie informatique, au cours desquels il a occup\u00e9 des postes de direction chez des fabricants de renom.<\/figcaption><\/figure>\n\n\n\n<h4 class=\"wp-block-heading\">C'est ce que les clients SAP existants avaient pr\u00e9vu de faire avec la transformation vers S\/4 ! Maintenant, ils ont report\u00e9 cet important projet de num\u00e9risation.<\/h4>\n\n\n\n<p><strong>Pleier : <\/strong>C'est tout \u00e0 fait compr\u00e9hensible. En effet, les \u00e9quipes informatiques ont actuellement d'autres pr\u00e9occupations. Apr\u00e8s tout, la transformation est un projet qui prend du temps et mobilise beaucoup de ressources humaines.<\/p>\n\n\n\n<p>Pour l'instant, la priorit\u00e9 est le t\u00e9l\u00e9travail, qui est venu pour rester en temps de crise. Parall\u00e8lement, les d\u00e9partements informatiques doivent contribuer \u00e0 la r\u00e9duction des co\u00fbts. <\/p>\n\n\n\n<p>Mais cela nous ram\u00e8ne au moment de la d\u00e9cision d\u00e9j\u00e0 \u00e9voqu\u00e9 : Ces projets et activit\u00e9s \u00e0 court terme sont-ils planifi\u00e9s et r\u00e9alis\u00e9s de mani\u00e8re \u00e0 jeter d\u00e8s aujourd'hui les bases des initiatives \u00e0 long terme qui suivront, voire \u00e0 les simplifier et \u00e0 les acc\u00e9l\u00e9rer ?<\/p>\n\n\n\n<h4 class=\"wp-block-heading\">Qu'est-ce que vous pariez ?<\/h4>\n\n\n\n<p><strong>Pleier :<\/strong> Si la crise montre une chose, c'est que l'infrastructure est importante. En p\u00e9riode de prosp\u00e9rit\u00e9, nous ne les remarquons pas, elles sont certes l\u00e0 et fonctionnent d'une mani\u00e8re ou d'une autre, mais nous n'en tenons pas vraiment compte.<\/p>\n\n\n\n<p>C'est alors l'affaire des \u00e9quipes d'infrastructure. Le fait que nous prenions conscience, au-del\u00e0 du cercle des sp\u00e9cialistes, de la configuration concr\u00e8te d'une infrastructure est la cons\u00e9quence d'une situation exceptionnelle. <\/p>\n\n\n\n<p>Pour citer un exemple positif au-del\u00e0 de l'informatique : Notre syst\u00e8me de sant\u00e9 a tenu bon. Il \u00e9tait suffisamment d\u00e9centralis\u00e9 et flexible pour augmenter encore en peu de temps le nombre d\u00e9j\u00e0 imposant de lits de soins intensifs. <\/p>\n\n\n\n<p>Le fonctionnement de l'ensemble du syst\u00e8me a ainsi pu \u00eatre maintenu \u00e0 tout moment. Dans l'ensemble, le syst\u00e8me de sant\u00e9 s'est r\u00e9v\u00e9l\u00e9 \u00e9tonnamment r\u00e9silient.<\/p>\n\n\n\n<h4 class=\"wp-block-heading\">Et comment cela s'applique-t-il maintenant \u00e0 l'informatique ?<\/h4>\n\n\n\n<p><strong>Pleier :<\/strong> Dans tout ce que les \u00e9quipes informatiques font et pr\u00e9voient \u00e0 long terme, elles doivent veiller \u00e0 ce que leur infrastructure soit r\u00e9siliente. En effet, ce n'est que si elle l'est que les priorit\u00e9s et les effets \u00e0 court terme peuvent \u00eatre maintenus en phase avec les objectifs strat\u00e9giques \u00e0 long terme. Mieux encore : elles peuvent m\u00eame les alimenter.<\/p>\n\n\n\n<h4 class=\"wp-block-heading\">Pourriez-vous pr\u00e9ciser ?<\/h4>\n\n\n\n<p><strong>Pleier : <\/strong>Avec grand plaisir. L'augmentation du nombre de postes de travail \u00e0 domicile n'est pas seulement un d\u00e9fi en termes de performances, c'est aussi une question de s\u00e9curit\u00e9. Les correctifs doivent donc \u00eatre appliqu\u00e9s le plus rapidement possible.<\/p>\n\n\n\n<p>Dans les environnements d'infrastructure traditionnels, ce n'est pas si simple. Les d\u00e9lais entre les diff\u00e9rentes mises \u00e0 jour peuvent y \u00eatre tr\u00e8s longs en raison de la multiplicit\u00e9 des d\u00e9pendances, par exemple vis-\u00e0-vis d'un pilote mat\u00e9riel sp\u00e9cifique ou de la version du syst\u00e8me d'exploitation d'une ressource de stockage, et dans de nombreux cas, trop longs pour d\u00e9jouer les attaques de plus en plus sophistiqu\u00e9es des cybercriminels. <\/p>\n\n\n\n<p>Ne serait-il pas pr\u00e9f\u00e9rable d'avoir une infrastructure qui installe automatiquement les mises \u00e0 jour de s\u00e9curit\u00e9 en appuyant sur un bouton ?<\/p>\n\n\n\n<h4 class=\"wp-block-heading\">Mais n'est-ce pas un probl\u00e8me sp\u00e9cifique qui peut \u00eatre r\u00e9solu \u00e0 court terme et qui n'a pas de cons\u00e9quences particuli\u00e8res \u00e0 long terme ?<\/h4>\n\n\n\n<p><strong>Pleier : <\/strong>Je ne veux pas dire. J'ai d\u00e9lib\u00e9r\u00e9ment choisi l'exemple des mises \u00e0 jour parce qu'il s'agit d'un chantier permanent pour les \u00e9quipes SAP. Bien s\u00fbr, il est possible de mettre en place assez rapidement une infrastructure de t\u00e9l\u00e9travail, sans connexion \u00e0 l'environnement SAP et probablement par d'autres \u00e9quipes que celles en charge des applications et bases de donn\u00e9es SAP. <\/p>\n\n\n\n<p>Mais voici le moment de prendre une d\u00e9cision : Ne serait-ce pas le moment de mettre en place une infrastructure qui r\u00e9soudrait non seulement le probl\u00e8me des mises \u00e0 jour pour le bureau \u00e0 domicile, mais aussi pour l'environnement SAP central ? <\/p>\n\n\n\n<p>Peut-\u00eatre m\u00eame une infrastructure commune pour les charges de travail les plus diverses, y compris SAP ? Une qui fonctionne aussi bien pour les environnements SAP-NetWeaver et AnyDB que pour les environnements SAP-Hana ?<\/p>\n\n\n\n<h4 class=\"wp-block-heading\">Cela ressemble un peu \u00e0 une solution miracle ...<\/h4>\n\n\n\n<p><strong>Pleier :<\/strong> Vous n'avez pas tort. Mais n'oubliez pas que dans le domaine des infrastructures, une r\u00e9volution a d\u00e9j\u00e0 eu lieu il y a des ann\u00e9es. <\/p>\n\n\n\n<p>Depuis lors, l'infrastructure est devenue un logiciel, le lien direct avec le mat\u00e9riel a \u00e9t\u00e9 coup\u00e9, cr\u00e9ant ainsi deux couches distinctes et fusionnant les diff\u00e9rents composants de l'infrastructure tels que la puissance de calcul, la m\u00e9moire, le r\u00e9seau et l'hyperviseur en fonctionnalit\u00e9s d'une seule et m\u00eame plateforme logicielle. <\/p>\n\n\n\n<p>Jusqu'\u00e0 pr\u00e9sent, beaucoup d'entreprises et d'\u00e9quipes informatiques ne l'ont pas vraiment remarqu\u00e9, car la r\u00e9volution s'est produite dans les centres de donn\u00e9es des fournisseurs de cloud.<\/p>\n\n\n\n<h4 class=\"wp-block-heading\">Le cloud public n'est-il pas alors la composante r\u00e9siliente du mix d'infrastructures ?<\/h4>\n\n\n\n<p><strong>Pleier :<\/strong> Les hyperscaleurs ont certainement beaucoup aid\u00e9 de nombreuses entreprises \u00e0 surmonter les goulots d'\u00e9tranglement internes pendant la crise actuelle. L'effet \u00e0 court terme est certainement extr\u00eamement positif. <\/p>\n\n\n\n<p>Mais \u00e0 long terme, cela cr\u00e9e de nouvelles complexit\u00e9s et d\u00e9pendances. Des piles technologiques diff\u00e9rentes et incompatibles n\u00e9cessitent davantage de connaissances sp\u00e9cialis\u00e9es et de coordination, et entra\u00eenent donc une plus grande complexit\u00e9 et de nouvelles d\u00e9pendances. <\/p>\n\n\n\n<p>De nouveaux points faibles apparaissent et mettent en p\u00e9ril le fonctionnement de l'ensemble du syst\u00e8me. Il suffit de penser \u00e0 ce qui se passerait si un c\u00e2ble de donn\u00e9es \u00e9tait accidentellement coup\u00e9. Je n'appelle pas cela de la r\u00e9silience.<\/p>\n\n\n\n<h4 class=\"wp-block-heading\">Quelle serait l'alternative ?<\/h4>\n\n\n\n<p><strong>Pleier :<\/strong> La r\u00e9ponse est \u00e9vidente : faites venir le cloud dans votre centre de donn\u00e9es ! Cela est possible gr\u00e2ce \u00e0 un logiciel d'infrastructure compl\u00e8tement ind\u00e9pendant du mat\u00e9riel sous-jacent, qui peut \u00eatre g\u00e9r\u00e9 de mani\u00e8re centralis\u00e9e et qui ex\u00e9cute automatiquement toutes les t\u00e2ches administratives en appuyant sur un bouton. <\/p>\n\n\n\n<p>Elle est enti\u00e8rement virtualis\u00e9e et redondante. Si un composant mat\u00e9riel ou une machine virtuelle tombe en panne, il n'y a pas d'interruption au niveau de l'application ni de perte de donn\u00e9es. <\/p>\n\n\n\n<p>Sur une telle plate-forme logicielle, il est alors possible d'exploiter les charges de travail les plus diverses : applications SAP, middleware NetWeaver, bases de donn\u00e9es de diff\u00e9rents fabricants, y compris Sybase, Microsoft SQL Server, DB2, PostgreSQL, MySQL et Oracle, et bien s\u00fbr Hana, environnements de test, de d\u00e9veloppement, d'assurance qualit\u00e9 et de production pour SAP, VDI, applications tierces, etc.<\/p>\n\n\n\n<h4 class=\"wp-block-heading\">Du point de vue des \u00e9quipes SAP, cela va toutefois \u00e0 l'encontre de la pure doctrine. Beaucoup pourraient \u00e9galement douter qu'un syst\u00e8me de production SAP fonctionne de mani\u00e8re suffisamment performante dans un environnement virtualis\u00e9.<\/h4>\n\n\n\n<p><strong>Pleier :<\/strong> Nous connaissons ces pr\u00e9occupations, mais elles sont infond\u00e9es. En gardant les donn\u00e9es auxquelles on acc\u00e8de via une machine virtuelle \u00e0 proximit\u00e9 imm\u00e9diate de celle-ci, et en plus dans la m\u00e9moire, on minimise le trafic r\u00e9seau. Le bare metal n'est probablement pas plus rapide. <\/p>\n\n\n\n<p>C'est ce que nous appelons la localit\u00e9 des donn\u00e9es, et ce n'est qu'un des principes int\u00e9gr\u00e9s dans notre logiciel d'infrastructure hyperconverg\u00e9 (voir l'article de Bas Raayman \u00e0 la page 46). Notre plate-forme logicielle est accompagn\u00e9e de son propre hyperviseur. <\/p>\n\n\n\n<p>AHV est inclus dans nos licences et abonnements sans frais suppl\u00e9mentaires et est certifi\u00e9 par SAP pour les environnements SAP bas\u00e9s sur NetWeaver et Hana. Les clients peuvent \u00eatre s\u00fbrs que leur Suite 7, mais aussi S\/4, fonctionneront sans probl\u00e8me sur Nutanix. En outre, cela permet d'\u00e9conomiser des co\u00fbts de licence en masse.<\/p>\n\n\n\n<h4 class=\"wp-block-heading\">Mais outre la performance et la s\u00e9curit\u00e9 contre les pannes, le cloud a encore d'autres avantages \u00e0 offrir. Qu'en est-il ?<\/h4>\n\n\n\n<p><strong>Pleier : <\/strong>Commen\u00e7ons par la question de l'\u00e9volutivit\u00e9. Notre logiciel pr\u00e9voit les besoins en ressources et donne l'alerte en cas de risque de goulots d'\u00e9tranglement. Il est alors facile d'ajouter des n\u0153uds, c'est-\u00e0-dire des combinaisons de m\u00e9moire, d'unit\u00e9 centrale et de r\u00e9seau. <\/p>\n\n\n\n<p>Pour le mat\u00e9riel n\u00e9cessaire, nous soutenons un tr\u00e8s large choix de fabricants. Il s'agit notamment de Dell EMC, Lenovo, Cisco, HPE et Fujitsu. En outre, nous proposons \u00e9galement les n\u0153uds sous forme d'abonnement, de sorte qu'aucun investissement pr\u00e9alable n'est n\u00e9cessaire. <\/p>\n\n\n\n<p>Ainsi, l'effort financier peut \u00eatre d\u00e9plac\u00e9 des co\u00fbts de capital vers les co\u00fbts d'exploitation. C'est \u00e9galement une pratique courante dans le cloud. Enfin, nous proposons de nombreuses connexions transparentes avec des hyperscalers, si les pics de charge ne peuvent \u00eatre amortis qu'\u00e0 l'aide de ressources externes. <\/p>\n\n\n\n<p>Il s'agit d'une v\u00e9ritable approche hybride qui abolit les fronti\u00e8res entre les piles technologiques et les rend invisibles pour l'informatique, car toutes les adaptations n\u00e9cessaires, par exemple lors du transfert d'une charge de travail de son propre centre de donn\u00e9es vers le cloud public, AWS, GCP ou Microsoft Azure, sont effectu\u00e9es de mani\u00e8re automatis\u00e9e par notre logiciel.<\/p>\n\n\n\n<h4 class=\"wp-block-heading\">Cela n'entra\u00eene-t-il pas de nouvelles d\u00e9pendances, cette fois vis-\u00e0-vis de votre logiciel ?<\/h4>\n\n\n\n<p><strong>Pleier : <\/strong>Il y a une diff\u00e9rence entre utilisation et d\u00e9pendance. Ni le mat\u00e9riel sous-jacent ni les charges de travail ne sont c\u00e2bl\u00e9s en permanence avec nos logiciels.<\/p>\n\n\n\n<p>Vous pouvez \u00e0 tout moment porter votre environnement sur d'autres plates-formes. Nos clients ont non seulement un plus grand degr\u00e9 de libert\u00e9 dans le choix du mat\u00e9riel, mais aussi dans le choix de leur hyperviseur et de leur cloud public. <\/p>\n\n\n\n<p>En outre, les licences et les abonnements que les clients ach\u00e8tent chez nous sont \u00e9galement portables, c'est-\u00e0-dire qu'ils peuvent passer de leur propre centre de donn\u00e9es au cloud et inversement. Nous offrons ces degr\u00e9s de libert\u00e9 et de choix tant que les clients utilisent nos logiciels.<\/p>\n\n\n\n<h4 class=\"wp-block-heading\">Revenons \u00e0 l'aspect du court terme par rapport au long terme. Que propose votre logiciel aux clients existants de SAP \u00e0 cet \u00e9gard ?<\/h4>\n\n\n\n<p><strong>Pleier : <\/strong>Gr\u00e2ce \u00e0 notre plateforme logicielle, les entreprises peuvent mettre en place des espaces de travail num\u00e9riques en grand nombre, de la commande au d\u00e9ploiement en quelques jours.<\/p>\n\n\n\n<p>Mais il est \u00e9galement possible d'exploiter une base de donn\u00e9es Hana, un environnement NetWeaver ou SAP Business Suite et S\/4 sur la m\u00eame plateforme. Pour tous ces environnements, notre plateforme est certifi\u00e9e par SAP. <\/p>\n\n\n\n<p>Mais le plus important, c'est l'automatisation des t\u00e2ches administratives et le soutien du concept DevOps. C'est ce qui compte le plus \u00e0 long terme.<\/p>\n\n\n\n<h4 class=\"wp-block-heading\">Pourquoi est-ce si important ?<\/h4>\n\n\n\n<p><strong>Pleier : <\/strong>Si l'on veut que la num\u00e9risation r\u00e9ussisse, l'informatique doit devenir plus agile. Le principe \"never touch a running system\" ne pourra alors plus s'appliquer et il faudra mettre fin \u00e0 la perte de temps li\u00e9e aux t\u00e2ches routini\u00e8res. <\/p>\n\n\n\n<p>Les entreprises se restructurent, ach\u00e8tent et vendent pour r\u00e9agir \u00e0 la crise actuelle, mais aussi aux innovations technologiques et \u00e0 la concurrence des start-ups qui en d\u00e9coule. <\/p>\n\n\n\n<p>Il n'est donc pas acceptable qu'il faille des semaines ou des mois pour mettre en place l'infrastructure n\u00e9cessaire \u00e0 l'int\u00e9gration de l'environnement applicatif des entreprises rachet\u00e9es ou \u00e0 la mise \u00e0 disposition de nouveaux environnements de bases de donn\u00e9es. Les d\u00e9veloppeurs ne doivent plus \u00eatre g\u00ean\u00e9s dans leur travail et leur productivit\u00e9 parce que l'\u00e9quipe d'exploitation ne suit pas.<\/p>\n\n\n\n<p>Notre plate-forme permet par exemple de cr\u00e9er des blueprints pour les environnements de d\u00e9veloppement et de test SAP. Les d\u00e9veloppeurs peuvent ensuite cliquer sur un tel blueprint dans un mod\u00e8le en libre-service et l'environnement est pr\u00eat en quelques secondes ou minutes. <\/p>\n\n\n\n<p>En outre, les donn\u00e9es du syst\u00e8me de production peuvent \u00eatre clon\u00e9es en quelques minutes \u00e0 des fins de test. Cela augmente la fiabilit\u00e9 des r\u00e9sultats de test de plusieurs ordres de grandeur. Cela peut d\u00e9clencher un saut quantique en termes de productivit\u00e9.<\/p>\n\n\n\n<h4 class=\"wp-block-heading\">Mais de nombreux clients SAP existants sont tout \u00e0 fait satisfaits de leurs environnements actuels. Pourquoi devraient-ils les porter sur votre plate-forme ?<\/h4>\n\n\n\n<p><strong>Pleier : <\/strong>Pour deux raisons. D'une part, ils b\u00e9n\u00e9ficient d'une plus grande agilit\u00e9 et d'une meilleure productivit\u00e9 gr\u00e2ce \u00e0 une automatisation accrue. D'autre part, ils r\u00e9duisent leur co\u00fbt total de possession. <\/p>\n\n\n\n<p>Ils peuvent \u00e9conomiser sur les licences, l'\u00e9lectricit\u00e9 et le refroidissement, l'espace et les frais d'administration ; globalement, les co\u00fbts d'infrastructure sont r\u00e9duits jusqu'\u00e0 60% selon une \u00e9tude.<\/p>\n\n\n\n<p>En outre, les clients peuvent, en appuyant sur un bouton, mettre \u00e0 disposition un paysage SAP complet avec des syst\u00e8mes de d\u00e9veloppement, de test, d'assurance qualit\u00e9 et de production pour une nouvelle unit\u00e9 commerciale ou une filiale achet\u00e9e. <\/p>\n\n\n\n<p>Vous pouvez migrer plus rapidement des bases de donn\u00e9es existantes vers SAP Hana. Vous pouvez consolider et harmoniser plus facilement les paysages existants en pr\u00e9vision de la grande transformation vers S\/4. <\/p>\n\n\n\n<p>En outre, ils peuvent mettre en place des mises \u00e0 jour en appuyant sur un bouton, sans avoir \u00e0 se pr\u00e9occuper des d\u00e9pendances au niveau de l'infrastructure ou \u00e0 sacrifier des week-ends pour des arr\u00eats de syst\u00e8me planifi\u00e9s. <\/p>\n\n\n\n<p>De plus, nous proposons un bouton \"retour\" si quelque chose ne fonctionne pas comme souhait\u00e9 ou pr\u00e9vu.<\/p>\n\n\n\n<h4 class=\"wp-block-heading\">N'est-ce pas justement \u00e0 cause de ces simplifications que vous provoquez la r\u00e9sistance de nombreux sp\u00e9cialistes ?<\/h4>\n\n\n\n<p><strong>Pleier : <\/strong>Bien s\u00fbr, nous devons toujours faire un travail de persuasion aupr\u00e8s des clients. Oui, nous rendons moins d\u00e9pendants des connaissances sp\u00e9ciales et des sp\u00e9cialistes, mais nous ne d\u00e9valorisons pas leurs comp\u00e9tences et leur savoir-faire. <\/p>\n\n\n\n<p>En effet, tout ce que fait notre logiciel peut \u00eatre contr\u00f4l\u00e9 par des lignes de commande et visualis\u00e9 au niveau du code. Les \u00e9quipes informatiques ne perdent donc jamais le contr\u00f4le ou doivent faire confiance \u00e0 une sorte de bo\u00eete noire. <\/p>\n\n\n\n<p>Mais nous simplifions radicalement le travail quotidien, m\u00eame pour les non-sp\u00e9cialistes. Nous augmentons ainsi la r\u00e9silience de l'ensemble de l'informatique. Si un sp\u00e9cialiste de tel ou tel mat\u00e9riel ou de telle ou telle base de donn\u00e9es est en vacances ou malade, notre plate-forme ne provoque pas de pannes douloureuses. Mais l'argument de la r\u00e9silience ne s'arr\u00eate pas l\u00e0.<\/p>\n\n\n\n<h4 class=\"wp-block-heading\">Mais alors ?<\/h4>\n\n\n\n<p><strong>Pleier :<\/strong> Ne pensons pas \u00e0 court terme, mais \u00e0 moyen et long terme. Au cours des dix prochaines ann\u00e9es, une grande partie des baby-boomers partira \u00e0 la retraite. Il sera difficile, voire impossible, de remplacer tous les postes qui se lib\u00e8rent par de jeunes coll\u00e8gues.<\/p>\n\n\n\n<p>En outre, nous avons besoin de nos professionnels de l'informatique, aujourd'hui et \u00e0 l'avenir, surtout pour le d\u00e9veloppement et le suivi des applications. Nous ne pouvons faire face au changement d\u00e9mographique qu'en augmentant la productivit\u00e9 et les contributions \u00e0 la valeur ajout\u00e9e de la g\u00e9n\u00e9ration montante, si nous voulons maintenir les perspectives de croissance des entreprises \u00e0 long terme et assurer notre prosp\u00e9rit\u00e9 globale. Nos logiciels peuvent \u00e9galement y contribuer.<\/p>\n\n\n\n<p>Merci beaucoup pour cet entretien.<\/p>\n\n\n\n<figure class=\"wp-block-image size-large\"><a href=\"https:\/\/e3mag.com\/wp-content\/uploads\/2020\/07\/E-3-Magazin-2007-Nutanix-Coverstory.pdf\"><img loading=\"lazy\" decoding=\"async\" width=\"1000\" height=\"125\" title=\"L&#039;homme \u00e0 tout faire\" src=\"https:\/\/e3mag.com\/wp-content\/uploads\/2018\/04\/Download-Coverstory.jpg\" alt=\"T\u00e9l\u00e9charger l&#039;article de couverture\" class=\"wp-image-37442\" srcset=\"https:\/\/e3mag.com\/wp-content\/uploads\/2018\/04\/Download-Coverstory.jpg 1000w, https:\/\/e3mag.com\/wp-content\/uploads\/2018\/04\/Download-Coverstory-768x96.jpg 768w, https:\/\/e3mag.com\/wp-content\/uploads\/2018\/04\/Download-Coverstory-100x13.jpg 100w, https:\/\/e3mag.com\/wp-content\/uploads\/2018\/04\/Download-Coverstory-480x60.jpg 480w, https:\/\/e3mag.com\/wp-content\/uploads\/2018\/04\/Download-Coverstory-640x80.jpg 640w, https:\/\/e3mag.com\/wp-content\/uploads\/2018\/04\/Download-Coverstory-720x90.jpg 720w, https:\/\/e3mag.com\/wp-content\/uploads\/2018\/04\/Download-Coverstory-960x120.jpg 960w\" sizes=\"auto, (max-width: 1000px) 100vw, 1000px\" \/><\/a><\/figure>","protected":false},"excerpt":{"rendered":"<p>E-3 Entretien exclusif avec le Dr Markus Pleier, directeur de l'ing\u00e9nierie des syst\u00e8mes chez Nutanix.<\/p>\n<p>Nutanix est arriv\u00e9 avec l'ambition de r\u00e9volutionner la vision de l'architecture informatique et de moderniser l'infrastructure informatique op\u00e9rationnelle. Cette automatisation et cette harmonisation apportent au client SAP existant des degr\u00e9s de libert\u00e9 tout \u00e0 fait nouveaux, complets et durables.<\/p>","protected":false},"author":38,"featured_media":67081,"comment_status":"open","ping_status":"closed","sticky":false,"template":"","format":"standard","meta":{"_acf_changed":false,"pmpro_default_level":"","footnotes":""},"categories":[37839,37840],"tags":[39,601,369,721,31],"coauthors":[19920],"class_list":["post-67079","post","type-post","status-publish","format-standard","has-post-thumbnail","hentry","category-coverstory-2007","category-mag-2007","tag-cloud","tag-digitalisierung","tag-it","tag-nutanix","tag-wirtschaft","pmpro-has-access"],"acf":[],"featured_image_urls_v2":{"full":["https:\/\/e3mag.com\/wp-content\/uploads\/2020\/07\/shutterstock_1200929011.jpg",1000,450,false],"thumbnail":["https:\/\/e3mag.com\/wp-content\/uploads\/2020\/07\/shutterstock_1200929011-150x150.jpg",150,150,true],"medium":["https:\/\/e3mag.com\/wp-content\/uploads\/2020\/07\/shutterstock_1200929011.jpg",400,180,false],"medium_large":["https:\/\/e3mag.com\/wp-content\/uploads\/2020\/07\/shutterstock_1200929011-768x346.jpg",768,346,true],"large":["https:\/\/e3mag.com\/wp-content\/uploads\/2020\/07\/shutterstock_1200929011.jpg",1000,450,false],"image-100":["https:\/\/e3mag.com\/wp-content\/uploads\/2020\/07\/shutterstock_1200929011-100x45.jpg",100,45,true],"image-480":["https:\/\/e3mag.com\/wp-content\/uploads\/2020\/07\/shutterstock_1200929011-480x216.jpg",480,216,true],"image-640":["https:\/\/e3mag.com\/wp-content\/uploads\/2020\/07\/shutterstock_1200929011-640x288.jpg",640,288,true],"image-720":["https:\/\/e3mag.com\/wp-content\/uploads\/2020\/07\/shutterstock_1200929011-720x324.jpg",720,324,true],"image-960":["https:\/\/e3mag.com\/wp-content\/uploads\/2020\/07\/shutterstock_1200929011-960x432.jpg",960,432,true],"image-1168":["https:\/\/e3mag.com\/wp-content\/uploads\/2020\/07\/shutterstock_1200929011.jpg",1000,450,false],"image-1440":["https:\/\/e3mag.com\/wp-content\/uploads\/2020\/07\/shutterstock_1200929011.jpg",1000,450,false],"image-1920":["https:\/\/e3mag.com\/wp-content\/uploads\/2020\/07\/shutterstock_1200929011.jpg",1000,450,false],"1536x1536":["https:\/\/e3mag.com\/wp-content\/uploads\/2020\/07\/shutterstock_1200929011.jpg",1000,450,false],"2048x2048":["https:\/\/e3mag.com\/wp-content\/uploads\/2020\/07\/shutterstock_1200929011.jpg",1000,450,false],"trp-custom-language-flag":["https:\/\/e3mag.com\/wp-content\/uploads\/2020\/07\/shutterstock_1200929011.jpg",18,8,false],"bricks_large_16x9":["https:\/\/e3mag.com\/wp-content\/uploads\/2020\/07\/shutterstock_1200929011.jpg",1000,450,false],"bricks_large":["https:\/\/e3mag.com\/wp-content\/uploads\/2020\/07\/shutterstock_1200929011.jpg",1000,450,false],"bricks_large_square":["https:\/\/e3mag.com\/wp-content\/uploads\/2020\/07\/shutterstock_1200929011.jpg",1000,450,false],"bricks_medium":["https:\/\/e3mag.com\/wp-content\/uploads\/2020\/07\/shutterstock_1200929011.jpg",600,270,false],"bricks_medium_square":["https:\/\/e3mag.com\/wp-content\/uploads\/2020\/07\/shutterstock_1200929011.jpg",600,270,false],"profile_24":["https:\/\/e3mag.com\/wp-content\/uploads\/2020\/07\/shutterstock_1200929011-24x24.jpg",24,24,true],"profile_48":["https:\/\/e3mag.com\/wp-content\/uploads\/2020\/07\/shutterstock_1200929011-48x48.jpg",48,48,true],"profile_96":["https:\/\/e3mag.com\/wp-content\/uploads\/2020\/07\/shutterstock_1200929011-96x96.jpg",96,96,true],"profile_150":["https:\/\/e3mag.com\/wp-content\/uploads\/2020\/07\/shutterstock_1200929011-150x150.jpg",150,150,true],"profile_300":["https:\/\/e3mag.com\/wp-content\/uploads\/2020\/07\/shutterstock_1200929011-300x300.jpg",300,300,true]},"post_excerpt_stackable_v2":"<p>E-3 Exklusivinterview mit Dr. Markus Pleier, Director Systems Engineering bei Nutanix.<\/p>\n<p>Nutanix ist mit dem Anspruch angetreten, die Sichtweise auf die IT-Architektur zu revolutionieren und die operative IT-Infrastruktur zu modernisieren. Diese Automatisierung und Harmonisierung bringt dem SAP-Bestandskunden ganz neue, umfassende und nachhaltige Freiheitsgrade.<\/p>\n","category_list_v2":"<a href=\"https:\/\/e3mag.com\/fr\/category\/coverstorys\/coverstory-2007\/\" rel=\"category tag\">Coverstory 20-07<\/a>, <a href=\"https:\/\/e3mag.com\/fr\/category\/mag-2007\/\" rel=\"category tag\">MAG 20-07<\/a>","author_info_v2":{"name":"Magazine E-3","url":"https:\/\/e3mag.com\/fr\/author\/e-3-magazin\/"},"comments_num_v2":"0 commentaire","_links":{"self":[{"href":"https:\/\/e3mag.com\/fr\/wp-json\/wp\/v2\/posts\/67079","targetHints":{"allow":["GET"]}}],"collection":[{"href":"https:\/\/e3mag.com\/fr\/wp-json\/wp\/v2\/posts"}],"about":[{"href":"https:\/\/e3mag.com\/fr\/wp-json\/wp\/v2\/types\/post"}],"author":[{"embeddable":true,"href":"https:\/\/e3mag.com\/fr\/wp-json\/wp\/v2\/users\/38"}],"replies":[{"embeddable":true,"href":"https:\/\/e3mag.com\/fr\/wp-json\/wp\/v2\/comments?post=67079"}],"version-history":[{"count":0,"href":"https:\/\/e3mag.com\/fr\/wp-json\/wp\/v2\/posts\/67079\/revisions"}],"wp:featuredmedia":[{"embeddable":true,"href":"https:\/\/e3mag.com\/fr\/wp-json\/wp\/v2\/media\/67081"}],"wp:attachment":[{"href":"https:\/\/e3mag.com\/fr\/wp-json\/wp\/v2\/media?parent=67079"}],"wp:term":[{"taxonomy":"category","embeddable":true,"href":"https:\/\/e3mag.com\/fr\/wp-json\/wp\/v2\/categories?post=67079"},{"taxonomy":"post_tag","embeddable":true,"href":"https:\/\/e3mag.com\/fr\/wp-json\/wp\/v2\/tags?post=67079"},{"taxonomy":"author","embeddable":true,"href":"https:\/\/e3mag.com\/fr\/wp-json\/wp\/v2\/coauthors?post=67079"}],"curies":[{"name":"wp","href":"https:\/\/api.w.org\/{rel}","templated":true}]}}