{"id":62532,"date":"2019-09-19T14:37:30","date_gmt":"2019-09-19T12:37:30","guid":{"rendered":"http:\/\/e3mag.com\/?p=62532"},"modified":"2020-02-08T16:20:59","modified_gmt":"2020-02-08T15:20:59","slug":"et-pourtant-elle-bouge","status":"publish","type":"post","link":"https:\/\/e3mag.com\/fr\/und-sie-bewegt-sich-doch\/","title":{"rendered":"Et pourtant, elle bouge !"},"content":{"rendered":"<p>Galil\u00e9e a vu le soleil au centre et a dit avec d\u00e9fi : <em>\"Et pourtant elle bouge\".<\/em> Il parlait de la Terre - voil\u00e0 pour l'anecdote, sans pr\u00e9tention \u00e0 la validit\u00e9 historique.<\/p>\n<p>Ce qui a \u00e9t\u00e9 reconnu cette semaine lors du congr\u00e8s annuel de DSAG n'est pas une anecdote, mais une r\u00e9alit\u00e9 am\u00e8re pour les clients existants de SAP : En raison de la planification actuelle, il ne pourra pas y avoir de Business Suite sur Hana, donc SoH, \u00e0 partir de 2025 ! Que s'est-il pass\u00e9 ?<\/p>\n<p>Dans la note de service SAP 1648480 (le document PDF est disponible dans le magazine E-3), la fin du support pour la pile Abap de NetWeaver 7.5 est indiqu\u00e9e pour 2025. Pour la pile Java du NW 7.5, la fin suit d\u00e9j\u00e0 en 2024 - bonjour \u00e0 Oracle et Larry Ellison.<\/p>\n<p>La mauvaise nouvelle : SAP Business Suite 7 a par nature besoin de NetWeaver comme \"syst\u00e8me d'ex\u00e9cution\". La bonne nouvelle : dans la note de service SAP, seul le syst\u00e8me que nous connaissons aujourd'hui est annul\u00e9. Il est possible que SAP poursuive la pile d'abaques NetWeaver avec des frais de maintenance plus \u00e9lev\u00e9s ou qu'il y ait une \"extended Maintenance\".<\/p>\n<p>Il pourrait \u00e9galement y avoir des alternatives pour le Java d'Oracle et donc des remplacements pour la pile Java NetWeaver-Oracle. Mais ce qui ne peut certainement pas fonctionner, c'est la d\u00e9claration du chef de DSAG, Marco Lenck :<\/p>\n<p><em>\"M\u00eame apr\u00e8s 2025, la Business Suite continuera \u00e0 fonctionner avec NetWeaver 7.5\".<\/em><\/p>\n<p>D'un point de vue technique, il a bien s\u00fbr raison, car le 1er janvier 2026, l'essentiel de NetWeaver 7.5 ne s'\u00e9vaporera pas. Mais ce que Lenck ne voit pas : Pour les clients SAP existants, un syst\u00e8me op\u00e9rationnel n'est que la moiti\u00e9 de la bataille.<\/p>\n<p>Les utilisateurs SoH ont \u00e9galement besoin de s\u00e9curit\u00e9 juridique concernant leurs licences, la maintenance, le support et les changements l\u00e9gaux, etc. La note de service SAP a pour l'instant coup\u00e9 court \u00e0 tout cela, m\u00eame si, comme l'a dit Marco Lenck lors de la conf\u00e9rence de presse de la DSAG, les syst\u00e8mes continuent naturellement \u00e0 \u00e9voluer d'un point de vue purement technique.<\/p>","protected":false},"excerpt":{"rendered":"<p>Cette c\u00e9l\u00e8bre phrase est attribu\u00e9e au math\u00e9maticien et astronome Galileo Galilei (1564-1642). Il s'agissait d'une dispute avec l'\u00c9glise catholique pour savoir si le soleil se d\u00e9pla\u00e7ait autour de la Terre (syst\u00e8me g\u00e9ocentrique) ou inversement (vision h\u00e9liocentrique du monde).<\/p>","protected":false},"author":2,"featured_media":0,"comment_status":"open","ping_status":"closed","sticky":false,"template":"","format":"standard","meta":{"_acf_changed":false,"pmpro_default_level":"","footnotes":""},"categories":[27840],"tags":[453,65,722,198,513],"coauthors":[27825],"class_list":["post-62532","post","type-post","status-publish","format-standard","hentry","category-chefredakteur-blog","tag-abap","tag-hana","tag-netweaver","tag-oracle","tag-soh","pmpro-has-access"],"acf":[],"featured_image_urls_v2":{"full":"","thumbnail":"","medium":"","medium_large":"","large":"","image-100":"","image-480":"","image-640":"","image-720":"","image-960":"","image-1168":"","image-1440":"","image-1920":"","1536x1536":"","2048x2048":"","trp-custom-language-flag":"","bricks_large_16x9":"","bricks_large":"","bricks_large_square":"","bricks_medium":"","bricks_medium_square":"","profile_24":"","profile_48":"","profile_96":"","profile_150":"","profile_300":""},"post_excerpt_stackable_v2":"<p>Dieser ber\u00fchmte Satz wird dem Mathematiker und Astronomen Galileo Galilei (1564\u20131642) zugeschrieben. Es ging um den Streit mit der katholischen Kirche, ob sich nun die Sonne um die Erde (geozentrisches System) oder umgekehrt (heliozentrisches Weltbild) bewegt.<\/p>\n","category_list_v2":"<a href=\"https:\/\/e3mag.com\/fr\/category\/chefredakteur-blog\/\" rel=\"category tag\">Chefredakteur-Blog<\/a>","author_info_v2":{"name":"Peter M. F\u00e4rbinger, E3 Magazine","url":"https:\/\/e3mag.com\/fr\/author\/peter-m-faerbinger-e-3-magazin\/"},"comments_num_v2":"0 commentaire","_links":{"self":[{"href":"https:\/\/e3mag.com\/fr\/wp-json\/wp\/v2\/posts\/62532","targetHints":{"allow":["GET"]}}],"collection":[{"href":"https:\/\/e3mag.com\/fr\/wp-json\/wp\/v2\/posts"}],"about":[{"href":"https:\/\/e3mag.com\/fr\/wp-json\/wp\/v2\/types\/post"}],"author":[{"embeddable":true,"href":"https:\/\/e3mag.com\/fr\/wp-json\/wp\/v2\/users\/2"}],"replies":[{"embeddable":true,"href":"https:\/\/e3mag.com\/fr\/wp-json\/wp\/v2\/comments?post=62532"}],"version-history":[{"count":0,"href":"https:\/\/e3mag.com\/fr\/wp-json\/wp\/v2\/posts\/62532\/revisions"}],"wp:attachment":[{"href":"https:\/\/e3mag.com\/fr\/wp-json\/wp\/v2\/media?parent=62532"}],"wp:term":[{"taxonomy":"category","embeddable":true,"href":"https:\/\/e3mag.com\/fr\/wp-json\/wp\/v2\/categories?post=62532"},{"taxonomy":"post_tag","embeddable":true,"href":"https:\/\/e3mag.com\/fr\/wp-json\/wp\/v2\/tags?post=62532"},{"taxonomy":"author","embeddable":true,"href":"https:\/\/e3mag.com\/fr\/wp-json\/wp\/v2\/coauthors?post=62532"}],"curies":[{"name":"wp","href":"https:\/\/api.w.org\/{rel}","templated":true}]}}