{"id":307,"date":"2013-09-20T09:03:06","date_gmt":"2013-09-20T07:03:06","guid":{"rendered":"http:\/\/e3mag.com\/?p=307"},"modified":"2019-04-01T10:52:17","modified_gmt":"2019-04-01T08:52:17","slug":"lheritage-europeen-de-sap","status":"publish","type":"post","link":"https:\/\/e3mag.com\/fr\/das-europaeische-erbe-von-sap\/","title":{"rendered":"L'h\u00e9ritage europ\u00e9en de SAP"},"content":{"rendered":"<p>Le site <span id=\"urn:local-text-annotation-p5ahmq60hbmqs6kw5aew4vgi4zyex0cs\" class=\"textannotation disambiguated wl-organization\">SAP<\/span> a annonc\u00e9 fin juillet de cette ann\u00e9e que <span id=\"urn:local-text-annotation-udg9y1oaineh7aadyybeumev6z5z1pnr\" class=\"textannotation disambiguated wl-person\">Jim Hagemann Snabe<\/span> comme Co-<span id=\"urn:local-text-annotation-su4uz79lc6ivp8y5qr32vrm1chr4z6xw\" class=\"textannotation disambiguated wl-thing\">PDG<\/span> d\u00e9missionnera avec effet en mai 2014, ce qui <span id=\"urn:local-text-annotation-nxbuhh7fimehtgmyrbrl75jrqnbj88do\" class=\"textannotation disambiguated wl-person\">Bill McDermott<\/span> prendra seul la direction de l'entreprise.<\/p>\n<p>Apr\u00e8s sa d\u00e9mission, Snabe veut se concentrer sur les <span id=\"urn:local-text-annotation-6u6ayk9o10hdyzyzxq8wisubcdzaslvw\" class=\"textannotation disambiguated wl-organization\">SAP<\/span>-<span id=\"urn:local-text-annotation-72h2zc916i2id6tww0ahy8f25fu2z1xj\" class=\"textannotation disambiguated wl-thing\">Conseil de surveillance<\/span> de se faire \u00e9lire. Ceci est significatif dans la mesure o\u00f9 les <span id=\"urn:local-text-annotation-0k3mtwml3fiuitrcf7ndg595kx3q8en8\" class=\"textannotation disambiguated wl-organization\">SAP<\/span> pour la premi\u00e8re fois de son histoire, n'a pas \u00e9t\u00e9 <span id=\"urn:local-text-annotation-3bycyogzhqajswwjc22stgmbbiollmzt\" class=\"textannotation disambiguated wl-thing\">PDG<\/span> ou Co-<span id=\"urn:local-text-annotation-bqymffrib8pxsb2w1uo9xahcpe5p9tsg\" class=\"textannotation disambiguated wl-thing\">PDG<\/span> d'origine europ\u00e9enne.<\/p>\n<p>Lors du point de presse et du briefing pour les analystes sur le changement de direction, le pr\u00e9sident de l'association a jou\u00e9 un r\u00f4le important. <span id=\"urn:local-text-annotation-n7ia95ccv5k79t5n18p9nu5iec1yuc1e\" class=\"textannotation disambiguated wl-organization\">SAP<\/span> l'orientation croissante vers les \u00c9tats-Unis dans <span id=\"urn:local-text-annotation-nrp24shzgxqye0z3km8n9wizyosc59yx\" class=\"textannotation disambiguated wl-organization\">SAP<\/span>-et a clairement fait savoir que <span id=\"urn:local-text-annotation-4t25lavy3lvmws1n7zqy3mjutns2w3x1\" class=\"textannotation disambiguated wl-organization\">SAP<\/span> est une entreprise mondiale dont les organes de direction ne sont pas domin\u00e9s par des r\u00e9gions sp\u00e9cifiques.<\/p>\n<p>Dans ce contexte, il a soulign\u00e9 que <span id=\"urn:local-text-annotation-3bjsl2c858r2nfwdjz3tz7t1auc51im3\" class=\"textannotation disambiguated wl-organization\">SAP<\/span> que 46 pour cent des personnes interrog\u00e9es sont <span id=\"urn:local-text-annotation-k5351hi53w4hn943x0xhtr449kqtgrdj\" class=\"textannotation disambiguated wl-organization\">SAP<\/span>-dans la r\u00e9gion EMEA, suivi de <span id=\"urn:local-text-annotation-z0bhec7dprfi7ggg8bw47qz1ctumgnd9\" class=\"textannotation disambiguated wl-place\">Am\u00e9rique<\/span> avec 30 pour cent et la r\u00e9gion Asie-Pacifique avec 24 pour cent - une r\u00e9partition qu'un responsable am\u00e9ricain de l'industrie de l'armement a qualifi\u00e9 de \"tr\u00e8s mauvaise\".<span id=\"urn:local-text-annotation-zuzp3oiul4h2qaftqu0a4t6rcoeqt8tc\" class=\"textannotation disambiguated wl-thing\">PDG<\/span> \u00e9quilibrera un peu.<\/p>\n<p>De plus, il poss\u00e8de <span id=\"urn:local-text-annotation-q30aqevutjj1ll5lvg4kchkpqxp7z1i7\" class=\"textannotation disambiguated wl-organization\">SAP<\/span> avec San Francisco et <span id=\"urn:local-text-annotation-alm3wp23fjp5mi9gu7xaqtmr890n7bpj\" class=\"textannotation disambiguated wl-place\">Walldorf<\/span> deux si\u00e8ges sociaux depuis un certain temps. <span id=\"urn:local-text-annotation-l72ollp14fyvk2hu9ewgeb87gogiyi7b\" class=\"textannotation disambiguated wl-person\">Bill McDermott<\/span> a r\u00e9pondu par l'affirmative aux questions de savoir si, \u00e0 l'avenir, il consacrerait plus de temps \u00e0 la recherche. <span id=\"urn:local-text-annotation-etcmhb2mg78tzcdxozqqdbprybs3ginu\" class=\"textannotation disambiguated wl-place\">Walldorf<\/span> et apprendre l'allemand.<\/p>\n<p>Dans ce contexte, il est int\u00e9ressant de noter que <span id=\"urn:local-text-annotation-9tpf5v7faj8yiiwnr6maabv9wqeclb5y\" class=\"textannotation disambiguated wl-person\">Jim Hagemann Snabe<\/span> parle couramment l'allemand, mais est originaire du Danemark et a son bureau \u00e0 Copenhague, d'o\u00f9 il se rend souvent en Allemagne. <span id=\"urn:local-text-annotation-vamz4yzslwh0xs11ltftmepeo8k7nuf2\" class=\"textannotation disambiguated wl-place\">Walldorf<\/span> voyage.<\/p>\n<p>En fin de compte, ce transfert de pouvoir vers les \u00c9tats-Unis n'est qu'une \u00e9tape suppl\u00e9mentaire, bien que profonde, dans l'\u00e9volution de SAP vers une v\u00e9ritable entreprise mondiale, qui emploie des collaborateurs hautement qualifi\u00e9s - que ce soit au niveau du d\u00e9veloppement ou du conseil d'administration - dans les pays o\u00f9 ils sont bas\u00e9s.<\/p>\n<p>Il y a plus de dix ans, l'ancien ministre de l'\u00c9ducation nationale a construit un centre d'accueil pour les enfants. <span id=\"urn:local-text-annotation-34evsp4i0iwpibe8qfk06p0mnfsbwym6\" class=\"textannotation disambiguated wl-thing\">CTO<\/span> <span id=\"urn:local-text-annotation-qf5kivthji9cub24zi7r2mgpbfdk5u8x\" class=\"textannotation disambiguated wl-person\">Shai Agassi<\/span> avec le soutien de <span id=\"urn:local-text-annotation-8bb8f7w36ux4v193dxcemqcz6be45whx\" class=\"textannotation disambiguated wl-organization\">SAP<\/span>-cofondateur et pr\u00e9sident du conseil d'administration <span id=\"urn:local-text-annotation-bg1vvn36c6ajadjqrt0mkmcxwu01t6sq\" class=\"textannotation disambiguated wl-person\">Hasso Plattner<\/span> un important centre technologique de la Silicon Valley, \u00e0 l'\u00e9poque un grand pas en avant par rapport \u00e0 la concentration sur le site de d\u00e9veloppement allemand.<\/p>\n<p>Aujourd'hui, le d\u00e9veloppement <span id=\"urn:local-text-annotation-lyqqaetk7skifb2r7uznhwb8dkq1jevk\" class=\"textannotation disambiguated wl-organization\">SAP<\/span> dans 14 laboratoires r\u00e9partis dans 12 pays. La solution pour les petites entreprises, telle que SAP Business One, est utilis\u00e9e en <span id=\"urn:local-text-annotation-uiw5er8ciso5nl4x96h5dn6k6rrinloo\" class=\"textannotation disambiguated wl-place\">Chine<\/span> et est originaire d'Isra\u00ebl.<\/p>\n<p>Ce qui est vraiment nouveau, c'est qu'un tel changement a lieu cette fois-ci au sein du comit\u00e9 directeur. Il faut cependant noter que le passage d'un co-fondateur \u00e0 un co-fondateur n'a pas eu lieu.<span id=\"urn:local-text-annotation-qe17jzsyq3wi3u9qnzheus6j5goorba9\" class=\"textannotation disambiguated wl-thing\">PDG<\/span> \u00e0 un seul <span id=\"urn:local-text-annotation-uw5os5qoc7gi39y6c7jb50u8p89agt3u\" class=\"textannotation disambiguated wl-thing\">PDG<\/span> existait d\u00e9j\u00e0 avant, quand <span id=\"urn:local-text-annotation-s4vg38ts8xtws8ql7jj3drpdt5lledy1\" class=\"textannotation disambiguated wl-person\">Hasso Plattner<\/span> dans les <span id=\"urn:local-text-annotation-0snafnnqs81f1dqd5g9281n747nvz8s3\" class=\"textannotation disambiguated wl-thing\">Conseil de surveillance<\/span> a avanc\u00e9 et <span id=\"urn:local-text-annotation-hynd6v9m23jfbd0u8cp0s8yb5l9aximq\" class=\"textannotation disambiguated wl-thing\">Henning Kagermann<\/span> le leadership exclusif de la <span id=\"urn:local-text-annotation-ch0n934e847m8y3bercsghxa93ae6wuj\" class=\"textannotation disambiguated wl-organization\">SAP<\/span> a pris en charge.<\/p>\n<p>Aussi <span id=\"urn:local-text-annotation-4kqpqv8zyy7t0iqxzojxyv554c953j84\" class=\"textannotation disambiguated wl-person\">L\u00e9o pharmacien<\/span> a \u00e9t\u00e9 bri\u00e8vement Co-<span id=\"urn:local-text-annotation-sm8ur6v5itfcwvy1ltz8l871bvf5p61v\" class=\"textannotation disambiguated wl-thing\">PDG<\/span>Il a \u00e9t\u00e9 le seul \u00e0 prendre des responsabilit\u00e9s.<\/p>\n<p>Il est toutefois probable que les employ\u00e9s europ\u00e9ens de SAP, qui repr\u00e9sentent tout de m\u00eame la plus grande part au sein des trois r\u00e9gions, se sentent sous-repr\u00e9sent\u00e9s au sein du conseil d'administration, et ce d'autant plus que <span id=\"urn:local-text-annotation-cf4qyp8sqit90n4nu5z4cmt1w9vmrs1g\" class=\"textannotation disambiguated wl-thing\">Werner Brandt<\/span>Le Conseil d'administration de l'UE a d\u00e9cid\u00e9 que le pr\u00e9sident de l'UE, M. Jos\u00e9 Manuel Barroso, membre de longue date du Conseil d'administration, quitterait \u00e9galement le Conseil l'ann\u00e9e prochaine.<\/p>\n<p>Hasso Plattner a fait remarquer qu'un Allemand, Luka Mucic, avait \u00e9t\u00e9 nomm\u00e9 \u00e0 la t\u00eate de l'entreprise. <span id=\"urn:local-text-annotation-odn4j884jqj1knbvb01v786276782hvc\" class=\"textannotation disambiguated wl-thing\">Werner Brandt<\/span> suivra.<\/p>\n<p>N\u00e9anmoins, nous pensons que les employ\u00e9s allemands et europ\u00e9ens ont besoin d'\u00eatre rassur\u00e9s sur le fait qu'ils continueront \u00e0 jouer un r\u00f4le majeur dans la strat\u00e9gie de l'entreprise, en particulier compte tenu de la position et de la notori\u00e9t\u00e9 exceptionnelles de SAP sur le march\u00e9 europ\u00e9en.<\/p>\n<h3>Cons\u00e9quences pour les clients<\/h3>\n<p>Selon l'IDC European Software Tracker, le nombre de <span id=\"urn:local-text-annotation-kpnyd96j0ag67ck15ia4arnc8hvyu77e\" class=\"textannotation disambiguated wl-organization\">SAP<\/span> une part de 20 % du march\u00e9 des applications d'entreprise en Europe de l'Ouest en 2012, avec un \u00e9cart de 13,5 points de pourcentage par rapport au concurrent le plus proche - une position vraiment forte en Europe et surtout en Europe de l'Est <span id=\"urn:local-text-annotation-70337fpf2xupuuv6tp77wwib3k84eaht\" class=\"textannotation disambiguated wl-place\">Allemagne<\/span>Le march\u00e9 de l'\u00e9nergie est un march\u00e9 en pleine expansion, notamment en raison de la concurrence mondiale dans ce segment.<\/p>\n<p>Forte de cette position sur le march\u00e9, la croissance future devrait provenir de nouveaux domaines (par exemple Business Analytics, Mobility, Cloud et <span id=\"urn:local-text-annotation-3u68xal89nhmordaiv1p1n9o6gn31pdp\" class=\"textannotation disambiguated wl-thing\">Bases de donn\u00e9es<\/span>).<\/p>\n<p>\u00c0 l'exception du march\u00e9 de l'analyse commerciale, dans lequel <span id=\"urn:local-text-annotation-on3ro7ummznsyvpkv055tnxauepq7yx0\" class=\"textannotation disambiguated wl-organization\">SAP<\/span> leader du march\u00e9 en Europe de l'Ouest avec une part de 19,9% et un \u00e9cart de 5,5 points avec le num\u00e9ro deux, la position sur le march\u00e9 de la <span id=\"urn:local-text-annotation-9mt3dj3r3i3w1dpwe28p8ekbr190cnli\" class=\"textannotation disambiguated wl-place\">Walldorfer<\/span> moins forte sur les nouveaux march\u00e9s.<\/p>\n<p>N\u00e9anmoins, dans ces segments \u00e9galement, la taille des <span id=\"urn:local-text-annotation-dlup35iarfdwvrrw5phe5o6j61egkrpc\" class=\"textannotation disambiguated wl-organization\">SAP<\/span>Il ne faut pas sous-estimer l'importance de la base de clients et de l'influence de l'entreprise sur le march\u00e9.<\/p>\n<p>La perception publique des r\u00f4les des deux co-CEO a toujours \u00e9t\u00e9 claire : alors que Snabe \u00e9tait vu comme l'homme du logiciel, il \u00e9tait <span id=\"urn:local-text-annotation-oy06xieoftlrlqgopxfzviff76r12nhl\" class=\"textannotation disambiguated wl-person\">Bill McDermott<\/span> le commercial.<\/p>\n<p>La d\u00e9mission de Snaabe laisse un vide dans le domaine de la strat\u00e9gie et de la gestion des produits. Nous pensons que l'\u00e9toile montante chez <span id=\"urn:local-text-annotation-2f6vtmdm85irrac9zrhq5j2d485ff4uo\" class=\"textannotation disambiguated wl-organization\">SAP<\/span> dans le domaine de la recherche et du d\u00e9veloppement Vishal Sikka, de <span id=\"urn:local-text-annotation-vzbxqhjn0gffycotbzc39j6hupq8ojnb\" class=\"textannotation disambiguated wl-organization\">SAP<\/span> dans l'appel d'analystes en question comme \"le meilleur innovateur du secteur\", comblera ce vide.<\/p>\n<p>Il est le principal responsable du r\u00e9cent succ\u00e8s de la nouvelle plate-forme Hana de SAP. Lorsqu'il s'agit de maintenir la position de leader de SAP en mati\u00e8re de produits, de technologies et d'ing\u00e9nierie, on peut s'attendre \u00e0 ce que McDermott reste seul \u00e0 la t\u00eate de SAP. <span id=\"urn:local-text-annotation-zyhqyebs73hg7jamqwfhhpldb7msabds\" class=\"textannotation disambiguated wl-thing\">PDG<\/span> comptera sur Sikka.<\/p>\n<p>Malgr\u00e9 tout, Snabe jouit d'une grande cr\u00e9dibilit\u00e9 aupr\u00e8s des clients europ\u00e9ens lorsqu'il parle des projets technologiques de SAP. Il peut \u00eatre s\u00fbr de l'estime d'importants conseils d'administration europ\u00e9ens. Parall\u00e8lement, il a eu des \u00e9changes r\u00e9guliers avec des poids lourds politiques sur l'utilisation de l'informatique pour accro\u00eetre la comp\u00e9titivit\u00e9 des entreprises europ\u00e9ennes dans le but de cr\u00e9er de nouveaux emplois.<\/p>\n<p>Il a souvent pris la parole lors de s\u00e9minaires et de conf\u00e9rences sur la recherche et l'innovation, ainsi que sur l'agenda num\u00e9rique pour l'Europe, afin de faire progresser l'UE dans ce domaine. Tout cela a renforc\u00e9 la r\u00e9putation de SAP en tant que leader technologique mondial reconnu en Europe et dans le monde. <span id=\"urn:local-text-annotation-l0slq0f4pydgy197zf7kqid37vf59kea\" class=\"textannotation disambiguated wl-thing\">Meilleure pratique<\/span> pour l'innovation europ\u00e9enne.<\/p>\n<h3>R\u00e9sum\u00e9<\/h3>\n<p>Selon IDC, la performance des <span id=\"urn:local-text-annotation-gpptrqify1z0000xl816gfckwkgc2phw\" class=\"textannotation disambiguated wl-organization\">SAP<\/span> Les r\u00e9sultats de ces derniers trimestres sont le fruit d'une combinaison de situations diff\u00e9rentes dans les r\u00e9gions, qui d\u00e9pendent \u00e0 leur tour fortement du climat \u00e9conomique dominant et de l'efficacit\u00e9 des \u00e9quipes de vente locales.<\/p>\n<p>La forte croissance dans la r\u00e9gion Am\u00e9riques, par exemple, a \u00e9t\u00e9 remarquable au cours du dernier trimestre. De m\u00eame que les applications intersectorielles sont en soi un oxymore, puisque presque toutes les solutions ont des expressions diff\u00e9rentes dans des industries diff\u00e9rentes, les applications ne semblent pas non plus \u00eatre neutres sur le plan r\u00e9gional.<\/p>\n<p><span id=\"urn:local-text-annotation-6zehpqvlnizpii1h5rk1m4u8exwwx6iv\" class=\"textannotation disambiguated wl-organization\">SAP<\/span> est confront\u00e9 \u00e0 des concurrents locaux dans chaque r\u00e9gion (comme Ufida en <span id=\"urn:local-text-annotation-nihrhshk4kdufb5xocr58z5zbnoulyxg\" class=\"textannotation disambiguated wl-place\">Chine<\/span>, <span id=\"urn:local-text-annotation-lutb13xt2zgovfbtb0pxnyzeihgyoujf\" class=\"textannotation disambiguated wl-organization\">Oracle<\/span> aux \u00c9tats-Unis ou IFS en Europe) et doit convaincre les acheteurs qu'elle comprend les besoins sp\u00e9cifiques de chaque r\u00e9gion et qu'elle con\u00e7oit en cons\u00e9quence aussi bien les applications que les aides \u00e0 la mise en \u0153uvre.<\/p>\n<p>De la m\u00eame mani\u00e8re, les clients, partenaires et employ\u00e9s europ\u00e9ens de SAP esp\u00e8rent que l'entreprise conservera sa force, sa pr\u00e9sence et son influence dans la r\u00e9gion, malgr\u00e9 le changement de direction \u00e0 sa t\u00eate, pour son propre b\u00e9n\u00e9fice, celui de ses clients et de la r\u00e9gion europ\u00e9enne de l'innovation.<\/p>\n<p>En m\u00eame temps, il faut <span id=\"urn:local-text-annotation-hsvlxa0h9hfmwkvwc22unthwugarhttr\" class=\"textannotation disambiguated wl-organization\">SAP<\/span> se d\u00e9velopper de plus en plus en tant qu'entreprise globale, capable de faire valoir ses atouts dans toutes les r\u00e9gions et d'utiliser en cons\u00e9quence les talents locaux. C'est d\u00e9j\u00e0 le cas depuis un certain temps pour le d\u00e9partement de d\u00e9veloppement et ce sera \u00e9galement le cas pour le conseil d'administration \u00e0 partir de mai prochain.<\/p>\n<p><em>Phil Carter est associ\u00e9 <span id=\"urn:local-text-annotation-uylfw4low6x3fbes3pumeu95kdfgtctc\" class=\"textannotation disambiguated wl-thing\">Vice-pr\u00e9sident<\/span> European Software Research chez IDC, un fournisseur d'informations sur le march\u00e9 et de services de conseil dans le domaine des technologies de l'information.<\/em><\/p>\n<p><em>Henry Morris est senior <span id=\"urn:local-text-annotation-b3v3mmjn5x7lo4w7ot4rglxgspqy10rn\" class=\"textannotation disambiguated wl-thing\">Vice-pr\u00e9sident<\/span> chez IDC et responsable au niveau mondial de la recherche sur les logiciels et les services informatiques ainsi que des groupes consultatifs de vente et de marketing d'IDC.<\/em><\/p>","protected":false},"excerpt":{"rendered":"<p>Quel est l'impact de la d\u00e9mission du Danois Jim Hagemann Snabe du poste de co-directeur g\u00e9n\u00e9ral du plus grand groupe informatique allemand, SAP, sur son h\u00e9ritage europ\u00e9en ?<\/p>","protected":false},"author":27,"featured_media":998,"comment_status":"open","ping_status":"closed","sticky":false,"template":"","format":"standard","meta":{"_acf_changed":false,"pmpro_default_level":"","footnotes":""},"categories":[161,1480],"tags":[187,204,69,9551,9699,181,176],"coauthors":[25370],"class_list":["post-307","post","type-post","status-publish","format-standard","has-post-thumbnail","hentry","category-szene","category-mag1310","tag-bill-mcdermott","tag-europa","tag-idc","tag-jim-hagemann-snabe","tag-leo-apotheker","tag-usa","tag-wettbewerb","pmpro-has-access"],"acf":[],"featured_image_urls_v2":{"full":["https:\/\/e3mag.com\/wp-content\/uploads\/2013\/09\/shutterstock_376197256.jpg",1000,667,false],"thumbnail":["https:\/\/e3mag.com\/wp-content\/uploads\/2013\/09\/shutterstock_376197256-150x150.jpg",150,150,true],"medium":["https:\/\/e3mag.com\/wp-content\/uploads\/2013\/09\/shutterstock_376197256.jpg",400,267,false],"medium_large":["https:\/\/e3mag.com\/wp-content\/uploads\/2013\/09\/shutterstock_376197256-768x512.jpg",768,512,true],"large":["https:\/\/e3mag.com\/wp-content\/uploads\/2013\/09\/shutterstock_376197256.jpg",1000,667,false],"image-100":["https:\/\/e3mag.com\/wp-content\/uploads\/2013\/09\/shutterstock_376197256-100x67.jpg",100,67,true],"image-480":["https:\/\/e3mag.com\/wp-content\/uploads\/2013\/09\/shutterstock_376197256-480x320.jpg",480,320,true],"image-640":["https:\/\/e3mag.com\/wp-content\/uploads\/2013\/09\/shutterstock_376197256-640x427.jpg",640,427,true],"image-720":["https:\/\/e3mag.com\/wp-content\/uploads\/2013\/09\/shutterstock_376197256-720x480.jpg",720,480,true],"image-960":["https:\/\/e3mag.com\/wp-content\/uploads\/2013\/09\/shutterstock_376197256-960x640.jpg",960,640,true],"image-1168":["https:\/\/e3mag.com\/wp-content\/uploads\/2013\/09\/shutterstock_376197256.jpg",1000,667,false],"image-1440":["https:\/\/e3mag.com\/wp-content\/uploads\/2013\/09\/shutterstock_376197256.jpg",1000,667,false],"image-1920":["https:\/\/e3mag.com\/wp-content\/uploads\/2013\/09\/shutterstock_376197256.jpg",1000,667,false],"1536x1536":["https:\/\/e3mag.com\/wp-content\/uploads\/2013\/09\/shutterstock_376197256.jpg",1000,667,false],"2048x2048":["https:\/\/e3mag.com\/wp-content\/uploads\/2013\/09\/shutterstock_376197256.jpg",1000,667,false],"trp-custom-language-flag":["https:\/\/e3mag.com\/wp-content\/uploads\/2013\/09\/shutterstock_376197256.jpg",18,12,false],"bricks_large_16x9":["https:\/\/e3mag.com\/wp-content\/uploads\/2013\/09\/shutterstock_376197256.jpg",1000,667,false],"bricks_large":["https:\/\/e3mag.com\/wp-content\/uploads\/2013\/09\/shutterstock_376197256.jpg",1000,667,false],"bricks_large_square":["https:\/\/e3mag.com\/wp-content\/uploads\/2013\/09\/shutterstock_376197256.jpg",1000,667,false],"bricks_medium":["https:\/\/e3mag.com\/wp-content\/uploads\/2013\/09\/shutterstock_376197256.jpg",600,400,false],"bricks_medium_square":["https:\/\/e3mag.com\/wp-content\/uploads\/2013\/09\/shutterstock_376197256.jpg",600,400,false],"profile_24":["https:\/\/e3mag.com\/wp-content\/uploads\/2013\/09\/shutterstock_376197256-24x24.jpg",24,24,true],"profile_48":["https:\/\/e3mag.com\/wp-content\/uploads\/2013\/09\/shutterstock_376197256-48x48.jpg",48,48,true],"profile_96":["https:\/\/e3mag.com\/wp-content\/uploads\/2013\/09\/shutterstock_376197256-96x96.jpg",96,96,true],"profile_150":["https:\/\/e3mag.com\/wp-content\/uploads\/2013\/09\/shutterstock_376197256-150x150.jpg",150,150,true],"profile_300":["https:\/\/e3mag.com\/wp-content\/uploads\/2013\/09\/shutterstock_376197256-300x300.jpg",300,300,true]},"post_excerpt_stackable_v2":"<p>Welche Auswirkungen hat der R\u00fccktritt des D\u00e4nen Jim Hagemann Snabe als Co-CEO des gr\u00f6\u00dften deutschen Softwarekonzerns SAP auf dessen europ\u00e4isches Erbe?<\/p>\n","category_list_v2":"<a href=\"https:\/\/e3mag.com\/fr\/category\/szene\/\" rel=\"category tag\">Szene<\/a>, <a href=\"https:\/\/e3mag.com\/fr\/category\/mag1310\/\" rel=\"category tag\">MAG 13-10<\/a>","author_info_v2":{"name":"Phil Carter, IDC","url":"https:\/\/e3mag.com\/fr\/author\/phil-carter\/"},"comments_num_v2":"0 commentaire","_links":{"self":[{"href":"https:\/\/e3mag.com\/fr\/wp-json\/wp\/v2\/posts\/307","targetHints":{"allow":["GET"]}}],"collection":[{"href":"https:\/\/e3mag.com\/fr\/wp-json\/wp\/v2\/posts"}],"about":[{"href":"https:\/\/e3mag.com\/fr\/wp-json\/wp\/v2\/types\/post"}],"author":[{"embeddable":true,"href":"https:\/\/e3mag.com\/fr\/wp-json\/wp\/v2\/users\/27"}],"replies":[{"embeddable":true,"href":"https:\/\/e3mag.com\/fr\/wp-json\/wp\/v2\/comments?post=307"}],"version-history":[{"count":0,"href":"https:\/\/e3mag.com\/fr\/wp-json\/wp\/v2\/posts\/307\/revisions"}],"wp:featuredmedia":[{"embeddable":true,"href":"https:\/\/e3mag.com\/fr\/wp-json\/wp\/v2\/media\/998"}],"wp:attachment":[{"href":"https:\/\/e3mag.com\/fr\/wp-json\/wp\/v2\/media?parent=307"}],"wp:term":[{"taxonomy":"category","embeddable":true,"href":"https:\/\/e3mag.com\/fr\/wp-json\/wp\/v2\/categories?post=307"},{"taxonomy":"post_tag","embeddable":true,"href":"https:\/\/e3mag.com\/fr\/wp-json\/wp\/v2\/tags?post=307"},{"taxonomy":"author","embeddable":true,"href":"https:\/\/e3mag.com\/fr\/wp-json\/wp\/v2\/coauthors?post=307"}],"curies":[{"name":"wp","href":"https:\/\/api.w.org\/{rel}","templated":true}]}}