{"id":162197,"date":"2026-04-30T10:15:00","date_gmt":"2026-04-30T08:15:00","guid":{"rendered":"https:\/\/e3mag.com\/?p=162197"},"modified":"2026-03-30T16:07:02","modified_gmt":"2026-03-30T14:07:02","slug":"la-souverainete-numerique-contre-le-kill-switch","status":"publish","type":"post","link":"https:\/\/e3mag.com\/fr\/digitale-souveraenitaet-gegen-den-kill-switch\/","title":{"rendered":"La souverainet\u00e9 num\u00e9rique contre le kill switch"},"content":{"rendered":"<p>L'\u00e9tude L\u00fcnendonk \u201eSouverainet\u00e9 num\u00e9rique : du risque \u00e0 la r\u00e9silience\u201c a recens\u00e9 le statu quo et les priorit\u00e9s de la souverainet\u00e9 num\u00e9rique dans les entreprises de la r\u00e9gion DACH.&nbsp;<\/p>\n\n\n\n<p>Selon ce rapport, 83 % des entreprises consid\u00e8rent comme un sc\u00e9nario r\u00e9aliste le fait qu'un fournisseur de services informatiques en nuage puisse restreindre ou couper unilat\u00e9ralement l'acc\u00e8s \u00e0 des services informatiques critiques - ce que l'on appelle un kill switch. Pourtant, seules 57 % des entreprises disposent d'une strat\u00e9gie de sortie en cas de changement de fournisseur de cloud, et pr\u00e8s de la moiti\u00e9 n'ont donc pas de plan B en cas d'urgence. Afin de r\u00e9duire les risques et de renforcer la souverainet\u00e9 num\u00e9rique, ce sont surtout les mod\u00e8les d'hyperscaler souverain avec un op\u00e9rateur local de l'UE, les prestataires de services informatiques bas\u00e9s en Allemagne pour l'infrastructure g\u00e9r\u00e9e et les fournisseurs de cloud allemands qui gagnent en importance.<\/p>\n\n\n\n<p>Pour 36% des entreprises interrog\u00e9es, la souverainet\u00e9 num\u00e9rique est d\u00e9j\u00e0 tr\u00e8s importante aujourd'hui. 96% s'attendent \u00e0 ce que son importance continue d'augmenter au cours des trois prochaines ann\u00e9es, m\u00eame en cas de d\u00e9tente de la situation g\u00e9opolitique et d'am\u00e9lioration des relations transatlantiques. Les principaux moteurs de la souverainet\u00e9 num\u00e9rique sont une forte d\u00e9pendance vis-\u00e0-vis de certains fournisseurs informatiques et de cloud, ainsi que la n\u00e9cessit\u00e9 de renforcer la r\u00e9silience - notamment en situation de crise - afin de se prot\u00e9ger contre les blocages d'acc\u00e8s ou un \u201ekill switch\u201c et d'emp\u00eacher l'acc\u00e8s extraterritorial aux donn\u00e9es. Toutefois, les paysages de syst\u00e8mes qui se sont d\u00e9velopp\u00e9s au fil du temps, la transparence limit\u00e9e sur les stocks de donn\u00e9es et les cha\u00eenes de processus globales, les structures complexes multi-cloud et les exigences r\u00e9glementaires croissantes font de la souverainet\u00e9 num\u00e9rique un projet de transformation complexe et strat\u00e9gique. \u201eLa souverainet\u00e9 num\u00e9rique ne peut pas \u00eatre report\u00e9e. Une simple prise de conscience du probl\u00e8me ne suffit pas. Les entreprises doivent maintenant avoir le courage de supprimer activement les d\u00e9pendances, m\u00eame si cela est inconfortable et co\u00fbteux\u201c, explique Tobias Ganowski, consultant senior chez L\u00fcnendonk et Hossenfelder et auteur de l'\u00e9tude.<\/p>\n\n\n\n<h2 class=\"wp-block-heading\">D\u00e9pendance aux hyperscalers<\/h2>\n\n\n\n<p>En ce qui concerne le cloud, la d\u00e9pendance vis-\u00e0-vis des hyperscalers reste \u00e9lev\u00e9e, mais les alternatives souveraines sont de plus en plus \u00e9tudi\u00e9es. 55% des entreprises interrog\u00e9es consid\u00e8rent comme tr\u00e8s pertinentes les offres de cloud souverain des hyperscaleurs avec un op\u00e9rateur local de l'UE ainsi que les prestataires de services informatiques bas\u00e9s en Allemagne pour les centres de donn\u00e9es, la colocation et l'infrastructure g\u00e9r\u00e9e. Les fournisseurs de cloud d'Allemagne se transforment en superscalers et suivent avec 48%. Les hyperscaleurs avec des offres souveraines ont une tr\u00e8s grande pertinence pour 36% des entreprises. Les architectures multi-cloud gagnent donc en importance : 42% des entreprises disposent d\u00e9j\u00e0 d'une architecture multi-cloud, d'autres<br>46% pr\u00e9voient de les mettre en place - afin de r\u00e9duire les d\u00e9pendances et de disposer de capacit\u00e9s de back-up pour les processus commerciaux critiques.&nbsp;<\/p>\n\n\n\n<figure class=\"wp-block-image size-full\"><img loading=\"lazy\" decoding=\"async\" width=\"1000\" height=\"1069\" src=\"https:\/\/e3mag.com\/wp-content\/uploads\/2026\/03\/LUE_Digitale_Souveraenitaet_PI_Beitragsbild_f-scaled_web.jpg\" alt=\"\" class=\"wp-image-162199\" srcset=\"https:\/\/e3mag.com\/wp-content\/uploads\/2026\/03\/LUE_Digitale_Souveraenitaet_PI_Beitragsbild_f-scaled_web.jpg 1000w, https:\/\/e3mag.com\/wp-content\/uploads\/2026\/03\/LUE_Digitale_Souveraenitaet_PI_Beitragsbild_f-scaled_web-374x400.jpg 374w, https:\/\/e3mag.com\/wp-content\/uploads\/2026\/03\/LUE_Digitale_Souveraenitaet_PI_Beitragsbild_f-scaled_web-768x821.jpg 768w, https:\/\/e3mag.com\/wp-content\/uploads\/2026\/03\/LUE_Digitale_Souveraenitaet_PI_Beitragsbild_f-scaled_web-100x107.jpg 100w, https:\/\/e3mag.com\/wp-content\/uploads\/2026\/03\/LUE_Digitale_Souveraenitaet_PI_Beitragsbild_f-scaled_web-480x513.jpg 480w, https:\/\/e3mag.com\/wp-content\/uploads\/2026\/03\/LUE_Digitale_Souveraenitaet_PI_Beitragsbild_f-scaled_web-640x684.jpg 640w, https:\/\/e3mag.com\/wp-content\/uploads\/2026\/03\/LUE_Digitale_Souveraenitaet_PI_Beitragsbild_f-scaled_web-720x770.jpg 720w, https:\/\/e3mag.com\/wp-content\/uploads\/2026\/03\/LUE_Digitale_Souveraenitaet_PI_Beitragsbild_f-scaled_web-960x1026.jpg 960w, https:\/\/e3mag.com\/wp-content\/uploads\/2026\/03\/LUE_Digitale_Souveraenitaet_PI_Beitragsbild_f-scaled_web-11x12.jpg 11w, https:\/\/e3mag.com\/wp-content\/uploads\/2026\/03\/LUE_Digitale_Souveraenitaet_PI_Beitragsbild_f-scaled_web-600x641.jpg 600w\" sizes=\"auto, (max-width: 1000px) 100vw, 1000px\" \/><figcaption class=\"wp-element-caption\"><em>\u00c9tude L\u00fcnendonk : Souverainet\u00e9 num\u00e9rique - du risque \u00e0 la r\u00e9silience.<\/em><br><\/figcaption><\/figure>\n\n\n\n<h2 class=\"wp-block-heading\">Un avenir hybride et diff\u00e9renci\u00e9<\/h2>\n\n\n\n<p>\u201eLes exigences diff\u00e8rent selon le secteur et le cas d'application. Les offres hyperscaler classiques ne doivent pas \u00eatre remplac\u00e9es, mais compl\u00e9t\u00e9es de mani\u00e8re cibl\u00e9e par des alternatives souveraines afin de couvrir les sc\u00e9narios r\u00e9glement\u00e9s et critiques en termes de souverainet\u00e9. L'avenir de l'informatique est donc hybride et diff\u00e9renci\u00e9\u201c, explique Mario Zillmann, associ\u00e9 principal chez L\u00fcnendonk et Hossenfelder. Selon l'\u00e9tude, 93 % des entreprises consid\u00e8rent que les fournisseurs europ\u00e9ens de cloud sont tout \u00e0 fait comp\u00e9titifs avec les hyperscalers au niveau de l'infrastructure. En revanche, les prestations de plateforme, d'intelligence artificielle et d'\u00e9cosyst\u00e8me pr\u00e9sentent de nets d\u00e9ficits. Par cons\u00e9quent, seules 3 % des entreprises interrog\u00e9es estiment que les fournisseurs europ\u00e9ens de cloud sont actuellement comp\u00e9titifs par rapport aux hyperscalers. Le regard vers l'avenir reste \u00e9galement sceptique : seuls 2 % s'attendent \u00e0 une \u00e9galit\u00e9 fonctionnelle en 2030. (rk, source : L\u00fcnendonk)<\/p>\n\n\n\n<p><\/p>\n\n\n\n<div class=\"wp-block-group has-background is-vertical is-layout-flex wp-container-core-group-is-layout-6be7207b wp-block-group-is-layout-flex\" style=\"background-color:#eaf3f7;padding-top:var(--wp--preset--spacing--60);padding-right:var(--wp--preset--spacing--60);padding-bottom:var(--wp--preset--spacing--60);padding-left:var(--wp--preset--spacing--60)\">\n<h2 class=\"wp-block-heading\">\u00c0 propos de l'\u00e9tude<\/h2>\n\n\n\n<p>Pour l'\u00e9tude L\u00fcnendonk \u201eSouverainet\u00e9 num\u00e9rique : du risque \u00e0 la r\u00e9silience\u201c, 155 entretiens ont \u00e9t\u00e9 men\u00e9s entre d\u00e9cembre 2025 et janvier 2026 avec des directeurs de services informatiques, des responsables GRC et s\u00e9curit\u00e9, des acheteurs informatiques ainsi que des DSI et des responsables C-Level. Les entreprises allemandes, autrichiennes et suisses interrog\u00e9es appartiennent \u00e0 diff\u00e9rents secteurs, dont l'industrie, les secteurs critiques, les banques et les assurances. La moiti\u00e9 d'entre elles appartiennent \u00e0 des entreprises de taille moyenne et l'autre moiti\u00e9 \u00e0 des groupes.<\/p>\n<\/div>\n\n\n\n<p><\/p>\n\n\n\n<p><\/p>","protected":false},"excerpt":{"rendered":"<p>Les entreprises europ\u00e9ennes consid\u00e8rent de plus en plus leur d\u00e9pendance vis-\u00e0-vis des fournisseurs de cloud am\u00e9ricains comme un risque strat\u00e9gique. Les fournisseurs europ\u00e9ens de cloud sont comp\u00e9titifs en mati\u00e8re d'infrastructure, mais sont \u00e0 la tra\u00eene en ce qui concerne les services de plateforme et d'intelligence artificielle, selon les r\u00e9sultats d'une r\u00e9cente \u00e9tude de L\u00fcnendonk.<\/p>","protected":false},"author":2368,"featured_media":162202,"comment_status":"open","ping_status":"closed","sticky":false,"template":"","format":"standard","meta":{"_acf_changed":false,"pmpro_default_level":"","footnotes":""},"categories":[6,44396],"tags":[39,44400],"coauthors":[39720],"class_list":["post-162197","post","type-post","status-publish","format-standard","has-post-thumbnail","hentry","category-wirtschaft","category-mag-26-04","tag-cloud","tag-souveraenitaet","pmpro-has-access"],"acf":[],"featured_image_urls_v2":{"full":["https:\/\/e3mag.com\/wp-content\/uploads\/2026\/03\/2604_wi_luenendonk.jpg",1000,450,false],"thumbnail":["https:\/\/e3mag.com\/wp-content\/uploads\/2026\/03\/2604_wi_luenendonk-150x150.jpg",150,150,true],"medium":["https:\/\/e3mag.com\/wp-content\/uploads\/2026\/03\/2604_wi_luenendonk-400x180.jpg",400,180,true],"medium_large":["https:\/\/e3mag.com\/wp-content\/uploads\/2026\/03\/2604_wi_luenendonk-768x346.jpg",768,346,true],"large":["https:\/\/e3mag.com\/wp-content\/uploads\/2026\/03\/2604_wi_luenendonk.jpg",1000,450,false],"image-100":["https:\/\/e3mag.com\/wp-content\/uploads\/2026\/03\/2604_wi_luenendonk-100x45.jpg",100,45,true],"image-480":["https:\/\/e3mag.com\/wp-content\/uploads\/2026\/03\/2604_wi_luenendonk-480x216.jpg",480,216,true],"image-640":["https:\/\/e3mag.com\/wp-content\/uploads\/2026\/03\/2604_wi_luenendonk-640x288.jpg",640,288,true],"image-720":["https:\/\/e3mag.com\/wp-content\/uploads\/2026\/03\/2604_wi_luenendonk-720x324.jpg",720,324,true],"image-960":["https:\/\/e3mag.com\/wp-content\/uploads\/2026\/03\/2604_wi_luenendonk-960x432.jpg",960,432,true],"image-1168":["https:\/\/e3mag.com\/wp-content\/uploads\/2026\/03\/2604_wi_luenendonk.jpg",1000,450,false],"image-1440":["https:\/\/e3mag.com\/wp-content\/uploads\/2026\/03\/2604_wi_luenendonk.jpg",1000,450,false],"image-1920":["https:\/\/e3mag.com\/wp-content\/uploads\/2026\/03\/2604_wi_luenendonk.jpg",1000,450,false],"1536x1536":["https:\/\/e3mag.com\/wp-content\/uploads\/2026\/03\/2604_wi_luenendonk.jpg",1000,450,false],"2048x2048":["https:\/\/e3mag.com\/wp-content\/uploads\/2026\/03\/2604_wi_luenendonk.jpg",1000,450,false],"trp-custom-language-flag":["https:\/\/e3mag.com\/wp-content\/uploads\/2026\/03\/2604_wi_luenendonk-18x8.jpg",18,8,true],"bricks_large_16x9":["https:\/\/e3mag.com\/wp-content\/uploads\/2026\/03\/2604_wi_luenendonk.jpg",1000,450,false],"bricks_large":["https:\/\/e3mag.com\/wp-content\/uploads\/2026\/03\/2604_wi_luenendonk.jpg",1000,450,false],"bricks_large_square":["https:\/\/e3mag.com\/wp-content\/uploads\/2026\/03\/2604_wi_luenendonk.jpg",1000,450,false],"bricks_medium":["https:\/\/e3mag.com\/wp-content\/uploads\/2026\/03\/2604_wi_luenendonk-600x270.jpg",600,270,true],"bricks_medium_square":["https:\/\/e3mag.com\/wp-content\/uploads\/2026\/03\/2604_wi_luenendonk-600x450.jpg",600,450,true],"profile_24":["https:\/\/e3mag.com\/wp-content\/uploads\/2026\/03\/2604_wi_luenendonk-24x24.jpg",24,24,true],"profile_48":["https:\/\/e3mag.com\/wp-content\/uploads\/2026\/03\/2604_wi_luenendonk-48x48.jpg",48,48,true],"profile_96":["https:\/\/e3mag.com\/wp-content\/uploads\/2026\/03\/2604_wi_luenendonk-96x96.jpg",96,96,true],"profile_150":["https:\/\/e3mag.com\/wp-content\/uploads\/2026\/03\/2604_wi_luenendonk-150x150.jpg",150,150,true],"profile_300":["https:\/\/e3mag.com\/wp-content\/uploads\/2026\/03\/2604_wi_luenendonk-300x300.jpg",300,300,true]},"post_excerpt_stackable_v2":"<p>Europ\u00e4ische Unternehmen sehen ihre Abh\u00e4ngigkeit von US-Cloud-Anbietern zunehmend als strategisches Risiko. Europ\u00e4ische Cloud-Anbieter sind wettbewerbsf\u00e4hig bei der Infrastruktur, hinken jedoch bei Plattform- und KI-Services hinterher, so die Ergebnisse einer aktuellen L\u00fcnendonk-Studie.<\/p>\n","category_list_v2":"<a href=\"https:\/\/e3mag.com\/fr\/category\/wirtschaft\/\" rel=\"category tag\">Wirtschaft<\/a>, <a href=\"https:\/\/e3mag.com\/fr\/category\/mag-26-04\/\" rel=\"category tag\">MAG 26-04<\/a>","author_info_v2":{"name":"E3 Magazine","url":"https:\/\/e3mag.com\/fr\/author\/e3_magazin\/"},"comments_num_v2":"0 commentaire","_links":{"self":[{"href":"https:\/\/e3mag.com\/fr\/wp-json\/wp\/v2\/posts\/162197","targetHints":{"allow":["GET"]}}],"collection":[{"href":"https:\/\/e3mag.com\/fr\/wp-json\/wp\/v2\/posts"}],"about":[{"href":"https:\/\/e3mag.com\/fr\/wp-json\/wp\/v2\/types\/post"}],"author":[{"embeddable":true,"href":"https:\/\/e3mag.com\/fr\/wp-json\/wp\/v2\/users\/2368"}],"replies":[{"embeddable":true,"href":"https:\/\/e3mag.com\/fr\/wp-json\/wp\/v2\/comments?post=162197"}],"version-history":[{"count":2,"href":"https:\/\/e3mag.com\/fr\/wp-json\/wp\/v2\/posts\/162197\/revisions"}],"predecessor-version":[{"id":162385,"href":"https:\/\/e3mag.com\/fr\/wp-json\/wp\/v2\/posts\/162197\/revisions\/162385"}],"wp:featuredmedia":[{"embeddable":true,"href":"https:\/\/e3mag.com\/fr\/wp-json\/wp\/v2\/media\/162202"}],"wp:attachment":[{"href":"https:\/\/e3mag.com\/fr\/wp-json\/wp\/v2\/media?parent=162197"}],"wp:term":[{"taxonomy":"category","embeddable":true,"href":"https:\/\/e3mag.com\/fr\/wp-json\/wp\/v2\/categories?post=162197"},{"taxonomy":"post_tag","embeddable":true,"href":"https:\/\/e3mag.com\/fr\/wp-json\/wp\/v2\/tags?post=162197"},{"taxonomy":"author","embeddable":true,"href":"https:\/\/e3mag.com\/fr\/wp-json\/wp\/v2\/coauthors?post=162197"}],"curies":[{"name":"wp","href":"https:\/\/api.w.org\/{rel}","templated":true}]}}