{"id":151086,"date":"2025-05-22T11:00:00","date_gmt":"2025-05-22T09:00:00","guid":{"rendered":"http:\/\/e3mag.com\/?p=151086"},"modified":"2025-05-27T14:13:58","modified_gmt":"2025-05-27T12:13:58","slug":"le-tres-couteux-sap-cloud","status":"publish","type":"post","link":"https:\/\/e3mag.com\/fr\/die-sehr-teure-sap-cloud\/","title":{"rendered":"Le tr\u00e8s co\u00fbteux SAP Cloud"},"content":{"rendered":"<h2 class=\"wp-block-heading\">De l'ERP sur site \u00e0 la SAP Cloud ERP Suite<\/h2>\n\n\n\n<p>Il y a plus de dix ans d\u00e9j\u00e0, les analystes de Gartner avaient mis en garde, lors d'une conf\u00e9rence \u00e0 Barcelone, contre l'abandon \u00e0 la l\u00e9g\u00e8re de ses propres licences SAP. Jusqu'\u00e0 pr\u00e9sent, SAP n'a pas vraiment trouv\u00e9 d'argument pour s'y opposer. Les licences ERP SAP en tant qu'actif sont similaires \u00e0 un certificat d'assurance. Le client SAP patrimonial peut choisir librement entre On-prem, Hybrid, Private ou Public-Cloud et il sait qu'avec ses propres licences, il sera toujours en conformit\u00e9 avec la loi et ind\u00e9pendant.<\/p>\n\n\n\n<p>Le mod\u00e8le SAP Cloud ERP Suite est bas\u00e9 sur une structure de d\u00e9pendance totale. Pour des revenus pr\u00e9visibles \u00e0 plus long terme, le leader mondial de l'ERP veut pousser ses clients existants vers un mod\u00e8le de souscription qui ne conna\u00eet actuellement pas encore de strat\u00e9gie de sortie.<\/p>\n\n\n\n<h2 class=\"wp-block-heading\">Le Cloud Computing, un facteur de co\u00fbt pour SAP<\/h2>\n\n\n\n<p>Ces derni\u00e8res ann\u00e9es, la communaut\u00e9 SAP a beaucoup discut\u00e9 du facteur co\u00fbt du cloud. Les hyperscaleurs et SAP ont argument\u00e9 que le cloud computing est dans la plupart des cas moins cher que le on-prem. Dans de nombreux cas, seuls les co\u00fbts op\u00e9rationnels directs ont \u00e9t\u00e9 pris en compte. Les effets \u00e0 long terme, les d\u00e9pendances et le manque de flexibilit\u00e9 sont rarement pris en compte dans ces calculs.<\/p>\n\n\n\n<p>Le fait est qu'un client SAP cloud existant ne peut gu\u00e8re se d\u00e9fendre contre des augmentations de co\u00fbts en aval, car il n'existe pas encore de strat\u00e9gie de sortie du cloud. La bureaucratie europ\u00e9enne a promis une am\u00e9lioration. Une disposition \u00e0 venir doit r\u00e9gler la possibilit\u00e9 d'une sortie du cloud et la rendre obligatoire pour les fournisseurs de cloud. Il n'existe pas encore de projet de contrat et la communaut\u00e9 SAP devra attendre l'automne de cette ann\u00e9e pour la formulation finale.<\/p>\n\n\n\n<h2 class=\"wp-block-heading\">Christian Klein, pr\u00e9sident de SAP, explique le Cloud Computing<\/h2>\n\n\n\n<p>Lors de l'assembl\u00e9e g\u00e9n\u00e9rale de SAP de cette ann\u00e9e, le CEO Klein a \u00e9t\u00e9 interrog\u00e9 par un actionnaire sur la transformation des contrats On-prem en Cloud First. La r\u00e9ponse a satisfait les investisseurs et confirm\u00e9 les sceptiques de la communaut\u00e9 SAP : dans sa r\u00e9ponse, Christian Klein a parl\u00e9 d'un facteur 2x \u00e0 3x, signifiant par l\u00e0 que le volume des contrats des nouveaux contrats cloud repr\u00e9sente deux \u00e0 trois fois celui des anciens contrats on-prem - donc de tr\u00e8s bonnes perspectives pour le cours de l'action SAP et les actionnaires !<\/p>\n\n\n\n<p>Tous les experts en licences de la communaut\u00e9 SAP se sont sentis confirm\u00e9s, car ils ont toujours affirm\u00e9 que le passage d'un ERP sur site \u00e0 un cloud computing \u00e9tait li\u00e9 \u00e0 des co\u00fbts suppl\u00e9mentaires importants. Le cloud est justement plus cher \u00e0 moyen et long terme que le propre centre informatique. Avec sa r\u00e9ponse \u00e0 l'assembl\u00e9e g\u00e9n\u00e9rale, le patron de SAP Christian Klein semble confirmer ce point de vue, n'est-ce pas ?<\/p>\n\n\n\n<h2 class=\"wp-block-heading\">Valeur ajout\u00e9e SAP ou co\u00fbts suppl\u00e9mentaires ERP<\/h2>\n\n\n\n<p>La suite SAP Cloud ERP co\u00fbteuse ne refl\u00e8te pas n\u00e9cessairement des prix de licence plus \u00e9lev\u00e9s. En th\u00e9orie, les frais individuels par poste de travail ERP pourraient \u00e9galement \u00eatre inf\u00e9rieurs \u00e0 ceux sur site, mais le client SAP existant a besoin de plus de services, d'applications et de moteurs dans le cloud - de sorte qu'\u00e0 la fin de la journ\u00e9e, cela revient d\u00e9j\u00e0 plus cher.<\/p>\n\n\n\n<p>ERP n'est pas compliqu\u00e9, mais complexe : par nature, SAP peut argumenter que les co\u00fbts ERP purs pour un utilisateur de SAP Cloud ERP Suite sont inf\u00e9rieurs \u00e0 une valeur empirique r\u00e9sultant de d\u00e9cennies d'exploitation sur site dans son propre centre de donn\u00e9es.<\/p>\n\n\n\n<p>Un S\/4 moderne n'est toutefois pas suffisant et complet, de sorte que les co\u00fbts de licence S\/4 purs ne refl\u00e8tent pas toute la v\u00e9rit\u00e9. Les co\u00fbts suppl\u00e9mentaires proviennent aussi de la valeur ajout\u00e9e ! Apr\u00e8s un processus de clean core SAP, le client existant poss\u00e8de un syst\u00e8me ERP proche du standard, mais les modifications et add-ons actuels et futurs ont alors besoin d'un nouveau foyer.<\/p>\n\n\n\n<p>Avec BTP (SAP Business Technology Platform) et BDC (SAP Business Data Cloud), on dispose de deux plateformes qui peuvent tr\u00e8s bien accueillir l'agilit\u00e9, l'individualisation et l'orchestration des donn\u00e9es. Ces plateformes repr\u00e9sentent une plus-value par rapport aux syst\u00e8mes ERP\/ECC, mais ces fonctionnalit\u00e9s ne sont pas gratuites pour SAP. Dans la BTP, il peut y avoir des frais de licence consid\u00e9rables en fonction des apps utilis\u00e9es.<\/p>\n\n\n\n<h2 class=\"wp-block-heading\">SAP Cloud ERP Suite<\/h2>\n\n\n\n<p>Au total, SAP Cloud ERP Suite appara\u00eet donc comme un projet tr\u00e8s co\u00fbteux, car de nombreuses contraintes entrent en jeu. SAP ne parle plus que de Suite First et AI First, ce qui s'explique du point de vue de SAP et des investisseurs. Les d\u00e9clarations de Christian Klein lors de l'assembl\u00e9e g\u00e9n\u00e9rale de SAP montrent pr\u00e9cis\u00e9ment cette tendance vers un cloud \u00e0 valeur ajout\u00e9e, qui co\u00fbte deux \u00e0 trois fois plus cher que les syst\u00e8mes ERP sur site. Il n'est pas encore d\u00e9cid\u00e9 si, pour les clients existants de SAP, les co\u00fbts suppl\u00e9mentaires repr\u00e9sentent \u00e9galement une valeur ajout\u00e9e, mais chaque utilisateur ERP peut actuellement d\u00e9j\u00e0 se pr\u00e9parer \u00e0 des frais de licence SAP nettement plus \u00e9lev\u00e9s.<\/p>","protected":false},"excerpt":{"rendered":"<p>C'est l'un des sujets les plus discut\u00e9s au sein de la communaut\u00e9 SAP : les co\u00fbts de licence de SAP Cloud ERP Suite. SAP et les hyperscaleurs affirment que le cloud computing permet \u00e9galement de r\u00e9aliser des \u00e9conomies pour les utilisateurs. Les d\u00e9clarations du patron de SAP, Christian Klein, laissent penser le contraire.<\/p>","protected":false},"author":2,"featured_media":132122,"comment_status":"open","ping_status":"closed","sticky":false,"template":"","format":"standard","meta":{"_acf_changed":false,"pmpro_default_level":"","footnotes":""},"categories":[27840],"tags":[44106,39870,621,73,269,517,1390,44175],"coauthors":[27825],"class_list":["post-151086","post","type-post","status-publish","format-standard","has-post-thumbnail","hentry","category-chefredakteur-blog","tag-bdc","tag-btp-bdc","tag-cloud-computing","tag-erp","tag-lizenzen","tag-s4","tag-s4-hana","tag-sap-business-data-cloud","pmpro-has-access"],"acf":[],"featured_image_urls_v2":{"full":["https:\/\/e3mag.com\/wp-content\/uploads\/2023\/09\/Chefredakteur-neu.jpeg",1000,450,false],"thumbnail":["https:\/\/e3mag.com\/wp-content\/uploads\/2023\/09\/Chefredakteur-neu-150x150.jpeg",150,150,true],"medium":["https:\/\/e3mag.com\/wp-content\/uploads\/2023\/09\/Chefredakteur-neu-400x180.jpeg",400,180,true],"medium_large":["https:\/\/e3mag.com\/wp-content\/uploads\/2023\/09\/Chefredakteur-neu-768x346.jpeg",768,346,true],"large":["https:\/\/e3mag.com\/wp-content\/uploads\/2023\/09\/Chefredakteur-neu.jpeg",1000,450,false],"image-100":["https:\/\/e3mag.com\/wp-content\/uploads\/2023\/09\/Chefredakteur-neu-100x45.jpeg",100,45,true],"image-480":["https:\/\/e3mag.com\/wp-content\/uploads\/2023\/09\/Chefredakteur-neu-480x216.jpeg",480,216,true],"image-640":["https:\/\/e3mag.com\/wp-content\/uploads\/2023\/09\/Chefredakteur-neu-640x288.jpeg",640,288,true],"image-720":["https:\/\/e3mag.com\/wp-content\/uploads\/2023\/09\/Chefredakteur-neu-720x324.jpeg",720,324,true],"image-960":["https:\/\/e3mag.com\/wp-content\/uploads\/2023\/09\/Chefredakteur-neu-960x432.jpeg",960,432,true],"image-1168":["https:\/\/e3mag.com\/wp-content\/uploads\/2023\/09\/Chefredakteur-neu.jpeg",1000,450,false],"image-1440":["https:\/\/e3mag.com\/wp-content\/uploads\/2023\/09\/Chefredakteur-neu.jpeg",1000,450,false],"image-1920":["https:\/\/e3mag.com\/wp-content\/uploads\/2023\/09\/Chefredakteur-neu.jpeg",1000,450,false],"1536x1536":["https:\/\/e3mag.com\/wp-content\/uploads\/2023\/09\/Chefredakteur-neu.jpeg",1000,450,false],"2048x2048":["https:\/\/e3mag.com\/wp-content\/uploads\/2023\/09\/Chefredakteur-neu.jpeg",1000,450,false],"trp-custom-language-flag":["https:\/\/e3mag.com\/wp-content\/uploads\/2023\/09\/Chefredakteur-neu-18x8.jpeg",18,8,true],"bricks_large_16x9":["https:\/\/e3mag.com\/wp-content\/uploads\/2023\/09\/Chefredakteur-neu.jpeg",1000,450,false],"bricks_large":["https:\/\/e3mag.com\/wp-content\/uploads\/2023\/09\/Chefredakteur-neu.jpeg",1000,450,false],"bricks_large_square":["https:\/\/e3mag.com\/wp-content\/uploads\/2023\/09\/Chefredakteur-neu.jpeg",1000,450,false],"bricks_medium":["https:\/\/e3mag.com\/wp-content\/uploads\/2023\/09\/Chefredakteur-neu-600x270.jpeg",600,270,true],"bricks_medium_square":["https:\/\/e3mag.com\/wp-content\/uploads\/2023\/09\/Chefredakteur-neu-600x450.jpeg",600,450,true],"profile_24":["https:\/\/e3mag.com\/wp-content\/uploads\/2023\/09\/Chefredakteur-neu-24x24.jpeg",24,24,true],"profile_48":["https:\/\/e3mag.com\/wp-content\/uploads\/2023\/09\/Chefredakteur-neu-48x48.jpeg",48,48,true],"profile_96":["https:\/\/e3mag.com\/wp-content\/uploads\/2023\/09\/Chefredakteur-neu-96x96.jpeg",96,96,true],"profile_150":["https:\/\/e3mag.com\/wp-content\/uploads\/2023\/09\/Chefredakteur-neu-150x150.jpeg",150,150,true],"profile_300":["https:\/\/e3mag.com\/wp-content\/uploads\/2023\/09\/Chefredakteur-neu-300x300.jpeg",300,300,true]},"post_excerpt_stackable_v2":"<p>Es ist eines der meistdiskutierten Themen der SAP-Community: Lizenzkosten der SAP Cloud ERP Suite. SAP und die Hyperscaler behaupten, dass Cloud Computing auch Ersparnisse f\u00fcr die Anwender bringt. Aussagen von SAP-Chef Christian Klein lassen etwas anderes vermuten.<\/p>\n","category_list_v2":"<a href=\"https:\/\/e3mag.com\/fr\/category\/chefredakteur-blog\/\" rel=\"category tag\">Chefredakteur-Blog<\/a>","author_info_v2":{"name":"Peter M. F\u00e4rbinger, E3 Magazine","url":"https:\/\/e3mag.com\/fr\/author\/peter-m-faerbinger-e-3-magazin\/"},"comments_num_v2":"1 commentaire","_links":{"self":[{"href":"https:\/\/e3mag.com\/fr\/wp-json\/wp\/v2\/posts\/151086","targetHints":{"allow":["GET"]}}],"collection":[{"href":"https:\/\/e3mag.com\/fr\/wp-json\/wp\/v2\/posts"}],"about":[{"href":"https:\/\/e3mag.com\/fr\/wp-json\/wp\/v2\/types\/post"}],"author":[{"embeddable":true,"href":"https:\/\/e3mag.com\/fr\/wp-json\/wp\/v2\/users\/2"}],"replies":[{"embeddable":true,"href":"https:\/\/e3mag.com\/fr\/wp-json\/wp\/v2\/comments?post=151086"}],"version-history":[{"count":4,"href":"https:\/\/e3mag.com\/fr\/wp-json\/wp\/v2\/posts\/151086\/revisions"}],"predecessor-version":[{"id":151346,"href":"https:\/\/e3mag.com\/fr\/wp-json\/wp\/v2\/posts\/151086\/revisions\/151346"}],"wp:featuredmedia":[{"embeddable":true,"href":"https:\/\/e3mag.com\/fr\/wp-json\/wp\/v2\/media\/132122"}],"wp:attachment":[{"href":"https:\/\/e3mag.com\/fr\/wp-json\/wp\/v2\/media?parent=151086"}],"wp:term":[{"taxonomy":"category","embeddable":true,"href":"https:\/\/e3mag.com\/fr\/wp-json\/wp\/v2\/categories?post=151086"},{"taxonomy":"post_tag","embeddable":true,"href":"https:\/\/e3mag.com\/fr\/wp-json\/wp\/v2\/tags?post=151086"},{"taxonomy":"author","embeddable":true,"href":"https:\/\/e3mag.com\/fr\/wp-json\/wp\/v2\/coauthors?post=151086"}],"curies":[{"name":"wp","href":"https:\/\/api.w.org\/{rel}","templated":true}]}}