{"id":149227,"date":"2025-02-20T07:00:00","date_gmt":"2025-02-20T06:00:00","guid":{"rendered":"http:\/\/e3mag.com\/?p=149227"},"modified":"2025-02-26T13:49:07","modified_gmt":"2025-02-26T12:49:07","slug":"ou-en-est-la-transformation-s-4","status":"publish","type":"post","link":"https:\/\/e3mag.com\/fr\/was-ist-der-stand-bei-der-s-4-transformation\/","title":{"rendered":"O\u00f9 en est la transformation S\/4 ?"},"content":{"rendered":"<div class=\"wp-block-group is-vertical is-layout-flex wp-container-core-group-is-layout-8cf370e7 wp-block-group-is-layout-flex\">\n<p><strong>E3 : Monsieur Failer, la transformation des donn\u00e9es patrimoniales vers SAP S\/4 Hana fait partie de votre activit\u00e9 principale. Comment d\u00e9cririez-vous l'\u00e9tat actuel des projets correspondants sur le march\u00e9 ?<\/strong><\/p>\n\n\n\n<p><strong>Thomas Failer, DMI : <\/strong>J'estime qu'il y a sur le march\u00e9 environ 35 000 syst\u00e8mes ECC qui entrent en ligne de compte pour la transformation. Pour environ 5000 de ces syst\u00e8mes, la transition est d\u00e9j\u00e0 termin\u00e9e. Sans doute 20 pour cent ou plus des 30.000 autres syst\u00e8mes en sont aux diff\u00e9rentes \u00e9tapes du projet. Globalement, ces projets de transformation peuvent \u00eatre r\u00e9partis en trois grands groupes.<\/p>\n<\/div>\n\n\n\n<div style=\"height:30px\" aria-hidden=\"true\" class=\"wp-block-spacer\"><\/div>\n\n\n\n<div class=\"wp-block-group is-vertical is-layout-flex wp-container-core-group-is-layout-8cf370e7 wp-block-group-is-layout-flex\">\n<p><strong>E3 : Quels seraient-ils ?<\/strong><\/p>\n\n\n\n<p><strong>Failer<\/strong>Le premier groupe comprend les clients qui ont d\u00e9j\u00e0 introduit et utilis\u00e9 SAP S\/4 Hana avec succ\u00e8s. Cela concerne les 5000 syst\u00e8mes d\u00e9j\u00e0 mentionn\u00e9s. Nous estimons toutefois que dans ce groupe, environ 2000 syst\u00e8mes ECC 6.0 restent en service en raison de la conservation des donn\u00e9es impos\u00e9e par la loi, mais aussi pour des raisons commerciales. Cela implique bien s\u00fbr des efforts et des co\u00fbts qui pourraient \u00eatre \u00e9conomis\u00e9s si ces syst\u00e8mes \u00e9taient mis hors service.<\/p>\n<\/div>\n\n\n\n<div style=\"height:30px\" aria-hidden=\"true\" class=\"wp-block-spacer\"><\/div>\n\n\n\n<div class=\"wp-block-group is-vertical is-layout-flex wp-container-core-group-is-layout-8cf370e7 wp-block-group-is-layout-flex\">\n<p><strong>E3 : Votre activit\u00e9 classique ... A quoi ressemble le deuxi\u00e8me groupe ?<\/strong><\/p>\n\n\n\n<p><strong>Failer<\/strong>Je suppose qu'il y a maintenant un grand nombre de clients SAP existants qui ont \u00e9t\u00e9 convaincus par les arguments en faveur de SAP Cloud. Ils aimeraient profiter de l'all\u00e8gement de la charge de travail lorsque SAP prend en charge la maintenance du syst\u00e8me et de l'infrastructure. Ils souhaiteraient \u00e9galement miser sur le standard SAP, c'est-\u00e0-dire suivre la strat\u00e9gie Clean Core de SAP. Toutefois, ils pr\u00e9f\u00e9reraient que ce passage au cloud se fasse en deux \u00e9tapes. La premi\u00e8re \u00e9tape consisterait \u00e0 transf\u00e9rer leur syst\u00e8me ECC 6.0 dans le cloud SAP. La transformation vers SAP S\/4 Hana n'interviendrait qu'\u00e0 un stade ult\u00e9rieur. SAP l'a compris et a r\u00e9cemment propos\u00e9 une offre correspondante, SAP ERP, Private Edition, Transition Option, qui peut assurer des transformations complexes. Nous nous en f\u00e9licitons \u00e9galement, mais nous conseillons \u00e0 ces clients SAP existants d'all\u00e9ger leur syst\u00e8me SAP existant de toute charge de donn\u00e9es inutile avant de le transf\u00e9rer vers le cloud SAP.<\/p>\n<\/div>\n\n\n\n<div style=\"height:30px\" aria-hidden=\"true\" class=\"wp-block-spacer\"><\/div>\n\n\n\n<div class=\"wp-block-group is-vertical is-layout-flex wp-container-core-group-is-layout-8cf370e7 wp-block-group-is-layout-flex\">\n<p><strong>E3 : Vous avez raison. Comment caract\u00e9riseriez-vous le troisi\u00e8me groupe ?<\/strong><\/p>\n\n\n\n<p><strong>Failer<\/strong>: C'est probablement le plus grand de tous. Les entreprises de ce groupe sont d\u00e9j\u00e0 en cours de transformation vers S\/4 Hana. Peut-\u00eatre la moiti\u00e9 d'entre elles travaillent activement \u00e0 la migration ou \u00e0 la consolidation du syst\u00e8me, tandis que les autres traversent actuellement les diff\u00e9rentes phases de pr\u00e9paration ainsi que des avant-projets vers SAP ECC 6.0. Parmi ces avant-projets, on trouve notamment l'introduction du nouveau ledger g\u00e9n\u00e9ral ou de l'objet de gestion Partenaire, qui remplace les objets actuels tels que le client ou le fournisseur, ainsi que le passage \u00e0 la base de donn\u00e9es SAP Hana.<\/p>\n<\/div>\n\n\n\n<div style=\"height:30px\" aria-hidden=\"true\" class=\"wp-block-spacer\"><\/div>\n\n\n\n<div class=\"wp-block-group is-vertical is-layout-flex wp-container-core-group-is-layout-8cf370e7 wp-block-group-is-layout-flex\">\n<p><strong>E3 : Les avant-projets ne sont-ils pas une \u00e9tape interm\u00e9diaire utile ?<\/strong><\/p>\n\n\n\n<p><strong>Failer<\/strong>: De notre point de vue, non. En effet, avec les avant-projets, les clients SAP existants font des d\u00e9tours au lieu de choisir la voie directe. Les questions centrales d'un projet de transformation restent alors sans r\u00e9ponse.<\/p>\n<\/div>\n\n\n\n<div style=\"height:30px\" aria-hidden=\"true\" class=\"wp-block-spacer\"><\/div>\n\n\n\n<div class=\"wp-block-group is-vertical is-layout-flex wp-container-core-group-is-layout-8cf370e7 wp-block-group-is-layout-flex\">\n<p><strong>E3 : Quels sont-ils ?<\/strong><\/p>\n\n\n\n<p><strong>Failer<\/strong>Combien de donn\u00e9es de base et de donn\u00e9es de mouvement sont n\u00e9cessaires dans SAP S\/4 Hana ? Est-il vraiment n\u00e9cessaire de tra\u00eener tout l'historique avec soi ? Ce poids rend difficile le retour au standard, prolonge les projets et emp\u00eache l'introduction de nouveaux et meilleurs processus. Les clients SAP existants qui veulent profiter de Clean Core et des possibilit\u00e9s de la Business Technology Platform sont particuli\u00e8rement concern\u00e9s.<\/p>\n<\/div>\n\n\n\n<div style=\"height:30px\" aria-hidden=\"true\" class=\"wp-block-spacer\"><\/div>\n\n\n\n<div class=\"wp-block-group is-vertical is-layout-flex wp-container-core-group-is-layout-8cf370e7 wp-block-group-is-layout-flex\">\n<p><strong>E3 : Vous devez expliquer cela.<\/strong><\/p>\n\n\n\n<p><strong>Failer<\/strong>Les usines, composants, clients ou fournisseurs qui n'existent plus apportent des structures de donn\u00e9es issues des anciens syst\u00e8mes qui ne correspondent pas ou seulement partiellement aux nouveaux processus et param\u00e8tres nettoy\u00e9s dans SAP S\/4 Hana. Il est alors certainement judicieux d'impl\u00e9menter quelques adaptations et extensions individuelles pour des processus sp\u00e9cifiques \u00e0 l'entreprise. Toutefois, d'apr\u00e8s notre exp\u00e9rience, un client SAP existant n'a besoin en moyenne que de cinq \u00e0 dix pour cent maximum des donn\u00e9es de mouvement existantes, d'environ 20 pour cent des donn\u00e9es de base et de seulement la moiti\u00e9 des param\u00e8tres de Customizing actuels tels que les unit\u00e9s organisationnelles ou les types de documents, etc. dans le nouveau S\/4 Hana. Les avant-projets mentionn\u00e9s ne permettent pas cette r\u00e9duction. Par cons\u00e9quent, le temps, les ressources et les co\u00fbts qui y sont consacr\u00e9s sont un pur gaspillage. Sans compter que, comme pour le premier groupe, le d\u00e9classement des syst\u00e8mes existants ne fait justement pas partie de ces avant-projets.<\/p>\n<\/div>\n\n\n\n<div style=\"height:30px\" aria-hidden=\"true\" class=\"wp-block-spacer\"><\/div>\n\n\n\n<div class=\"wp-block-stackable-image stk-block-image stk-block stk-ec6308e\" data-block-id=\"ec6308e\"><style>.stk-ec6308e .stk-img-figcaption{text-align:center !important;}.stk-ec6308e .stk-img-wrapper{width:70% !important;}<\/style><figure><span class=\"stk-img-wrapper stk-image--shape-stretch stk--has-lightbox\"><img loading=\"lazy\" decoding=\"async\" class=\"stk-img wp-image-149232\" src=\"https:\/\/e3mag.com\/wp-content\/uploads\/2025\/02\/SPP2903-scaled.jpg\" width=\"2560\" height=\"1707\" srcset=\"https:\/\/e3mag.com\/wp-content\/uploads\/2025\/02\/SPP2903-scaled.jpg 1620w, https:\/\/e3mag.com\/wp-content\/uploads\/2025\/02\/SPP2903-400x267.jpg 400w, https:\/\/e3mag.com\/wp-content\/uploads\/2025\/02\/SPP2903-1200x800.jpg 1200w, https:\/\/e3mag.com\/wp-content\/uploads\/2025\/02\/SPP2903-768x512.jpg 768w, https:\/\/e3mag.com\/wp-content\/uploads\/2025\/02\/SPP2903-100x67.jpg 100w, https:\/\/e3mag.com\/wp-content\/uploads\/2025\/02\/SPP2903-480x320.jpg 480w, https:\/\/e3mag.com\/wp-content\/uploads\/2025\/02\/SPP2903-640x427.jpg 640w, https:\/\/e3mag.com\/wp-content\/uploads\/2025\/02\/SPP2903-720x480.jpg 720w, https:\/\/e3mag.com\/wp-content\/uploads\/2025\/02\/SPP2903-960x640.jpg 960w, https:\/\/e3mag.com\/wp-content\/uploads\/2025\/02\/SPP2903-1168x779.jpg 1168w, https:\/\/e3mag.com\/wp-content\/uploads\/2025\/02\/SPP2903-1440x960.jpg 1440w, https:\/\/e3mag.com\/wp-content\/uploads\/2025\/02\/SPP2903-2048x1366.jpg 1619w, https:\/\/e3mag.com\/wp-content\/uploads\/2025\/02\/SPP2903-1536x1024.jpg 1536w, https:\/\/e3mag.com\/wp-content\/uploads\/2025\/02\/SPP2903-18x12.jpg 18w, https:\/\/e3mag.com\/wp-content\/uploads\/2025\/02\/SPP2903-600x400.jpg 600w\" sizes=\"auto, (max-width: 2560px) 100vw, 2560px\" \/><\/span><figcaption class=\"stk-img-figcaption\">\"J'estime qu'il y a environ 35.000 syst\u00e8mes ECC sur le march\u00e9 qui sont susceptibles de faire l'objet d'une transformation S\/4\".<br><strong>Thomas Failer<\/strong>Fondateur et PDG du groupe Data Migration International<\/figcaption><\/figure><\/div>\n\n\n\n<div style=\"height:30px\" aria-hidden=\"true\" class=\"wp-block-spacer\"><\/div>\n\n\n\n<div class=\"wp-block-group is-vertical is-layout-flex wp-container-core-group-is-layout-8cf370e7 wp-block-group-is-layout-flex\">\n<p><strong>E3 : Comment pouvez-vous aider concr\u00e8tement ces clients ?<\/strong><\/p>\n\n\n\n<p><strong>Failer<\/strong>Avec notre approche Empty-Shell et r\u00e9duction, la transformation ainsi que la migration via la couche d'application et les outils de migration standard comme le SAP Migration Cockpit, nous pouvons transformer pratiquement chaque projet en un projet Greenfield ou de conversion. Les avant-projets deviennent ainsi superflus et le d\u00e9classement juridiquement s\u00fbr des syst\u00e8mes patrimoniaux est possible. Nous optimisons la qualit\u00e9 des donn\u00e9es, une condition pr\u00e9alable, ou plut\u00f4t la condition centrale, pour une utilisation efficace de l'IA dans l'entreprise. En effet, des donn\u00e9es de mauvaise qualit\u00e9 ont plus de chances de nuire \u00e0 l'intelligence artificielle que d'\u00eatre utiles. En outre, nous veillons \u00e0 ce que le syst\u00e8me SAP S\/4 Hana reste durablement l\u00e9ger et puisse ainsi \u00eatre exploit\u00e9 \u00e0 moindre co\u00fbt. Car la m\u00e9moire vive reste ch\u00e8re. En chiffres, cela signifie 80 co\u00fbts en moins par rapport \u00e0 la poursuite de l'exploitation des syst\u00e8mes existants, une r\u00e9duction de moiti\u00e9 des efforts de transformation et une diminution estim\u00e9e \u00e0 25 pour cent du co\u00fbt total de possession lors de l'utilisation de SAP S\/4 Hana. Et tout cela avec une s\u00e9curit\u00e9 juridique de 100 %. Nous pouvons offrir tous ces avantages aux trois groupes.<\/p>\n<\/div>\n\n\n\n<div style=\"height:30px\" aria-hidden=\"true\" class=\"wp-block-spacer\"><\/div>\n\n\n\n<div class=\"wp-block-group is-vertical is-layout-flex wp-container-core-group-is-layout-8cf370e7 wp-block-group-is-layout-flex\">\n<p><strong>E3 : Expliquez encore une fois votre approche de mani\u00e8re un peu plus d\u00e9taill\u00e9e, s'il vous pla\u00eet.<\/strong><\/p>\n\n\n\n<p><strong>Failer<\/strong>La base est la s\u00e9paration de la couche de donn\u00e9es de la couche d'application. Car les deux ont leurs propres cycles de vie. Les donn\u00e9es vivent plus longtemps que les applications dans lesquelles elles ont \u00e9t\u00e9 cr\u00e9\u00e9es. Pour permettre cette s\u00e9paration, nous avons cr\u00e9\u00e9 une plate-forme sur laquelle nous pouvons g\u00e9rer le cycle de vie des donn\u00e9es patrimoniales jusqu'\u00e0 leur suppression l\u00e9gale, parfois apr\u00e8s des d\u00e9cennies. Nous transf\u00e9rons toutes les donn\u00e9es h\u00e9rit\u00e9es sur cette plateforme. Nos clients peuvent y d\u00e9terminer et d\u00e9cider quelles donn\u00e9es ils souhaitent transf\u00e9rer vers SAP S\/4 Hana et les r\u00e9duire au strict minimum. Les commandes en cours sont un exemple de donn\u00e9es de ce type. L'exp\u00e9rience montre, je le r\u00e9p\u00e8te, que seuls cinq \u00e0 dix pour cent des donn\u00e9es de mouvement des syst\u00e8mes existants doivent \u00eatre transf\u00e9r\u00e9s vers SAP S\/4 Hana, tandis que toutes les donn\u00e9es existantes restent sur notre plateforme.<\/p>\n<\/div>\n\n\n\n<div style=\"height:30px\" aria-hidden=\"true\" class=\"wp-block-spacer\"><\/div>\n\n\n\n<div class=\"wp-block-group is-vertical is-layout-flex wp-container-core-group-is-layout-8cf370e7 wp-block-group-is-layout-flex\">\n<p><strong>E3 : Et les donn\u00e9es de base ?<\/strong><\/p>\n\n\n\n<p><strong>Failer<\/strong>Cela vaut \u00e9galement pour les donn\u00e9es de base. En moyenne, nos clients doivent encore transformer 20 % de leurs donn\u00e9es avec la g\u00e9n\u00e9ration actuelle de logiciels. Outre la r\u00e9duction, le th\u00e8me de l'assurance qualit\u00e9 est presque encore plus important. Au fil des ann\u00e9es, voire des d\u00e9cennies, d'innombrables donn\u00e9es de base redondantes, incompl\u00e8tes et erron\u00e9es s'accumulent. Mais leur reprise, m\u00eame si elles ont \u00e9t\u00e9 r\u00e9duites, n'a de sens que si elles sont compl\u00e8tes, nettoy\u00e9es et correctes, voire, dans l'id\u00e9al, enrichies \u00e0 partir d'autres sources. La transformation vers S\/4 Hana via notre plateforme offre aux clients SAP existants une chance unique de prendre leur envol avec des donn\u00e9es de haute qualit\u00e9 et d'exploiter le potentiel de l'analyse des donn\u00e9es et de l'IA.<\/p>\n<\/div>\n\n\n\n<div style=\"height:30px\" aria-hidden=\"true\" class=\"wp-block-spacer\"><\/div>\n\n\n\n<div class=\"wp-block-group is-vertical is-layout-flex wp-container-core-group-is-layout-8cf370e7 wp-block-group-is-layout-flex\">\n<p><strong>E3 : Mais on pourrait aussi le faire avec d'autres outils ...<\/strong><\/p>\n\n\n\n<p><strong>Failer<\/strong>Mais pas aussi rapidement, facilement et sans risque. En outre, vous avez besoin pour cela d'une bo\u00eete \u00e0 outils de diff\u00e9rents fabricants. Cela signifie plus de complexit\u00e9 et, par cons\u00e9quent, plus d'efforts et de sources d'erreurs possibles, surtout si la transformation a lieu au niveau des tables. Nous avons une plate-forme sur laquelle les clients SAP existants peuvent obtenir toutes les possibilit\u00e9s que nous proposons, de l'extraction \u00e0 grande vitesse des donn\u00e9es des syst\u00e8mes existants \u00e0 la transformation et \u00e0 la migration via la couche d'application, en passant par la r\u00e9duction des donn\u00e9es, la gestion de la r\u00e9tention et l'optimisation de la qualit\u00e9 des donn\u00e9es, le tout d'un seul tenant, pour ainsi dire. Au lieu d'outils, ils obtiennent des fonctionnalit\u00e9s enti\u00e8rement int\u00e9gr\u00e9es sur une seule plateforme.<\/p>\n<\/div>\n\n\n\n<div style=\"height:30px\" aria-hidden=\"true\" class=\"wp-block-spacer\"><\/div>\n\n\n\n<div class=\"wp-block-group is-vertical is-layout-flex wp-container-core-group-is-layout-8cf370e7 wp-block-group-is-layout-flex\">\n<p><strong>E3 : Les donn\u00e9es sont une chose, les objets commerciaux une autre, si je vous comprends bien, n'est-ce pas ?<\/strong><\/p>\n\n\n\n<p><strong>Failer<\/strong>Oui, mais les deux sont \u00e9troitement li\u00e9s. Car un objet m\u00e9tier est d\u00e9fini par les donn\u00e9es qui lui sont associ\u00e9es. Cette \u00e9troite interd\u00e9pendance a des cons\u00e9quences dramatiques. Un exemple illustratif est l'objet commercial Partenaire dans SAP S\/4, qui remplace les objets ECC 6.0 Client, Fournisseur et Partenaire. Pour identifier et migrer de mani\u00e8re fiable les donn\u00e9es de base et les donn\u00e9es de mouvement n\u00e9cessaires \u00e0 cet effet dans les bases de donn\u00e9es existantes, il est plus facile et sans erreur de les d\u00e9terminer, de les transformer et de les migrer en dehors des anciens syst\u00e8mes, c'est-\u00e0-dire sur notre plateforme. C'est \u00e9galement la condition pr\u00e9alable \u00e0 la migration via la couche d'application, semblable \u00e0 une conversion. Mais ce qui est au moins aussi important, c'est que notre approche facilite et acc\u00e9l\u00e8re la mise en \u0153uvre de SAP S\/4 Hana.<\/p>\n<\/div>\n\n\n\n<div style=\"height:30px\" aria-hidden=\"true\" class=\"wp-block-spacer\"><\/div>\n\n\n\n<div class=\"wp-block-group is-vertical is-layout-flex wp-container-core-group-is-layout-8cf370e7 wp-block-group-is-layout-flex\">\n<p><strong>E3 : Et comment les donn\u00e9es arrivent-elles dans le nouveau syst\u00e8me ?<\/strong><\/p>\n\n\n\n<p><strong>Failer<\/strong>Nous veillons \u00e0 ce que toutes les donn\u00e9es requises par les objets de gestion dans le nouveau syst\u00e8me S\/4 soient disponibles, identifi\u00e9es, nettoy\u00e9es, enrichies et transform\u00e9es de mani\u00e8re \u00e0 ce qu'elles correspondent exactement aux objets de gestion. Nous migrons ensuite ces donn\u00e9es vers SAP S\/4 Hana via la couche d'application et le SAP Migration Cockpit. C'est le moyen le plus rapide et le moins risqu\u00e9 qui soit.<\/p>\n<\/div>\n\n\n\n<div style=\"height:30px\" aria-hidden=\"true\" class=\"wp-block-spacer\"><\/div>\n\n\n\n<div class=\"wp-block-group is-vertical is-layout-flex wp-container-core-group-is-layout-8cf370e7 wp-block-group-is-layout-flex\">\n<p><strong>E3 : Comment cela peut-il aider les groupes de clients SAP existants que vous avez mentionn\u00e9s ?<\/strong><\/p>\n\n\n\n<p><strong>Failer<\/strong>Tout d'abord, nous pouvons aider tous ces groupes avec notre approche. Nous leur donnons de l'ind\u00e9pendance. Nous aidons le premier \u00e0 mettre hors service ses syst\u00e8mes en toute s\u00e9curit\u00e9 juridique, ce qui lui permet en g\u00e9n\u00e9ral d'\u00e9conomiser 80% ou plus des co\u00fbts par rapport \u00e0 la poursuite de l'exploitation des anciens syst\u00e8mes. Cela r\u00e9duit en m\u00eame temps massivement le risque de s\u00e9curit\u00e9, car les anciens syst\u00e8mes finissent par ne plus faire l'objet d'une maintenance et les correctifs de s\u00e9curit\u00e9 ne sont plus disponibles pour eux.<\/p>\n<\/div>\n\n\n\n<div style=\"height:30px\" aria-hidden=\"true\" class=\"wp-block-spacer\"><\/div>\n\n\n\n<div class=\"wp-block-group is-vertical is-layout-flex wp-container-core-group-is-layout-8cf370e7 wp-block-group-is-layout-flex\">\n<p><strong>E3 : Comment cela peut-il profiter au deuxi\u00e8me groupe, qui veut justement continuer \u00e0 utiliser son syst\u00e8me ECC ?<\/strong><\/p>\n\n\n\n<p><strong>Failer<\/strong>La mise hors service du syst\u00e8me n'est qu'une des fonctionnalit\u00e9s de notre plate-forme de gestion de l'information d'entreprise, JiVS IMP. Pour le deuxi\u00e8me groupe, nous avons d'autres avantages. Avant que ces clients SAP existants ne transf\u00e8rent leur syst\u00e8me ECC 6.0 vers le cloud SAP, nous pouvons transf\u00e9rer l'ensemble des donn\u00e9es sur notre plate-forme afin de les nettoyer, mais surtout de r\u00e9duire la quantit\u00e9 de donn\u00e9es au minimum n\u00e9cessaire. Si les clients ont besoin d'acc\u00e9der aux anciennes donn\u00e9es, ils peuvent le faire directement depuis leur SAP GUI ou via Fiori. Ils peuvent \u00e9galement utiliser l'interface de notre plateforme pour acc\u00e9der aux anciennes donn\u00e9es. En outre, au niveau des donn\u00e9es, les entreprises sont parfaitement pr\u00e9par\u00e9es \u00e0 une migration ult\u00e9rieure vers S\/4, plus rapide et plus simple. Cela leur donne \u00e9galement plus de libert\u00e9 de d\u00e9cision et donc d'ind\u00e9pendance.<\/p>\n<\/div>\n\n\n\n<div style=\"height:30px\" aria-hidden=\"true\" class=\"wp-block-spacer\"><\/div>\n\n\n\n<div class=\"wp-block-group is-vertical is-layout-flex wp-container-core-group-is-layout-8cf370e7 wp-block-group-is-layout-flex\">\n<p><strong>E3 : Qu'en est-il du troisi\u00e8me groupe ?<\/strong><\/p>\n\n\n\n<p><strong>Failer<\/strong>Ceux qui ont d\u00e9j\u00e0 introduit SAP S\/4 Hana peuvent utiliser notre plate-forme pour d\u00e9classer leurs anciens syst\u00e8mes. En outre, leur nouveau syst\u00e8me reste all\u00e9g\u00e9. De plus, nous pouvons optimiser les anciennes donn\u00e9es ult\u00e9rieurement afin que les clients SAP existants puissent \u00e9galement profiter de l'IA. Et pour tous les autres, qui en sont encore au stade de la pr\u00e9paration, nous pouvons leur \u00e9pargner les avant-projets et leur permettre de r\u00e9aliser la transformation et la migration en une seule \u00e9tape, avec beaucoup moins d'efforts, y compris financiers. En m\u00eame temps, ils obtiennent 100 % de s\u00e9curit\u00e9 juridique, de gestion de la r\u00e9tention et de s\u00e9curit\u00e9 informatique en plus. Cela signifie moins de co\u00fbts, moins de risques, plus de rapidit\u00e9 et surtout plus d'ind\u00e9pendance vis-\u00e0-vis des charges h\u00e9rit\u00e9es du pass\u00e9.<\/p>\n<\/div>\n\n\n\n<div style=\"height:30px\" aria-hidden=\"true\" class=\"wp-block-spacer\"><\/div>\n\n\n\n<p><strong>E3 : Monsieur Failer, nous vous remercions pour cet entretien.<\/strong><\/p>\n\n\n\n\n\n\n\n<p><a href=\"https:\/\/jivs.com\/\" target=\"_blank\" rel=\"noreferrer noopener\">jivs.com<\/a><\/p>\n\n\n\n<figure class=\"wp-block-image size-full\"><a href=\"https:\/\/e3mag.com\/de\/pdfs\/2503-cover\/\" target=\"_blank\" rel=\"noreferrer noopener\"><img loading=\"lazy\" decoding=\"async\" width=\"1000\" height=\"125\" src=\"https:\/\/e3mag.com\/wp-content\/uploads\/2021\/04\/Download-Coverstory.jpg\" alt=\"\" class=\"wp-image-73569\" srcset=\"https:\/\/e3mag.com\/wp-content\/uploads\/2021\/04\/Download-Coverstory.jpg 1000w, https:\/\/e3mag.com\/wp-content\/uploads\/2021\/04\/Download-Coverstory-768x96.jpg 768w, https:\/\/e3mag.com\/wp-content\/uploads\/2021\/04\/Download-Coverstory-100x13.jpg 100w, https:\/\/e3mag.com\/wp-content\/uploads\/2021\/04\/Download-Coverstory-480x60.jpg 480w, https:\/\/e3mag.com\/wp-content\/uploads\/2021\/04\/Download-Coverstory-640x80.jpg 640w, https:\/\/e3mag.com\/wp-content\/uploads\/2021\/04\/Download-Coverstory-720x90.jpg 720w, https:\/\/e3mag.com\/wp-content\/uploads\/2021\/04\/Download-Coverstory-960x120.jpg 960w\" sizes=\"auto, (max-width: 1000px) 100vw, 1000px\" \/><\/a><\/figure>","protected":false},"excerpt":{"rendered":"<p>En 2030, ce sera la fin. \u00c0 cette date, tous les clients SAP existants devront avoir transform\u00e9 leurs syst\u00e8mes h\u00e9rit\u00e9s en SAP S\/4 Hana. Nous avons parl\u00e9 de l'\u00e9tat actuel des projets avec Thomas Failer, sp\u00e9cialiste de la gestion de l'information et de la transformation S\/4.<\/p>","protected":false},"author":2509,"featured_media":149231,"comment_status":"open","ping_status":"closed","sticky":false,"template":"","format":"standard","meta":{"_acf_changed":false,"pmpro_default_level":"","footnotes":""},"categories":[44087,44088],"tags":[38712],"coauthors":[40343],"class_list":["post-149227","post","type-post","status-publish","format-standard","has-post-thumbnail","hentry","category-coverstory-25-03","category-mag-25-03","tag-s-4-transformation","pmpro-has-access"],"acf":[],"featured_image_urls_v2":{"full":["https:\/\/e3mag.com\/wp-content\/uploads\/2025\/02\/Feilner.jpg",1000,450,false],"thumbnail":["https:\/\/e3mag.com\/wp-content\/uploads\/2025\/02\/Feilner-150x150.jpg",150,150,true],"medium":["https:\/\/e3mag.com\/wp-content\/uploads\/2025\/02\/Feilner-400x180.jpg",400,180,true],"medium_large":["https:\/\/e3mag.com\/wp-content\/uploads\/2025\/02\/Feilner-768x346.jpg",768,346,true],"large":["https:\/\/e3mag.com\/wp-content\/uploads\/2025\/02\/Feilner.jpg",1000,450,false],"image-100":["https:\/\/e3mag.com\/wp-content\/uploads\/2025\/02\/Feilner-100x45.jpg",100,45,true],"image-480":["https:\/\/e3mag.com\/wp-content\/uploads\/2025\/02\/Feilner-480x216.jpg",480,216,true],"image-640":["https:\/\/e3mag.com\/wp-content\/uploads\/2025\/02\/Feilner-640x288.jpg",640,288,true],"image-720":["https:\/\/e3mag.com\/wp-content\/uploads\/2025\/02\/Feilner-720x324.jpg",720,324,true],"image-960":["https:\/\/e3mag.com\/wp-content\/uploads\/2025\/02\/Feilner-960x432.jpg",960,432,true],"image-1168":["https:\/\/e3mag.com\/wp-content\/uploads\/2025\/02\/Feilner.jpg",1000,450,false],"image-1440":["https:\/\/e3mag.com\/wp-content\/uploads\/2025\/02\/Feilner.jpg",1000,450,false],"image-1920":["https:\/\/e3mag.com\/wp-content\/uploads\/2025\/02\/Feilner.jpg",1000,450,false],"1536x1536":["https:\/\/e3mag.com\/wp-content\/uploads\/2025\/02\/Feilner.jpg",1000,450,false],"2048x2048":["https:\/\/e3mag.com\/wp-content\/uploads\/2025\/02\/Feilner.jpg",1000,450,false],"trp-custom-language-flag":["https:\/\/e3mag.com\/wp-content\/uploads\/2025\/02\/Feilner-18x8.jpg",18,8,true],"bricks_large_16x9":["https:\/\/e3mag.com\/wp-content\/uploads\/2025\/02\/Feilner.jpg",1000,450,false],"bricks_large":["https:\/\/e3mag.com\/wp-content\/uploads\/2025\/02\/Feilner.jpg",1000,450,false],"bricks_large_square":["https:\/\/e3mag.com\/wp-content\/uploads\/2025\/02\/Feilner.jpg",1000,450,false],"bricks_medium":["https:\/\/e3mag.com\/wp-content\/uploads\/2025\/02\/Feilner-600x270.jpg",600,270,true],"bricks_medium_square":["https:\/\/e3mag.com\/wp-content\/uploads\/2025\/02\/Feilner-600x450.jpg",600,450,true],"profile_24":["https:\/\/e3mag.com\/wp-content\/uploads\/2025\/02\/Feilner-24x24.jpg",24,24,true],"profile_48":["https:\/\/e3mag.com\/wp-content\/uploads\/2025\/02\/Feilner-48x48.jpg",48,48,true],"profile_96":["https:\/\/e3mag.com\/wp-content\/uploads\/2025\/02\/Feilner-96x96.jpg",96,96,true],"profile_150":["https:\/\/e3mag.com\/wp-content\/uploads\/2025\/02\/Feilner-150x150.jpg",150,150,true],"profile_300":["https:\/\/e3mag.com\/wp-content\/uploads\/2025\/02\/Feilner-300x300.jpg",300,300,true]},"post_excerpt_stackable_v2":"<p>2030 ist Schluss. Dann m\u00fcssen alle SAP-Bestandskunden ihre Legacy-Systeme nach SAP S\/4 Hana transformiert haben. \u00dcber den aktuellen Status der Projekte haben wir mit dem Spezialisten f\u00fcr Informationsmanagement und S\/4-Transformation Thomas Failer gesprochen.<\/p>\n","category_list_v2":"<a href=\"https:\/\/e3mag.com\/fr\/category\/coverstorys\/coverstory-25-03\/\" rel=\"category tag\">Coverstory 25-03<\/a>, <a href=\"https:\/\/e3mag.com\/fr\/category\/mag-25-03\/\" rel=\"category tag\">MAG 25-03<\/a>","author_info_v2":{"name":"Migration internationale des donn\u00e9es","url":"https:\/\/e3mag.com\/fr\/author\/data-migration-international\/"},"comments_num_v2":"0 commentaire","_links":{"self":[{"href":"https:\/\/e3mag.com\/fr\/wp-json\/wp\/v2\/posts\/149227","targetHints":{"allow":["GET"]}}],"collection":[{"href":"https:\/\/e3mag.com\/fr\/wp-json\/wp\/v2\/posts"}],"about":[{"href":"https:\/\/e3mag.com\/fr\/wp-json\/wp\/v2\/types\/post"}],"author":[{"embeddable":true,"href":"https:\/\/e3mag.com\/fr\/wp-json\/wp\/v2\/users\/2509"}],"replies":[{"embeddable":true,"href":"https:\/\/e3mag.com\/fr\/wp-json\/wp\/v2\/comments?post=149227"}],"version-history":[{"count":5,"href":"https:\/\/e3mag.com\/fr\/wp-json\/wp\/v2\/posts\/149227\/revisions"}],"predecessor-version":[{"id":149391,"href":"https:\/\/e3mag.com\/fr\/wp-json\/wp\/v2\/posts\/149227\/revisions\/149391"}],"wp:featuredmedia":[{"embeddable":true,"href":"https:\/\/e3mag.com\/fr\/wp-json\/wp\/v2\/media\/149231"}],"wp:attachment":[{"href":"https:\/\/e3mag.com\/fr\/wp-json\/wp\/v2\/media?parent=149227"}],"wp:term":[{"taxonomy":"category","embeddable":true,"href":"https:\/\/e3mag.com\/fr\/wp-json\/wp\/v2\/categories?post=149227"},{"taxonomy":"post_tag","embeddable":true,"href":"https:\/\/e3mag.com\/fr\/wp-json\/wp\/v2\/tags?post=149227"},{"taxonomy":"author","embeddable":true,"href":"https:\/\/e3mag.com\/fr\/wp-json\/wp\/v2\/coauthors?post=149227"}],"curies":[{"name":"wp","href":"https:\/\/api.w.org\/{rel}","templated":true}]}}