{"id":146589,"date":"2024-10-24T10:24:33","date_gmt":"2024-10-24T08:24:33","guid":{"rendered":"http:\/\/e3mag.com\/?p=146589"},"modified":"2025-10-27T12:04:34","modified_gmt":"2025-10-27T11:04:34","slug":"sap-ambassadeur","status":"publish","type":"post","link":"https:\/\/e3mag.com\/fr\/sap-botschafter\/","title":{"rendered":"Ambassadeur SAP"},"content":{"rendered":"<p>Au plus tard depuis la keynote DSAG 2024 de Thomas Saueressig, la nouvelle double direction de SAP est officielle : Christian Klein et Thomas Saueressig. La question de savoir si cette \"dream team\" conna\u00eetra un destin similaire \u00e0 celui des doubles dirigeants pr\u00e9c\u00e9dents reste totalement incertaine et ouverte. Le magazine E3 m\u00e8ne depuis un an des recherches au centre SAP de Walldorf et au sein de la communaut\u00e9 SAP afin d'interpr\u00e9ter les \u00e9volutions au sein du comit\u00e9 directeur de SAP, parall\u00e8lement au d\u00e9part du professeur Hasso Plattner du conseil de surveillance.<\/p>\n\n\n\n<p>Le d\u00e9part des membres du conseil d'administration de SAP Julia White et Scott Russell, qui en a surpris plus d'un, \u00e9tait pr\u00e9visible depuis longtemps pour la r\u00e9daction d'E3 : Julia White \u00e9tait une directrice marketing assidue qui a mis en \u0153uvre avec succ\u00e8s de nouvelles impulsions et proc\u00e9dures dans l'approche des clients et l'administration web, y compris les fonctions CRM. Mais elle n'a pas d\u00e9l\u00e9gu\u00e9 ces t\u00e2ches et mesures de r\u00e9paration n\u00e9cessaires \u00e0 des d\u00e9partements subordonn\u00e9s, elle s'est occup\u00e9e elle-m\u00eame de la mise en \u0153uvre op\u00e9rationnelle - ce qui lui a permis de r\u00e9ussir, mais elle a manqu\u00e9 la fonction strat\u00e9gique d'un membre du conseil d'administration de SAP. La talentueuse directrice marketing n'\u00e9tait pas m\u00fbre pour un poste de direction et ne pouvait qu'\u00e9chouer.<\/p>\n\n\n\n<p>Il existait un plan secret du conseil de surveillance qui pr\u00e9voyait de ne pas prolonger le contrat de direction de Julia White et de la laisser partir \u00e0 la fin de l'ann\u00e9e 2023. Puis, \u00e0 la surprise g\u00e9n\u00e9rale, Sabine Bendiek, responsable des ressources humaines, a annonc\u00e9 son retrait du directoire de SAP et le conseil de surveillance a tir\u00e9 la sonnette d'alarme : Si SAP perd deux femmes membres de son conseil d'administration en un an, la presse criera haut et fort que SAP ne sait pas s'y prendre avec les femmes (il s'agissait alors probablement de Hasso Plattner). Julia White a donc pu rester une ann\u00e9e de plus et pour sauver les apparences, son contrat a m\u00eame \u00e9t\u00e9 prolong\u00e9. Elle trouve ainsi un moyen lucratif de quitter SAP et va probablement poursuivre sa carri\u00e8re en Am\u00e9rique du Nord.<\/p>\n\n\n\n<p>Pour les initi\u00e9s, la catastrophe autour du directeur commercial Scott Russell s'est \u00e9galement dessin\u00e9e d\u00e8s l'automne 2023 : Avec Muhammad Alam, nouveau membre du directoire de SAP, et Punit Renjen, successeur d\u00e9chu de Plattner, ainsi que Thomas Saueressig, agissant en coulisses, la restructuration du personnel a commenc\u00e9. Christina Kyriasoglou, auteur d'un article sur le Manager Magazin, r\u00e9sume ainsi la situation : \"Le conseil de surveillance s'est montr\u00e9 de plus en plus pr\u00e9occup\u00e9 par le fait que le passage \u00e0 la phase suivante sous la direction de Russell se d\u00e9roule trop lentement. A moyen terme, cela pourrait se r\u00e9percuter sur le chiffre d'affaires. On a donc sugg\u00e9r\u00e9 depuis longtemps \u00e0 Russell de changer d'approche, dit-on dans les cercles du conseil de surveillance. Mais apparemment en vain. D\u00e9j\u00e0 en janvier, lorsque le CEO Klein a pr\u00e9sent\u00e9 la r\u00e9organisation du groupe, le m\u00e9contentement croissant \u00e0 l'\u00e9gard de Russell \u00e9tait perceptible. Le manager a perdu la moiti\u00e9 de son organisation, le nouveau d\u00e9partement qui en a r\u00e9sult\u00e9 est depuis dirig\u00e9 par l'ancien chef de produit Thomas Saueressig\". Le nouveau chef de produit est Muhammad Alam, dont l'intronisation a commenc\u00e9 alors que Punit Renjen \u00e9tait encore en phase de construction.<\/p>\n\n\n\n<div class=\"wp-block-stackable-image stk-block-image stk-block stk-8f5be02\" data-block-id=\"8f5be02\"><style>.stk-8f5be02 .stk-img-figcaption{text-align:center !important;}.stk-8f5be02 .stk-img-wrapper{width:70% !important;}<\/style><figure><span class=\"stk-img-wrapper stk-image--shape-stretch stk--has-lightbox\"><img loading=\"lazy\" decoding=\"async\" class=\"stk-img wp-image-146665\" src=\"https:\/\/e3mag.com\/wp-content\/uploads\/2024\/10\/SAP1126806_Saueressig_sylvianebrauer_23092024-3_cmyk.jpg\" width=\"909\" height=\"606\" srcset=\"https:\/\/e3mag.com\/wp-content\/uploads\/2024\/10\/SAP1126806_Saueressig_sylvianebrauer_23092024-3_cmyk.jpg 909w, https:\/\/e3mag.com\/wp-content\/uploads\/2024\/10\/SAP1126806_Saueressig_sylvianebrauer_23092024-3_cmyk-400x267.jpg 400w, https:\/\/e3mag.com\/wp-content\/uploads\/2024\/10\/SAP1126806_Saueressig_sylvianebrauer_23092024-3_cmyk-768x512.jpg 768w, https:\/\/e3mag.com\/wp-content\/uploads\/2024\/10\/SAP1126806_Saueressig_sylvianebrauer_23092024-3_cmyk-100x67.jpg 100w, https:\/\/e3mag.com\/wp-content\/uploads\/2024\/10\/SAP1126806_Saueressig_sylvianebrauer_23092024-3_cmyk-480x320.jpg 480w, https:\/\/e3mag.com\/wp-content\/uploads\/2024\/10\/SAP1126806_Saueressig_sylvianebrauer_23092024-3_cmyk-640x427.jpg 640w, https:\/\/e3mag.com\/wp-content\/uploads\/2024\/10\/SAP1126806_Saueressig_sylvianebrauer_23092024-3_cmyk-720x480.jpg 720w, https:\/\/e3mag.com\/wp-content\/uploads\/2024\/10\/SAP1126806_Saueressig_sylvianebrauer_23092024-3_cmyk-18x12.jpg 18w, https:\/\/e3mag.com\/wp-content\/uploads\/2024\/10\/SAP1126806_Saueressig_sylvianebrauer_23092024-3_cmyk-600x400.jpg 600w\" sizes=\"auto, (max-width: 909px) 100vw, 909px\" \/><\/span><figcaption class=\"stk-img-figcaption\">\"Nous sommes l\u00e0 pour nos clients. En investissant des milliards dans des offres de cloud souverain, nous envoyons un signal clair\".<br><strong>Thomas Saueressig<\/strong>Membre du conseil d'administration, Customer Services and Delivery, SAP<\/figcaption><\/figure><\/div>\n\n\n\n<h2 class=\"wp-block-heading\">Fluctuation du personnel<\/h2>\n\n\n\n<p>Lors de l'assembl\u00e9e g\u00e9n\u00e9rale de SAP, l'ancien chef de Deloitte Punit Renjen a \u00e9t\u00e9 \u00e9lu au conseil de surveillance et devait y succ\u00e9der au pr\u00e9sident du conseil de surveillance Hasso Plattner en 2024. Renjen s'est r\u00e9v\u00e9l\u00e9 \u00eatre un membre activiste du conseil de surveillance, ce qui allait \u00e0 l'encontre de la conformit\u00e9 allemande ainsi que des id\u00e9es de certains membres du conseil de surveillance et du directoire. Les chuchoteurs ont r\u00e9ussi et le professeur Hasso Plattner a \u00e9chang\u00e9 \u00e0 la derni\u00e8re seconde son successeur d\u00e9sign\u00e9 contre un ami de longue date. Lors de l'assembl\u00e9e g\u00e9n\u00e9rale de 2024, Pekka Ala-Pietil\u00e4 a \u00e9t\u00e9 \u00e9lu superviseur en chef du groupe le plus pr\u00e9cieux d'Allemagne. Le Finlandais est consid\u00e9r\u00e9 comme un technologue jusqu'au bout des ongles.<\/p>\n\n\n\n<p>Ainsi, au premier rang du conseil de surveillance et du comit\u00e9 directeur, il y a eu beaucoup de turbulences et de fluctuations, tandis qu'en arri\u00e8re-plan, Thomas Saueressig a pu attendre calmement et sereinement de nombreuses opportunit\u00e9s - et celles-ci se sont pr\u00e9sent\u00e9es de mani\u00e8re constante et sans agitation : derni\u00e8rement, il les a ma\u00eetris\u00e9es avec brio.<br>Il y a un an, lors du congr\u00e8s annuel du groupe d'utilisateurs SAP germanophones (DSAG), Thomas Saueressig faisait encore une apparition commune avec Christian Klein, CEO de SAP. Tous deux ont tenu un discours d'ouverture et se sont mutuellement renvoy\u00e9 la balle avec succ\u00e8s. Mais quelques mois plus tard, Thomas Saueressig \u00e9tait d\u00e9j\u00e0 seul au Forum \u00e9conomique mondial de Davos, qui est au moins aussi important, et il a livr\u00e9 un one-man-show parfait. Puis vint, d\u00e9but 2024, la r\u00e9organisation de SAP, invent\u00e9e et mise en \u0153uvre par Christian Klein avec l'accord de Hasso Plattner. Thomas Saueressig a ainsi obtenu un mandat de direction universel : il a pu renforcer sa position avec l'aide de Christian Klein et a obtenu beaucoup de personnel et de responsabilit\u00e9s du domaine de direction de Scott Russell, qui sentait probablement d\u00e9j\u00e0 \u00e0 l'\u00e9poque que ses jours chez SAP \u00e9taient compt\u00e9s.<\/p>\n\n\n\n<p>Finalement, Russell a tr\u00e8s vite trouv\u00e9 un nouveau poste de CEO chez Nice. Cette entreprise cot\u00e9e en bourse est sp\u00e9cialis\u00e9e dans les logiciels de centres de contact et l'intelligence artificielle. Au cours des 14 derni\u00e8res ann\u00e9es, Scott a travaill\u00e9 chez SAP, o\u00f9 il a dirig\u00e9 la division Customer Success, y compris les ventes mondiales, les partenaires et l'engagement des clients, et a \u00e9t\u00e9 responsable d'un chiffre d'affaires de 31 milliards de dollars, en menant la transition de l'entreprise vers les revenus du cloud.<\/p>\n\n\n\n<p>La r\u00e9organisation a trouv\u00e9 un prolongement surprenant dans le d\u00e9part involontaire du directeur technique de SAP, J\u00fcrgen M\u00fcller. M\u00fcller, dipl\u00f4m\u00e9 de l'HPI et strat\u00e8ge de BTP, a d\u00fb quitter le groupe ERP. Il y a donc une nouvelle constellation de pouvoir au sein du directoire de SAP.<br>Au d\u00e9but de sa carri\u00e8re de membre du conseil d'administration, le co-CEO Christian Klein \u00e9tait un fin strat\u00e8ge. Il savait bien \u00e9valuer l'ambiance et les r\u00e9actions du professeur Hasso Plattner, alors pr\u00e9sident du conseil de surveillance de SAP : Il s'est aventur\u00e9, a intrigu\u00e9 contre sa coll\u00e8gue du co-membre du conseil d'administration Jennifer Morgan et s'est retrouv\u00e9 seul \u00e0 la t\u00eate de SAP apr\u00e8s quelques mois d'une direction bic\u00e9phale. <\/p>\n\n\n\n<p>Il a tout aussi intelligemment rassembl\u00e9 autour de lui d'autres membres du conseil d'administration, en particulier J\u00fcrgen M\u00fcller, qui a fait une carri\u00e8re sensationnelle chez SAP sous le parapluie de Hasso Plattner. Ainsi, Christian Klein a non seulement pu positionner un coll\u00e8gue du conseil d'administration peu dangereux et peu exp\u00e9riment\u00e9, mais il a \u00e9galement fait une faveur au professeur Hasso Plattner. Christian Klein a \u00e9galement eu la main heureuse avec son coll\u00e8gue du conseil d'administration Thomas Saueressig, qui semblait p\u00e2le et silencieux au d\u00e9but. Mais Saueressig a tr\u00e8s vite d\u00e9velopp\u00e9 ses capacit\u00e9s de management. Il a triomph\u00e9 au Forum \u00e9conomique mondial de Davos et a pu conqu\u00e9rir de plus en plus de domaines strat\u00e9giques chez SAP. Actuellement, Thomas Saueressig est consid\u00e9r\u00e9 comme le membre du conseil d'administration de SAP le plus important et le mieux plac\u00e9 sur le plan strat\u00e9gique - le potentiel d'une nouvelle double direction, peut-\u00eatre officieuse, s'ouvre.<\/p>\n\n\n\n<div class=\"wp-block-stackable-image stk-block-image stk-block stk-9fc3607\" data-block-id=\"9fc3607\"><style>.stk-9fc3607 .stk-img-wrapper{width:70% !important;}<\/style><figure><span class=\"stk-img-wrapper stk-image--shape-stretch stk--has-lightbox\"><img loading=\"lazy\" decoding=\"async\" class=\"stk-img wp-image-146599\" src=\"https:\/\/e3mag.com\/wp-content\/uploads\/2024\/10\/platzgummer_dez15_dltz_loriot-web.jpg\" width=\"652\" height=\"539\" srcset=\"https:\/\/e3mag.com\/wp-content\/uploads\/2024\/10\/platzgummer_dez15_dltz_loriot-web.jpg 652w, https:\/\/e3mag.com\/wp-content\/uploads\/2024\/10\/platzgummer_dez15_dltz_loriot-web-400x331.jpg 400w, https:\/\/e3mag.com\/wp-content\/uploads\/2024\/10\/platzgummer_dez15_dltz_loriot-web-100x83.jpg 100w, https:\/\/e3mag.com\/wp-content\/uploads\/2024\/10\/platzgummer_dez15_dltz_loriot-web-480x397.jpg 480w, https:\/\/e3mag.com\/wp-content\/uploads\/2024\/10\/platzgummer_dez15_dltz_loriot-web-640x529.jpg 640w, https:\/\/e3mag.com\/wp-content\/uploads\/2024\/10\/platzgummer_dez15_dltz_loriot-web-15x12.jpg 15w, https:\/\/e3mag.com\/wp-content\/uploads\/2024\/10\/platzgummer_dez15_dltz_loriot-web-600x496.jpg 600w\" sizes=\"auto, (max-width: 652px) 100vw, 652px\" \/><\/span><\/figure><\/div>\n\n\n\n<p>L'histoire r\u00e9cente du conseil d'administration de SAP ressemble \u00e0 celle des trois mousquetaires plus d'Artagnan. Chez SAP, il s'agissait notamment des trois membres du directoire Christian Klein, Thomas Saueressig et J\u00fcrgen M\u00fcller ainsi que de l'ancien directeur financier de SAP Luka Mucic. Pendant longtemps, il a sembl\u00e9 que cette constellation poss\u00e9dait une base solide et une r\u00e9partition claire des t\u00e2ches. Le directeur financier Mucic voulait plus. Mais il a n\u00e9glig\u00e9 le cours de l'action SAP et a perdu la bienveillance de Hasso Plattner. Mucic a d\u00fb partir.<\/p>\n\n\n\n<p>Thomas Saueressig a toujours voulu \u00eatre de moins en moins un parmi d'autres. Il a d\u00e9velopp\u00e9 ses capacit\u00e9s de management et a rassembl\u00e9 autour de lui de plus en plus de t\u00e2ches strat\u00e9giques SAP. Alors que le patron de SAP, Christian Klein, g\u00e8re de plus en plus le groupe ERP de mani\u00e8re satisfaisante et conduit le cours de l'action \u00e0 un niveau record, Thomas Saueressig se positionne comme le futur espoir de SAP. Actuellement, Saueressig semble \u00eatre le visage de SAP, du moins l'ambassadeur SAP \u00e0 Davos et \u00e0 Leipzig.<\/p>\n\n\n\n<p>Christof Kerkmann, auteur du Handelsblatt, a qualifi\u00e9 de dilemme de l'innovateur les changements effectu\u00e9s au d\u00e9but de cette ann\u00e9e au sein du directoire de SAP : \"Un nouveau d\u00e9partement prend en charge depuis d\u00e9but avril toutes les t\u00e2ches li\u00e9es au suivi des clients, appel\u00e9es Customer Services et Delivery. Pr\u00e8s de 30.000 collaborateurs passent dans ce nouveau d\u00e9partement, beaucoup venant du service commercial - un tour de force organisationnel, m\u00eame pour le groupe Dax. Le d\u00e9partement est dirig\u00e9 par Thomas Saueressig. Il s'agit, selon lui, d'apporter les innovations aux clients le plus rapidement possible. L'espoir : si la solution pour la finance fonctionne avec succ\u00e8s, les responsables informatiques introduiront par exemple aussi Ariba pour l'approvisionnement ou \u00e9tendront leurs syst\u00e8mes SAP via la Business Technology\".<\/p>\n\n\n\n<h2 class=\"wp-block-heading\">Le nouveau Boys Club<\/h2>\n\n\n\n<p>Apr\u00e8s le d\u00e9part surprise du directeur technique J\u00fcrgen M\u00fcller, le comit\u00e9 directeur actuel de SAP a donc un nouveau boys club : Christian Klein, Thomas Saueressig et le directeur financier Dominik Asam. Tous travaillent parfaitement ensemble et ont trouv\u00e9 un accord de travail solide. Le CEO Christian Klein et Dominik Asam g\u00e8rent le groupe ERP et s'occupent du cours des actions, tandis que Thomas Saueressig s'occupe de l'orientation strat\u00e9gique.<\/p>\n\n\n\n<div class=\"wp-block-columns is-layout-flex wp-container-core-columns-is-layout-9d6595d7 wp-block-columns-is-layout-flex\">\n<div class=\"wp-block-column is-layout-flow wp-block-column-is-layout-flow\">\n<div class=\"wp-block-stackable-image stk-block-image stk-block stk-b97b0fe\" data-block-id=\"b97b0fe\"><style>.stk-b97b0fe .stk-img-wrapper img{object-position:53% 37% !important;}<\/style><figure><span class=\"stk-img-wrapper stk-image--shape-stretch stk--has-lightbox\"><img loading=\"lazy\" decoding=\"async\" class=\"stk-img wp-image-146660\" src=\"https:\/\/e3mag.com\/wp-content\/uploads\/2024\/10\/Zeichenflaeche-2-100.jpg\" width=\"300\" height=\"500\" srcset=\"https:\/\/e3mag.com\/wp-content\/uploads\/2024\/10\/Zeichenflaeche-2-100.jpg 300w, https:\/\/e3mag.com\/wp-content\/uploads\/2024\/10\/Zeichenflaeche-2-100-240x400.jpg 240w, https:\/\/e3mag.com\/wp-content\/uploads\/2024\/10\/Zeichenflaeche-2-100-100x167.jpg 100w, https:\/\/e3mag.com\/wp-content\/uploads\/2024\/10\/Zeichenflaeche-2-100-7x12.jpg 7w\" sizes=\"auto, (max-width: 300px) 100vw, 300px\" \/><\/span><figcaption class=\"stk-img-figcaption\">Christian Klein, actuel CEO de SAP, laisse \u00e0 son grand ami Thomas Saueressig le soin de s'occuper des relations publiques de SAP. <\/figcaption><\/figure><\/div>\n<\/div>\n\n\n\n<div class=\"wp-block-column is-layout-flow wp-block-column-is-layout-flow\">\n<div class=\"wp-block-stackable-image stk-block-image stk-block stk-af6558f\" data-block-id=\"af6558f\"><style>.stk-af6558f .stk-img-figcaption{text-align:left !important;}.stk-af6558f .stk-img-wrapper img{object-position:53% 34% !important;}<\/style><figure><span class=\"stk-img-wrapper stk-image--shape-stretch stk--has-lightbox\"><img loading=\"lazy\" decoding=\"async\" class=\"stk-img wp-image-146672\" src=\"https:\/\/e3mag.com\/wp-content\/uploads\/2024\/10\/sap_juergen_mueller.jpg\" width=\"300\" height=\"500\" srcset=\"https:\/\/e3mag.com\/wp-content\/uploads\/2024\/10\/sap_juergen_mueller.jpg 300w, https:\/\/e3mag.com\/wp-content\/uploads\/2024\/10\/sap_juergen_mueller-240x400.jpg 240w, https:\/\/e3mag.com\/wp-content\/uploads\/2024\/10\/sap_juergen_mueller-100x167.jpg 100w, https:\/\/e3mag.com\/wp-content\/uploads\/2024\/10\/sap_juergen_mueller-7x12.jpg 7w\" sizes=\"auto, (max-width: 300px) 100vw, 300px\" \/><\/span><figcaption class=\"stk-img-figcaption\">J\u00fcrgen M\u00fcller, ex-directeur technique de SAP, faisait autrefois partie du premier Boys Club, compos\u00e9 de Christian Klein et Thomas Saueressig.<\/figcaption><\/figure><\/div>\n<\/div>\n\n\n\n<div class=\"wp-block-column is-layout-flow wp-block-column-is-layout-flow\">\n<div class=\"wp-block-stackable-image stk-block-image stk-block stk-e43c615\" data-block-id=\"e43c615\"><style>.stk-e43c615 .stk-img-figcaption{text-align:left !important;}.stk-e43c615 .stk-img-wrapper img{object-position:47% 36% !important;}<\/style><figure><span class=\"stk-img-wrapper stk-image--shape-stretch stk--has-lightbox\"><img loading=\"lazy\" decoding=\"async\" class=\"stk-img wp-image-146670\" src=\"https:\/\/e3mag.com\/wp-content\/uploads\/2024\/10\/hasso_plattner_300x100.jpg\" width=\"300\" height=\"500\" srcset=\"https:\/\/e3mag.com\/wp-content\/uploads\/2024\/10\/hasso_plattner_300x100.jpg 300w, https:\/\/e3mag.com\/wp-content\/uploads\/2024\/10\/hasso_plattner_300x100-240x400.jpg 240w, https:\/\/e3mag.com\/wp-content\/uploads\/2024\/10\/hasso_plattner_300x100-100x167.jpg 100w, https:\/\/e3mag.com\/wp-content\/uploads\/2024\/10\/hasso_plattner_300x100-7x12.jpg 7w\" sizes=\"auto, (max-width: 300px) 100vw, 300px\" \/><\/span><figcaption class=\"stk-img-figcaption\">Hasso Plattner, pionnier de la technologie, cofondateur de SAP, pr\u00e9sident du conseil d'administration et du conseil de surveillance, milliardaire et d\u00e9sormais \u00e0 la retraite, une retraite bien m\u00e9rit\u00e9e.<\/figcaption><\/figure><\/div>\n<\/div>\n<\/div>\n\n\n\n<p>Il semble donc \u00e9vident que Thomas Saueressig pourrait bient\u00f4t reprendre la barre de SAP \u00e0 Christian Klein apr\u00e8s le d\u00e9part de J\u00fcrgen M\u00fcller. Lorsque la m\u00e9tamorphose de SAP et le red\u00e9marrage seront termin\u00e9s, SAP aura probablement besoin d'un nouveau pr\u00e9sident du conseil d'administration ou d'une double direction renouvel\u00e9e. La premi\u00e8re double direction chez SAP \u00e9tait une solution embarrassante du professeur Hasso Plattner. L'ex-PDG de SAP, le professeur Henning Kagermann, ne voulait pas que le directeur technique Shai Agassi lui succ\u00e8de. Agassi \u00e9tait une invention de Plattner, mais en l'occurrence, le mentor d'Agassi s'est pli\u00e9 au souhait de Kagermann. La solution : L\u00e9o Apotheker, directeur des ventes, devait diriger le groupe mondial ERP avec Henning Kagermann pendant une p\u00e9riode de transition. Shai Agassi a alors quitt\u00e9 SAP \u00e0 relativement court terme. Kagermann est parti \u00e0 Berlin pour conseiller Angela Merkel et L\u00e9o Apotheker est devenu CEO de SAP pour une courte p\u00e9riode. Il a ensuite \u00e9t\u00e9 CEO de Hewlett Packard Enterprise pour une p\u00e9riode encore plus courte.<\/p>\n\n\n\n<p>La double direction suivante a eu plus de succ\u00e8s : Jim Hagemann Snabe et Bill McDermott ont men\u00e9 ensemble le leader mondial de l'ERP \u00e0 l'\u00e8re du cloud. Les succ\u00e8s de SAP ont encourag\u00e9 McDermott \u00e0 prendre seul les commandes. Snabe, en tant qu'Europ\u00e9en loyal et conciliant, a quitt\u00e9 SAP et est devenu par la suite pr\u00e9sident du conseil de surveillance de Siemens \u00e0 Munich. Bill McDermott a achet\u00e9 les entreprises de cloud l'une apr\u00e8s l'autre, puis a quitt\u00e9 SAP au plus fort d'un chaos cloud.<\/p>\n\n\n\n<p>La double direction suivante, compos\u00e9e de Jennifer Morgan et de Christian Klein, a eu l'honorable t\u00e2che de d\u00e9m\u00ealer le conglom\u00e9rat de cloud achet\u00e9 ensemble, mais il y a eu des disputes concernant la bonne strat\u00e9gie. Klein avait une meilleure relation avec Hasso Plattner et devint PDG. Il s'est rapidement entour\u00e9 du soutien appropri\u00e9 de J\u00fcrgen M\u00fcller et Thomas Saueressig, tandis que le professeur Hasso Plattner, pr\u00e9sident du conseil de surveillance de SAP, surveillait tout avec bienveillance.<\/p>\n\n\n\n<p>Ind\u00e9pendamment des fluctuations au sein du conseil d'administration de SAP, Plattner a fait cette ann\u00e9e ses adieux d\u00e9finitifs \u00e0 l'entreprise qu'il avait fond\u00e9e avec quatre coll\u00e8gues il y a plus de cinquante ans. C'est un changement d'\u00e9poque pour SAP et cela signifie \u00e9galement un nouveau sentiment de libert\u00e9 pour Christian Klein. Avec le nouveau directeur financier de SAP, Dominik Asam, il a r\u00e9ussi un tour de force unique : dans une transformation difficile, il a port\u00e9 le cours de l'action SAP \u00e0 un niveau record. En tant que chef d'orchestre de SAP et directeur des cours, Christian Klein jouit d'une grande reconnaissance et d'un grand respect. Apr\u00e8s Bill McDermott, Christian Klein a consolid\u00e9 et harmonis\u00e9 le groupe mondial ERP. Mais c'est Thomas Saueressig qui repr\u00e9sente actuellement SAP \u00e0 l'ext\u00e9rieur, de sorte que l'on parle \u00e0 juste titre d'une nouvelle double direction.<\/p>\n\n\n\n<p>L'un des points culminants de la double direction officieuse de SAP a \u00e9t\u00e9 le mois d'octobre 2024, lorsque Christian Klein, en collaboration avec Dominik Asam, directeur financier de SAP, a fait passer le cours de sa propre action bien au-dessus de 200 euros et que, dans le m\u00eame temps, Thomas Saueressig a pr\u00e9sent\u00e9 le leader mondial de l'ERP aux plus de 5000 d\u00e9l\u00e9gu\u00e9s du congr\u00e8s annuel du groupe d'utilisateurs SAP germanophones. Une nouvelle double direction, dans laquelle Christian Klein est manifestement responsable des valeurs internes et Thomas Saueressig de la pr\u00e9sentation externe.<\/p>\n\n\n\n<p>En regardant SAP, on constate que l'entreprise travaille activement \u00e0 l'adaptation de son portefeuille de solutions d'IA aux changements profonds dans l'\u00e9conomie, l'\u00c9tat et la soci\u00e9t\u00e9. La feuille de route pr\u00e9sent\u00e9e par Saueressig \u00e0 Leipzig lors du congr\u00e8s annuel de la DSAG comprend d\u00e9j\u00e0 l'int\u00e9gration progressive de fonctions d'IA dans les processus commerciaux sous la d\u00e9signation SAP Business AI. Le fait que l'accent soit mis en premier lieu sur le cloud a toutefois donn\u00e9 lieu \u00e0 des discussions anim\u00e9es entre Jens Hungershausen, pr\u00e9sident de la DSAG, et Thomas Saueressig, membre du directoire de SAP.<br>sur la connexion ou l'utilisation des r\u00e9sultats correspondants \u00e9galement dans les syst\u00e8mes sur site.<\/p>\n\n\n\n<p>Le Generative AI Hub de la Business Technology Platform (SAP BTP) - autre sujet de pr\u00e9dilection et domaine de responsabilit\u00e9 de Thomas Saueressig - permet d'acc\u00e9der \u00e0 de grands mod\u00e8les linguistiques comme ceux d'Amazon Web Services (AWS), Google ou Microsoft. Les algorithmes avanc\u00e9s et les mod\u00e8les d'IA peuvent provenir des partenaires, tandis que SAP continue \u00e0 fournir les donn\u00e9es commerciales sp\u00e9cifiques \u00e0 l'entreprise. Lors du congr\u00e8s DSAG, Saueressig a annonc\u00e9 jusqu'\u00e0 cent cas d'utilisation de l'intelligence artificielle d'ici fin 2024. \"Il sera int\u00e9ressant d'observer dans quelle mesure cette annonce pourra \u00eatre r\u00e9alis\u00e9e. Il faut en effet une valeur ajout\u00e9e claire sous la forme de business cases viables pour chacun de ces cas d'application. Nous sommes en contact tr\u00e8s \u00e9troit avec SAP \u00e0 ce sujet\", a d\u00e9clar\u00e9 Jens Hungershausen, pr\u00e9sident de DSAG.<\/p>\n\n\n\n<div class=\"wp-block-stackable-image stk-block-image stk-block stk-ed84c0c\" data-block-id=\"ed84c0c\"><style>.stk-ed84c0c .stk-img-figcaption{text-align:center !important;}.stk-ed84c0c .stk-img-wrapper{width:70% !important;}<\/style><figure><span class=\"stk-img-wrapper stk-image--shape-stretch stk--has-lightbox\"><img loading=\"lazy\" decoding=\"async\" class=\"stk-img wp-image-146668\" src=\"https:\/\/e3mag.com\/wp-content\/uploads\/2024\/10\/Saueressig_Faerbinger.jpg\" width=\"1106\" height=\"829\" srcset=\"https:\/\/e3mag.com\/wp-content\/uploads\/2024\/10\/Saueressig_Faerbinger.jpg 1106w, https:\/\/e3mag.com\/wp-content\/uploads\/2024\/10\/Saueressig_Faerbinger-400x300.jpg 400w, https:\/\/e3mag.com\/wp-content\/uploads\/2024\/10\/Saueressig_Faerbinger-768x576.jpg 768w, https:\/\/e3mag.com\/wp-content\/uploads\/2024\/10\/Saueressig_Faerbinger-100x75.jpg 100w, https:\/\/e3mag.com\/wp-content\/uploads\/2024\/10\/Saueressig_Faerbinger-480x360.jpg 480w, https:\/\/e3mag.com\/wp-content\/uploads\/2024\/10\/Saueressig_Faerbinger-640x480.jpg 640w, https:\/\/e3mag.com\/wp-content\/uploads\/2024\/10\/Saueressig_Faerbinger-720x540.jpg 720w, https:\/\/e3mag.com\/wp-content\/uploads\/2024\/10\/Saueressig_Faerbinger-960x720.jpg 960w, https:\/\/e3mag.com\/wp-content\/uploads\/2024\/10\/Saueressig_Faerbinger-16x12.jpg 16w, https:\/\/e3mag.com\/wp-content\/uploads\/2024\/10\/Saueressig_Faerbinger-600x450.jpg 600w\" sizes=\"auto, (max-width: 1106px) 100vw, 1106px\" \/><\/span><figcaption class=\"stk-img-figcaption\">Entretien avec Thomas Saueressig dans son r\u00f4le d'ambassadeur SAP et de moiti\u00e9 officieuse de la nouvelle double direction de SAP <br>avec Peter F\u00e4rbinger, r\u00e9dacteur en chef de l'E3, lors de la conf\u00e9rence de presse de DSAG \u00e0 Leipzig.<\/figcaption><\/figure><\/div>\n\n\n\n<h2 class=\"wp-block-heading\">Vision de l'IA et du cloud<\/h2>\n\n\n\n<p>La conclusion est la suivante : SAP doit communiquer de mani\u00e8re encore plus transparente les possibilit\u00e9s existantes et pr\u00e9vues d'utilisation de l'IA. Des architectures de r\u00e9f\u00e9rence, des guides de bonnes pratiques et des normes pour les sc\u00e9narios et les technologies d'int\u00e9gration, y compris des r\u00e8gles uniformes pour l'int\u00e9gration de mod\u00e8les d'IA dans les applications SAP et l'utilisation des donn\u00e9es, doivent \u00eatre d\u00e9velopp\u00e9s et mis \u00e0 disposition en cons\u00e9quence. Une autre chose est claire : malgr\u00e9 toutes les possibilit\u00e9s \u00e9mergentes et l'euphorie qui en d\u00e9coule, l'intelligence humaine continuera \u00e0 \u00eatre un facteur central dans l'interaction des mod\u00e8les d'IA. Jens Hungershausen a r\u00e9sum\u00e9 la situation \u00e0 Thomas Saueressig : \"La transformation num\u00e9rique est en cours et les entreprises utilisatrices, SAP et les partenaires doivent s'y atteler. Le terrain est pr\u00e9par\u00e9, beaucoup de choses sont d\u00e9j\u00e0 possibles et beaucoup d'autres sont en train de na\u00eetre. C'est \u00e0 nous de r\u00e9ussir la transformation\".<\/p>\n\n\n\n<p>Les entreprises ont besoin de r\u00e9ponses claires, par exemple sur la mani\u00e8re d'exploiter la valeur ajout\u00e9e des solutions cloud ou sur la flexibilit\u00e9 du mod\u00e8le d'exploitation. En tant que membre du directoire de SAP responsable des services clients et de la livraison, Thomas Saueressig a besoin de perspectives claires, surtout pour les produits dont l'\u00e9ch\u00e9ance est fix\u00e9e \u00e0 2027. Les nouvelles solutions vers lesquelles il faudra \u00e9ventuellement migrer \u00e0 ce moment-l\u00e0 devront \u00eatre suffisamment m\u00fbres. Ce qui est valable pour S\/4-Private-Cloud doit \u00e9galement \u00eatre disponible pour S\/4-On-prem avec une \u00e9tendue de prestations identique, est une exigence envers Saueressig. Les clients on-prem ne doivent pas \u00eatre d\u00e9savantag\u00e9s par des innovations exclusivement destin\u00e9es aux produits cloud, selon Jens Hungershausen, membre du comit\u00e9 directeur de DSAG. Les possibilit\u00e9s d'utilisation de l'IA, qu'elles soient d\u00e9j\u00e0 existantes ou pr\u00e9vues, doivent \u00eatre communiqu\u00e9es de mani\u00e8re encore plus transparente. Thomas Saueressig a donc \u00e9t\u00e9 confront\u00e9 \u00e0 Leipzig \u00e0 de nombreux souhaits concernant un suivi optimal des clients SAP.<\/p>\n\n\n\n<p>Un autre moment fort de l'ambassadeur SAP Saueressig au congr\u00e8s annuel 2024 de DSAG a \u00e9t\u00e9 l'annonce d'un partenariat avec la division informatique et num\u00e9rique du groupe Schwarz : Schwarz Digits et SAP, le plus grand \u00e9diteur de logiciels d'Europe, ont annonc\u00e9 leur partenariat dans le domaine du cloud lors du rendez-vous le plus important pour les entreprises utilisatrices de SAP dans les pays germanophones. Schwarz Digits proposera Rise with SAP sur sa propre infrastructure via sa solution de cloud souverain pour les donn\u00e9es, StackIT.<\/p>\n\n\n\n<figure class=\"wp-block-image size-large\"><img loading=\"lazy\" decoding=\"async\" width=\"1200\" height=\"490\" src=\"https:\/\/e3mag.com\/wp-content\/uploads\/2024\/10\/ALEPHALPHA-PM-0611.2023-001_cmyk-1200x490.jpg\" alt=\"\" class=\"wp-image-157250\" srcset=\"https:\/\/e3mag.com\/wp-content\/uploads\/2024\/10\/ALEPHALPHA-PM-0611.2023-001_cmyk-1200x490.jpg 1200w, https:\/\/e3mag.com\/wp-content\/uploads\/2024\/10\/ALEPHALPHA-PM-0611.2023-001_cmyk-400x163.jpg 400w, https:\/\/e3mag.com\/wp-content\/uploads\/2024\/10\/ALEPHALPHA-PM-0611.2023-001_cmyk-768x313.jpg 768w, https:\/\/e3mag.com\/wp-content\/uploads\/2024\/10\/ALEPHALPHA-PM-0611.2023-001_cmyk-100x41.jpg 100w, https:\/\/e3mag.com\/wp-content\/uploads\/2024\/10\/ALEPHALPHA-PM-0611.2023-001_cmyk-480x196.jpg 480w, https:\/\/e3mag.com\/wp-content\/uploads\/2024\/10\/ALEPHALPHA-PM-0611.2023-001_cmyk-640x261.jpg 640w, https:\/\/e3mag.com\/wp-content\/uploads\/2024\/10\/ALEPHALPHA-PM-0611.2023-001_cmyk-720x294.jpg 720w, https:\/\/e3mag.com\/wp-content\/uploads\/2024\/10\/ALEPHALPHA-PM-0611.2023-001_cmyk-960x392.jpg 960w, https:\/\/e3mag.com\/wp-content\/uploads\/2024\/10\/ALEPHALPHA-PM-0611.2023-001_cmyk-1168x477.jpg 1168w, https:\/\/e3mag.com\/wp-content\/uploads\/2024\/10\/ALEPHALPHA-PM-0611.2023-001_cmyk-1440x588.jpg 1440w, https:\/\/e3mag.com\/wp-content\/uploads\/2024\/10\/ALEPHALPHA-PM-0611.2023-001_cmyk-scaled.jpg 1920w, https:\/\/e3mag.com\/wp-content\/uploads\/2024\/10\/ALEPHALPHA-PM-0611.2023-001_cmyk-1536x627.jpg 1536w, https:\/\/e3mag.com\/wp-content\/uploads\/2024\/10\/ALEPHALPHA-PM-0611.2023-001_cmyk-2048x836.jpg 2048w, https:\/\/e3mag.com\/wp-content\/uploads\/2024\/10\/ALEPHALPHA-PM-0611.2023-001_cmyk-18x7.jpg 18w, https:\/\/e3mag.com\/wp-content\/uploads\/2024\/10\/ALEPHALPHA-PM-0611.2023-001_cmyk-600x245.jpg 600w\" sizes=\"auto, (max-width: 1200px) 100vw, 1200px\" \/><\/figure>\n\n\n\n<p><em>De gauche \u00e0 droite : Utz-Uwe Haus (Head of HPE HPC\/AI EMEA Research Lab), Harald Christ (Chairman Christ und Company), Thomas Saueressig (membre du conseil d'administration de SAP), Tanja R\u00fcckert (Chief Digital Officer chez Robert Bosch), Robert Habeck (ministre f\u00e9d\u00e9ral de l'\u00e9conomie et vice-chancelier), Jonas Andrulis (CEO et fondateur d'Aleph Alpha), Rolf Schumann (co-CEO Schwarz Digits), Florian Stegmann (chef de la chancellerie d'\u00c9tat), source : Mark Bollhorst.<\/em><\/p>\n\n\n\n<p>Les clients existants de SAP auront \u00e9galement la possibilit\u00e9 d'exploiter leur environnement S\/4 sur le cloud souverain des donn\u00e9es de StackIT. De plus, les entreprises du groupe Schwarz transf\u00e9reront enti\u00e8rement leur environnement ERP dans le cloud StackIT via Rise with SAP. D\u00e8s 2023, SAP et les entreprises du groupe Schwarz ont annonc\u00e9 au salon Sapphire d'Orlando leur partenariat tant pour la protection de l'infrastructure informatique de SAP que pour la protection des services Cloud sp\u00e9cifiques aux clients et Rise avec XM Cyber. Gr\u00e2ce \u00e0 la plate-forme de cybers\u00e9curit\u00e9 de XM Cyber, les entreprises voient leurs syst\u00e8mes informatiques \u00e0 travers les yeux des agresseurs potentiels, et ce de mani\u00e8re automatis\u00e9e 24 heures sur 24.<\/p>\n\n\n\n<p>\"Tant les entreprises du secteur priv\u00e9 que les organisations du secteur public reconnaissent de plus en plus l'importance de se positionner de mani\u00e8re souveraine et s\u00fbre dans le cadre de la transformation num\u00e9rique. Elles sont confront\u00e9es au d\u00e9fi de trouver un partenaire ad\u00e9quat qui ne se contente pas de r\u00e9pondre aux exigences l\u00e9gales, mais qui a en outre une vision pour une v\u00e9ritable souverainet\u00e9\", explique Rolf Schumann, co-CEO de Schwarz Digits. \"Avec SAP, nous pouvons traduire en solutions concr\u00e8tes notre vision de la souverainet\u00e9 num\u00e9rique, telle que nous l'avons d\u00e9finie dans notre r\u00e9cent livre blanc\".<\/p>\n\n\n\n<p>Christian M\u00fcller, co-CEO de Schwarz Digits, ajoute : \"Les applications et syst\u00e8mes ERP sont devenus incontournables pour le traitement des processus cl\u00e9s, par exemple dans les domaines de la finance, de la fabrication, des ressources humaines, de la logistique ou de l'approvisionnement. Dans ces processus critiques, les entreprises doivent conserver sans compromis la souverainet\u00e9 sur leurs propres donn\u00e9es et ne pas devenir d\u00e9pendantes de grands groupes internationaux dont la conception de la protection des donn\u00e9es diff\u00e8re de celle de l'Europe\". Thomas Saueressig, membre du conseil d'administration de SAP, a d\u00e9clar\u00e9 : \"Nous sommes heureux que les clients de Rise-with-SAP aient d\u00e9sormais le choix d'exploiter leurs syst\u00e8mes ERP sur le cloud de StackIT. Avec Schwarz Digits, nous avons gagn\u00e9 un partenaire d'infrastructure solide qui enrichit notre offre de services dans le cloud priv\u00e9\".<\/p>\n\n\n\n<p>Fin 2023 d\u00e9j\u00e0, un partenariat entre Schwarz Digits et SAP \u00e9tait n\u00e9 en rapport avec l'entreprise allemande d'IA Aleph Alpha, voir la photo de fondation avec Thomas Saueressig et Rolf Schumann. Aujourd'hui, cette coop\u00e9ration a \u00e9t\u00e9 \u00e9tendue \u00e0 Rise. Rise with SAP offre aux entreprises une transformation globale de l'entreprise. Elle comprend un Cloud ERP compatible avec l'IA, g\u00e9r\u00e9 et optimis\u00e9 par SAP, ainsi que des services et des outils bas\u00e9s sur l'approche Clean Core de SAP. Ainsi, les syst\u00e8mes sur site peuvent \u00eatre migr\u00e9s, les processus commerciaux transform\u00e9s, les innovations utilis\u00e9es au mieux et la complexit\u00e9 r\u00e9duite. Ainsi, de nombreux d\u00e9fis attendent le d\u00e9partement Customer Services and Delivery du comit\u00e9 directeur de SAP de Thomas Saueressig dans les ann\u00e9es \u00e0 venir, qui ne pourront probablement \u00eatre r\u00e9solus de mani\u00e8re satisfaisante que par une double direction.<\/p>\n\n\n\n<div class=\"wp-block-stackable-image stk-block-image stk-block stk-314447e\" data-block-id=\"314447e\"><style>.stk-314447e .stk-img-figcaption{text-align:center !important;}.stk-314447e .stk-img-wrapper{width:70% !important;}<\/style><figure><span class=\"stk-img-wrapper stk-image--shape-stretch stk--has-lightbox\"><img loading=\"lazy\" decoding=\"async\" class=\"stk-img wp-image-146598\" src=\"https:\/\/e3mag.com\/wp-content\/uploads\/2024\/10\/platzgummer_apr12_dltz_.jpg\" width=\"842\" height=\"595\" srcset=\"https:\/\/e3mag.com\/wp-content\/uploads\/2024\/10\/platzgummer_apr12_dltz_.jpg 842w, https:\/\/e3mag.com\/wp-content\/uploads\/2024\/10\/platzgummer_apr12_dltz_-400x283.jpg 400w, https:\/\/e3mag.com\/wp-content\/uploads\/2024\/10\/platzgummer_apr12_dltz_-768x543.jpg 768w, https:\/\/e3mag.com\/wp-content\/uploads\/2024\/10\/platzgummer_apr12_dltz_-100x71.jpg 100w, https:\/\/e3mag.com\/wp-content\/uploads\/2024\/10\/platzgummer_apr12_dltz_-480x339.jpg 480w, https:\/\/e3mag.com\/wp-content\/uploads\/2024\/10\/platzgummer_apr12_dltz_-640x452.jpg 640w, https:\/\/e3mag.com\/wp-content\/uploads\/2024\/10\/platzgummer_apr12_dltz_-720x509.jpg 720w, https:\/\/e3mag.com\/wp-content\/uploads\/2024\/10\/platzgummer_apr12_dltz_-18x12.jpg 18w, https:\/\/e3mag.com\/wp-content\/uploads\/2024\/10\/platzgummer_apr12_dltz_-600x424.jpg 600w\" sizes=\"auto, (max-width: 842px) 100vw, 842px\" \/><\/span><figcaption class=\"stk-img-figcaption\">La double direction de Bill McDermott et Jim Hagemann Snabe a initi\u00e9 la r\u00e9volution du cloud chez SAP. Plus tard, la double direction de Jennifer Morgan et Christian Klein devait faire le m\u00e9nage, mais ce dernier a pr\u00e9f\u00e9r\u00e9 agir seul - actuellement en partenariat \u00e9troit (double direction) avec Thomas Saueressig.<\/figcaption><\/figure><\/div>\n\n\n\n<p><a href=\"https:\/\/www.sap.com\/index.html\" target=\"_blank\" rel=\"noreferrer noopener\">sap.com<\/a><\/p>","protected":false},"excerpt":{"rendered":"<p>L'histoire de SAP, qui dure depuis plus de cinquante ans, est remplie de changements \u00e0 la t\u00eate du conseil d'administration et de ce que l'on appelle les doubles directions. La solution duale a toujours \u00e9t\u00e9 mise en place par le professeur Hasso Plattner. Mais cette fois-ci, apr\u00e8s le d\u00e9part du pr\u00e9sident du conseil de surveillance Plattner, la nouvelle double direction de SAP s'est mise en place de mani\u00e8re \u00e9volutive, presque spontan\u00e9e et dans une harmonie maximale. <\/p>","protected":false},"author":2,"featured_media":146614,"comment_status":"open","ping_status":"closed","sticky":false,"template":"","format":"standard","meta":{"_acf_changed":false,"pmpro_default_level":"","footnotes":""},"categories":[44039,44040],"tags":[],"coauthors":[27825],"class_list":["post-146589","post","type-post","status-publish","format-standard","has-post-thumbnail","hentry","category-coverstory-24-11","category-mag-24-11","pmpro-has-access"],"acf":[],"featured_image_urls_v2":{"full":["https:\/\/e3mag.com\/wp-content\/uploads\/2024\/10\/Saueressig_sylvianebrauer_23092024-75.jpg",1000,450,false],"thumbnail":["https:\/\/e3mag.com\/wp-content\/uploads\/2024\/10\/Saueressig_sylvianebrauer_23092024-75-150x150.jpg",150,150,true],"medium":["https:\/\/e3mag.com\/wp-content\/uploads\/2024\/10\/Saueressig_sylvianebrauer_23092024-75-400x180.jpg",400,180,true],"medium_large":["https:\/\/e3mag.com\/wp-content\/uploads\/2024\/10\/Saueressig_sylvianebrauer_23092024-75-768x346.jpg",768,346,true],"large":["https:\/\/e3mag.com\/wp-content\/uploads\/2024\/10\/Saueressig_sylvianebrauer_23092024-75.jpg",1000,450,false],"image-100":["https:\/\/e3mag.com\/wp-content\/uploads\/2024\/10\/Saueressig_sylvianebrauer_23092024-75-100x45.jpg",100,45,true],"image-480":["https:\/\/e3mag.com\/wp-content\/uploads\/2024\/10\/Saueressig_sylvianebrauer_23092024-75-480x216.jpg",480,216,true],"image-640":["https:\/\/e3mag.com\/wp-content\/uploads\/2024\/10\/Saueressig_sylvianebrauer_23092024-75-640x288.jpg",640,288,true],"image-720":["https:\/\/e3mag.com\/wp-content\/uploads\/2024\/10\/Saueressig_sylvianebrauer_23092024-75-720x324.jpg",720,324,true],"image-960":["https:\/\/e3mag.com\/wp-content\/uploads\/2024\/10\/Saueressig_sylvianebrauer_23092024-75-960x432.jpg",960,432,true],"image-1168":["https:\/\/e3mag.com\/wp-content\/uploads\/2024\/10\/Saueressig_sylvianebrauer_23092024-75.jpg",1000,450,false],"image-1440":["https:\/\/e3mag.com\/wp-content\/uploads\/2024\/10\/Saueressig_sylvianebrauer_23092024-75.jpg",1000,450,false],"image-1920":["https:\/\/e3mag.com\/wp-content\/uploads\/2024\/10\/Saueressig_sylvianebrauer_23092024-75.jpg",1000,450,false],"1536x1536":["https:\/\/e3mag.com\/wp-content\/uploads\/2024\/10\/Saueressig_sylvianebrauer_23092024-75.jpg",1000,450,false],"2048x2048":["https:\/\/e3mag.com\/wp-content\/uploads\/2024\/10\/Saueressig_sylvianebrauer_23092024-75.jpg",1000,450,false],"trp-custom-language-flag":["https:\/\/e3mag.com\/wp-content\/uploads\/2024\/10\/Saueressig_sylvianebrauer_23092024-75-18x8.jpg",18,8,true],"bricks_large_16x9":["https:\/\/e3mag.com\/wp-content\/uploads\/2024\/10\/Saueressig_sylvianebrauer_23092024-75.jpg",1000,450,false],"bricks_large":["https:\/\/e3mag.com\/wp-content\/uploads\/2024\/10\/Saueressig_sylvianebrauer_23092024-75.jpg",1000,450,false],"bricks_large_square":["https:\/\/e3mag.com\/wp-content\/uploads\/2024\/10\/Saueressig_sylvianebrauer_23092024-75.jpg",1000,450,false],"bricks_medium":["https:\/\/e3mag.com\/wp-content\/uploads\/2024\/10\/Saueressig_sylvianebrauer_23092024-75-600x270.jpg",600,270,true],"bricks_medium_square":["https:\/\/e3mag.com\/wp-content\/uploads\/2024\/10\/Saueressig_sylvianebrauer_23092024-75-600x450.jpg",600,450,true],"profile_24":["https:\/\/e3mag.com\/wp-content\/uploads\/2024\/10\/Saueressig_sylvianebrauer_23092024-75-24x24.jpg",24,24,true],"profile_48":["https:\/\/e3mag.com\/wp-content\/uploads\/2024\/10\/Saueressig_sylvianebrauer_23092024-75-48x48.jpg",48,48,true],"profile_96":["https:\/\/e3mag.com\/wp-content\/uploads\/2024\/10\/Saueressig_sylvianebrauer_23092024-75-96x96.jpg",96,96,true],"profile_150":["https:\/\/e3mag.com\/wp-content\/uploads\/2024\/10\/Saueressig_sylvianebrauer_23092024-75-150x150.jpg",150,150,true],"profile_300":["https:\/\/e3mag.com\/wp-content\/uploads\/2024\/10\/Saueressig_sylvianebrauer_23092024-75-300x300.jpg",300,300,true]},"post_excerpt_stackable_v2":"<p>Die \u00fcber f\u00fcnfzigj\u00e4hrige Geschichte der SAP ist voll von Wechseln an der Spitze des Vorstands und sogenannten Doppelspitzen. Immer wurde die duale L\u00f6sung durch Professor Hasso Plattner eingesetzt. Diesmal aber, nach dem Ausscheiden des Langzeit- Aufsichtsratsvorsitzenden Plattner, ergab sich die neue SAP-Doppelspitze evolution\u00e4r, fast von selbst und in maximaler Harmonie. <\/p>\n","category_list_v2":"<a href=\"https:\/\/e3mag.com\/fr\/category\/coverstorys\/coverstory-24-11\/\" rel=\"category tag\">Coverstory 24-11<\/a>, <a href=\"https:\/\/e3mag.com\/fr\/category\/mag-24-11\/\" rel=\"category tag\">MAG 24-11<\/a>","author_info_v2":{"name":"Peter M. F\u00e4rbinger, E3 Magazine","url":"https:\/\/e3mag.com\/fr\/author\/peter-m-faerbinger-e-3-magazin\/"},"comments_num_v2":"2 commentaires","_links":{"self":[{"href":"https:\/\/e3mag.com\/fr\/wp-json\/wp\/v2\/posts\/146589","targetHints":{"allow":["GET"]}}],"collection":[{"href":"https:\/\/e3mag.com\/fr\/wp-json\/wp\/v2\/posts"}],"about":[{"href":"https:\/\/e3mag.com\/fr\/wp-json\/wp\/v2\/types\/post"}],"author":[{"embeddable":true,"href":"https:\/\/e3mag.com\/fr\/wp-json\/wp\/v2\/users\/2"}],"replies":[{"embeddable":true,"href":"https:\/\/e3mag.com\/fr\/wp-json\/wp\/v2\/comments?post=146589"}],"version-history":[{"count":12,"href":"https:\/\/e3mag.com\/fr\/wp-json\/wp\/v2\/posts\/146589\/revisions"}],"predecessor-version":[{"id":157253,"href":"https:\/\/e3mag.com\/fr\/wp-json\/wp\/v2\/posts\/146589\/revisions\/157253"}],"wp:featuredmedia":[{"embeddable":true,"href":"https:\/\/e3mag.com\/fr\/wp-json\/wp\/v2\/media\/146614"}],"wp:attachment":[{"href":"https:\/\/e3mag.com\/fr\/wp-json\/wp\/v2\/media?parent=146589"}],"wp:term":[{"taxonomy":"category","embeddable":true,"href":"https:\/\/e3mag.com\/fr\/wp-json\/wp\/v2\/categories?post=146589"},{"taxonomy":"post_tag","embeddable":true,"href":"https:\/\/e3mag.com\/fr\/wp-json\/wp\/v2\/tags?post=146589"},{"taxonomy":"author","embeddable":true,"href":"https:\/\/e3mag.com\/fr\/wp-json\/wp\/v2\/coauthors?post=146589"}],"curies":[{"name":"wp","href":"https:\/\/api.w.org\/{rel}","templated":true}]}}