{"id":144222,"date":"2024-08-01T12:22:16","date_gmt":"2024-08-01T10:22:16","guid":{"rendered":"http:\/\/e3mag.com\/?p=144222"},"modified":"2024-08-05T11:36:09","modified_gmt":"2024-08-05T09:36:09","slug":"tetes-de-liste-pour-sap","status":"publish","type":"post","link":"https:\/\/e3mag.com\/fr\/koepfe-rollen-bei-sap\/","title":{"rendered":"Les t\u00eates tombent chez SAP"},"content":{"rendered":"<h2 class=\"wp-block-heading\">Les hommes de barre du SAP : Oswald, Lamad\u00e9, Klein<\/h2>\n\n\n\n<p>Qui d\u00e9cide de la strat\u00e9gie SAP et de la gestion des personnes au sein du conseil d'administration de SAP ? Dans des circonstances normales, le pr\u00e9sident du conseil de surveillance d'une soci\u00e9t\u00e9 anonyme a le dernier mot. Pendant des ann\u00e9es, le professeur Hasso Plattner a domin\u00e9 non seulement le conseil de surveillance de SAP, mais aussi l'ensemble du groupe. Sa parole \u00e9tait un ordre pour tous les employ\u00e9s - m\u00eame si cette approche n'\u00e9tait pas toujours compatible avec la conformit\u00e9 de l'entreprise. En tant que cofondateur, plus grand actionnaire individuel et CEO pendant de nombreuses ann\u00e9es, le pr\u00e9sident du conseil de surveillance de SAP, Hasso Plattner, \u00e9tait l'instance qui d\u00e9cidait de tout au sein du leader mondial du march\u00e9 ERP.<\/p>\n\n\n\n<p>La question de la succession du professeur Hasso Plattner a donc \u00e9t\u00e9 le discours dominant de la communaut\u00e9 SAP au cours des derni\u00e8res ann\u00e9es. Le groupe ERP a trouv\u00e9 un successeur digne de ce nom en la personne de Punit Renjen, ancien chef de Deloitte. Renjen a \u00e9t\u00e9 \u00e9lu au conseil de surveillance de SAP et s'est pr\u00e9par\u00e9 \u00e0 passer le flambeau. Mais son comportement activiste et engag\u00e9 d\u00e9plaisait \u00e0 de nombreux membres du conseil de surveillance, du conseil d'administration et des cadres sup\u00e9rieurs de SAP - certains craignaient de perdre leur influence et leurs avantages sous la pr\u00e9sidence du conseil de surveillance de Punit Renjen.<\/p>\n\n\n\n<p>La r\u00e9volution de palais a r\u00e9ussi et, \u00e0 la toute derni\u00e8re minute, Punit Renjen a \u00e9t\u00e9 retir\u00e9 de la liste pour l'\u00e9lection d'un nouveau pr\u00e9sident du conseil de surveillance de SAP. Qui \u00e9taient alors les pilotes et les tireurs de ficelles ? Pekka Ala-Pietil\u00e4, qui avait d\u00e9j\u00e0 \u00e9t\u00e9 membre du conseil de surveillance de SAP, a \u00e9t\u00e9 propos\u00e9 comme rempla\u00e7ant pour une p\u00e9riode de deux ans. Il a \u00e9t\u00e9 \u00e9lu et est depuis consid\u00e9r\u00e9 comme une solution transitoire de deux ans et un \"lame duck\", car le v\u00e9ritable pouvoir chez SAP est depuis de nombreuses ann\u00e9es entre les mains des membres du conseil de surveillance Gerd Oswald, Lars Lamad\u00e9 et du porte-parole du directoire de SAP Christian Klein.<\/p>\n\n\n\n<h2 class=\"wp-block-heading\">Actionnisme chez le leader mondial de l'ERP SAP<\/h2>\n\n\n\n<p>Pekka \"Lame Duck\" Ala-Pietil\u00e4, Gerd Oswald, Lars Lamad\u00e9 et Christian Klein ont d\u00e9cid\u00e9 de prendre cong\u00e9 de Julia White et Scott Russell, membres du directoire de SAP. Ma coll\u00e8gue Christina Kyriasoglou du magazine germanophone Manager \u00e9crit donc logiquement : \"On peut toutefois se demander pourquoi les dirigeants de SAP n'\u00e9taient pas d\u00e9j\u00e0 parvenus en d\u00e9but d'ann\u00e9e \u00e0 la conclusion que les deux secteurs devaient \u00eatre r\u00e9organis\u00e9s - apr\u00e8s tout, les chiffres d'affaires \u00e9taient d\u00e9j\u00e0 bons \u00e0 ce moment-l\u00e0 et Klein et consorts avaient auparavant \u00e9labor\u00e9 pendant des mois une restructuration en profondeur, que le CEO a ensuite annonc\u00e9e en janvier et qui doit permettre \u00e0 SAP de rester comp\u00e9titif \u00e0 l'\u00e8re de l'IA \u00e0 venir\".<\/p>\n\n\n\n<p>L'histoire est plus complexe qu'il n'y para\u00eet \u00e0 premi\u00e8re vue : les performances de Julia White \u00e9taient d\u00e9j\u00e0 inf\u00e9rieures \u00e0 la moyenne ces derni\u00e8res ann\u00e9es, si bien qu'au d\u00e9but de l'ann\u00e9e 2023, la proposition de ne pas prolonger le contrat de direction de Julia White et de se s\u00e9parer de l'ancienne cadre de Microsoft \u00e9tait d\u00e9j\u00e0 sur la table. Mais \u00e0 la surprise g\u00e9n\u00e9rale, Sabine Bendiek, directrice des ressources humaines et directrice des op\u00e9rations, a pr\u00e9sent\u00e9 sa d\u00e9mission.<\/p>\n\n\n\n<p>Pour SAP, c'\u00e9tait naturellement trop d'activisme : le leader mondial de l'ERP ne voulait et ne pouvait pas perdre deux femmes de son conseil d'administration en une seule p\u00e9riode. Sabine Bendiek a quitt\u00e9 SAP fin 2023 et Julia White a pu rester temporairement, puis le probl\u00e8me de la succession du professeur Hasso Plattner a \u00e9t\u00e9 r\u00e9solu en rempla\u00e7ant Punit Renjen par Pekka \"Lame Duck\" Ala-Pietil\u00e4. Une action comme on en voit rarement dans les conseils d'administration allemands.<\/p>\n\n\n\n<h2 class=\"wp-block-heading\">Mauvaise nouvelle pour la communaut\u00e9 SAP : Pricing<\/h2>\n\n\n\n<p>Avec la r\u00e9organisation SAP de d\u00e9but 2024 mentionn\u00e9e ci-dessus, la directrice Julia White a \u00e9galement re\u00e7u la responsabilit\u00e9 du pricing - la PKL (liste des prix et conditions SAP) est un \u00e9ternel chantier chez SAP. En fin de compte, s'occuper de ce d\u00e9fi a d\u00fb \u00eatre un v\u00e9ritable enfer pour Julia White. Depuis de nombreuses ann\u00e9es d\u00e9j\u00e0, le groupe d'utilisateurs SAP de langue allemande (DSAG e. V.) r\u00e9clame une liste de prix plus compr\u00e9hensible, simplifi\u00e9e et transparente.<\/p>\n\n\n\n<p>Malgr\u00e9 tout le respect que l'on peut avoir pour les capacit\u00e9s de gestion de Julia White, la consolidation de PKL est un travail o\u00f9 il ne peut y avoir que des perdants. Elle ne pouvait qu'\u00e9chouer avec PKL et c'est peut-\u00eatre cette fameuse goutte d'eau qui a fait d\u00e9border le vase.<\/p>\n\n\n\n<h2 class=\"wp-block-heading\">Le cours de l'action SAP atteint son plus haut niveau historique<\/h2>\n\n\n\n<p>En d\u00e9pit de la mauvaise humeur de la communaut\u00e9 SAP et des collaborateurs du leader mondial de l'ERP, le cours de l'action SAP se trouve \u00e0 un niveau record. Pourquoi ? Le CEO de SAP Christian Klein et son directeur financier Dominik Asam investissent tous leurs efforts dans de bonnes nouvelles pour les investisseurs, les actionnaires et les analystes financiers. Le pr\u00e9d\u00e9cesseur de Dominik Asam, Luka Mucic, a d\u00fb partir parce que, selon le professeur Hasso Plattner, le cours de l'action SAP n'\u00e9tait pas satisfaisant. Les chiffres SAP de l'\u00e9poque \u00e9taient bons et prometteurs, mais le cours de l'action \u00e9tait inf\u00e9rieur \u00e0 la moyenne par rapport \u00e0 Oracle, Microsoft et Salesforce.<\/p>\n\n\n\n<p>D\u00e9sormais, SAP se concentre enti\u00e8rement sur le cours de ses propres actions - d'autres domaines sont n\u00e9glig\u00e9s et jusqu'\u00e0 10.000 collaborateurs sont licenci\u00e9s afin d'augmenter la marge b\u00e9n\u00e9ficiaire. Cette \u00e9volution est n\u00e9gative pour la communaut\u00e9 SAP, les partenaires et les clients existants. Le moral des collaborateurs SAP et la confiance de ces derniers dans la strat\u00e9gie du conseil d'administration sont \u00e9galement faibles.<\/p>\n\n\n\n<p>Reste \u00e0 savoir si la r\u00e9duction de la taille du conseil d'administration de SAP et l'orientation vers l'IA et le cloud public constituent une solution adapt\u00e9e aux nombreuses questions en suspens. La communaut\u00e9 SAP s'interroge sur la suite des \u00e9v\u00e9nements. Le conseil d'administration de SAP restera-t-il tel qu'il est et qui sera le successeur de Scott Russell ? Les premi\u00e8res r\u00e9ponses devraient \u00eatre donn\u00e9es lors du congr\u00e8s annuel de DSAG en octobre \u00e0 Leipzig, en Allemagne.<\/p>","protected":false},"excerpt":{"rendered":"<p>Dans aucun autre conseil de surveillance allemand, les rapports de force ne sont aussi opaques et myst\u00e9rieux que chez SAP. Bien qu'\u00e9lu pour deux ans seulement, Pekka \"Lame Duck\" Ala-Pietil\u00e4 a mis \u00e0 la porte les membres du conseil d'administration de SAP Julia White et Scott Russell. Qui tirait les ficelles dans l'ombre ?<\/p>","protected":false},"author":2,"featured_media":132122,"comment_status":"open","ping_status":"closed","sticky":false,"template":"","format":"standard","meta":{"_acf_changed":false,"pmpro_default_level":"","footnotes":""},"categories":[27840],"tags":[],"coauthors":[27825],"class_list":["post-144222","post","type-post","status-publish","format-standard","has-post-thumbnail","hentry","category-chefredakteur-blog","pmpro-has-access"],"acf":[],"featured_image_urls_v2":{"full":["https:\/\/e3mag.com\/wp-content\/uploads\/2023\/09\/Chefredakteur-neu.jpeg",1000,450,false],"thumbnail":["https:\/\/e3mag.com\/wp-content\/uploads\/2023\/09\/Chefredakteur-neu-150x150.jpeg",150,150,true],"medium":["https:\/\/e3mag.com\/wp-content\/uploads\/2023\/09\/Chefredakteur-neu-400x180.jpeg",400,180,true],"medium_large":["https:\/\/e3mag.com\/wp-content\/uploads\/2023\/09\/Chefredakteur-neu-768x346.jpeg",768,346,true],"large":["https:\/\/e3mag.com\/wp-content\/uploads\/2023\/09\/Chefredakteur-neu.jpeg",1000,450,false],"image-100":["https:\/\/e3mag.com\/wp-content\/uploads\/2023\/09\/Chefredakteur-neu-100x45.jpeg",100,45,true],"image-480":["https:\/\/e3mag.com\/wp-content\/uploads\/2023\/09\/Chefredakteur-neu-480x216.jpeg",480,216,true],"image-640":["https:\/\/e3mag.com\/wp-content\/uploads\/2023\/09\/Chefredakteur-neu-640x288.jpeg",640,288,true],"image-720":["https:\/\/e3mag.com\/wp-content\/uploads\/2023\/09\/Chefredakteur-neu-720x324.jpeg",720,324,true],"image-960":["https:\/\/e3mag.com\/wp-content\/uploads\/2023\/09\/Chefredakteur-neu-960x432.jpeg",960,432,true],"image-1168":["https:\/\/e3mag.com\/wp-content\/uploads\/2023\/09\/Chefredakteur-neu.jpeg",1000,450,false],"image-1440":["https:\/\/e3mag.com\/wp-content\/uploads\/2023\/09\/Chefredakteur-neu.jpeg",1000,450,false],"image-1920":["https:\/\/e3mag.com\/wp-content\/uploads\/2023\/09\/Chefredakteur-neu.jpeg",1000,450,false],"1536x1536":["https:\/\/e3mag.com\/wp-content\/uploads\/2023\/09\/Chefredakteur-neu.jpeg",1000,450,false],"2048x2048":["https:\/\/e3mag.com\/wp-content\/uploads\/2023\/09\/Chefredakteur-neu.jpeg",1000,450,false],"trp-custom-language-flag":["https:\/\/e3mag.com\/wp-content\/uploads\/2023\/09\/Chefredakteur-neu-18x8.jpeg",18,8,true],"bricks_large_16x9":["https:\/\/e3mag.com\/wp-content\/uploads\/2023\/09\/Chefredakteur-neu.jpeg",1000,450,false],"bricks_large":["https:\/\/e3mag.com\/wp-content\/uploads\/2023\/09\/Chefredakteur-neu.jpeg",1000,450,false],"bricks_large_square":["https:\/\/e3mag.com\/wp-content\/uploads\/2023\/09\/Chefredakteur-neu.jpeg",1000,450,false],"bricks_medium":["https:\/\/e3mag.com\/wp-content\/uploads\/2023\/09\/Chefredakteur-neu-600x270.jpeg",600,270,true],"bricks_medium_square":["https:\/\/e3mag.com\/wp-content\/uploads\/2023\/09\/Chefredakteur-neu-600x450.jpeg",600,450,true],"profile_24":["https:\/\/e3mag.com\/wp-content\/uploads\/2023\/09\/Chefredakteur-neu-24x24.jpeg",24,24,true],"profile_48":["https:\/\/e3mag.com\/wp-content\/uploads\/2023\/09\/Chefredakteur-neu-48x48.jpeg",48,48,true],"profile_96":["https:\/\/e3mag.com\/wp-content\/uploads\/2023\/09\/Chefredakteur-neu-96x96.jpeg",96,96,true],"profile_150":["https:\/\/e3mag.com\/wp-content\/uploads\/2023\/09\/Chefredakteur-neu-150x150.jpeg",150,150,true],"profile_300":["https:\/\/e3mag.com\/wp-content\/uploads\/2023\/09\/Chefredakteur-neu-300x300.jpeg",300,300,true]},"post_excerpt_stackable_v2":"<p>In keinem anderen deutschen Aufsichtsrat sind die Machtverh\u00e4ltnisse \u00e4hnlich intransparent und geheimnisvoll wie bei SAP. Obwohl nur f\u00fcr zwei Jahre gew\u00e4hlt, setzte nun Pekka \u201eLame Duck\u201c Ala-Pietil\u00e4 die SAP-Vorstandsmitglieder Julia White und Scott Russell vor die T\u00fcr. Wer zog die F\u00e4den im Hintergrund?<\/p>\n","category_list_v2":"<a href=\"https:\/\/e3mag.com\/fr\/category\/chefredakteur-blog\/\" rel=\"category tag\">Chefredakteur-Blog<\/a>","author_info_v2":{"name":"Peter M. F\u00e4rbinger, E3 Magazine","url":"https:\/\/e3mag.com\/fr\/author\/peter-m-faerbinger-e-3-magazin\/"},"comments_num_v2":"1 commentaire","_links":{"self":[{"href":"https:\/\/e3mag.com\/fr\/wp-json\/wp\/v2\/posts\/144222","targetHints":{"allow":["GET"]}}],"collection":[{"href":"https:\/\/e3mag.com\/fr\/wp-json\/wp\/v2\/posts"}],"about":[{"href":"https:\/\/e3mag.com\/fr\/wp-json\/wp\/v2\/types\/post"}],"author":[{"embeddable":true,"href":"https:\/\/e3mag.com\/fr\/wp-json\/wp\/v2\/users\/2"}],"replies":[{"embeddable":true,"href":"https:\/\/e3mag.com\/fr\/wp-json\/wp\/v2\/comments?post=144222"}],"version-history":[{"count":2,"href":"https:\/\/e3mag.com\/fr\/wp-json\/wp\/v2\/posts\/144222\/revisions"}],"predecessor-version":[{"id":144253,"href":"https:\/\/e3mag.com\/fr\/wp-json\/wp\/v2\/posts\/144222\/revisions\/144253"}],"wp:featuredmedia":[{"embeddable":true,"href":"https:\/\/e3mag.com\/fr\/wp-json\/wp\/v2\/media\/132122"}],"wp:attachment":[{"href":"https:\/\/e3mag.com\/fr\/wp-json\/wp\/v2\/media?parent=144222"}],"wp:term":[{"taxonomy":"category","embeddable":true,"href":"https:\/\/e3mag.com\/fr\/wp-json\/wp\/v2\/categories?post=144222"},{"taxonomy":"post_tag","embeddable":true,"href":"https:\/\/e3mag.com\/fr\/wp-json\/wp\/v2\/tags?post=144222"},{"taxonomy":"author","embeddable":true,"href":"https:\/\/e3mag.com\/fr\/wp-json\/wp\/v2\/coauthors?post=144222"}],"curies":[{"name":"wp","href":"https:\/\/api.w.org\/{rel}","templated":true}]}}