{"id":130049,"date":"2023-07-12T10:00:00","date_gmt":"2023-07-12T08:00:00","guid":{"rendered":"http:\/\/e3mag.com\/?p=130049"},"modified":"2023-06-27T09:20:24","modified_gmt":"2023-06-27T07:20:24","slug":"innovations-numeriques","status":"publish","type":"post","link":"https:\/\/e3mag.com\/fr\/digitale-innovationen\/","title":{"rendered":"Innovations num\u00e9riques"},"content":{"rendered":"<h2 class=\"wp-block-heading\">La moiti\u00e9 de l'industrie allemande se voit en avance<\/h2>\n\n\n\n<p>Avant le salon industriel de Hanovre, l'industrie allemande se montre confiante et bien positionn\u00e9e en mati\u00e8re de num\u00e9risation. Une entreprise industrielle sur deux (48 %) consid\u00e8re que son secteur est \u00e0 la pointe ou pr\u00e9curseur en mati\u00e8re d'innovations num\u00e9riques en comparaison internationale. 29 % la placent en milieu de classement, 19 % parmi les retardataires ou d\u00e9j\u00e0 \u00e0 la tra\u00eene. Ce sont les r\u00e9sultats d'une enqu\u00eate repr\u00e9sentative men\u00e9e aupr\u00e8s de 603 entreprises en Allemagne, dont 163 entreprises industrielles, \u00e0 la demande de l'association num\u00e9rique Bitkom. <\/p>\n\n\n\n<div class=\"wp-block-columns is-layout-flex wp-container-core-columns-is-layout-9d6595d7 wp-block-columns-is-layout-flex\">\n<div class=\"wp-block-column is-layout-flow wp-block-column-is-layout-flow\">\n<figure class=\"wp-block-image size-full\"><img loading=\"lazy\" decoding=\"async\" width=\"800\" height=\"533\" src=\"https:\/\/e3mag.com\/wp-content\/uploads\/2022\/10\/achim-berg-bearbeitet_800.jpg\" alt=\"Achim Berg Bitkom\" class=\"wp-image-119135\" srcset=\"https:\/\/e3mag.com\/wp-content\/uploads\/2022\/10\/achim-berg-bearbeitet_800.jpg 800w, https:\/\/e3mag.com\/wp-content\/uploads\/2022\/10\/achim-berg-bearbeitet_800-768x512.jpg 768w, https:\/\/e3mag.com\/wp-content\/uploads\/2022\/10\/achim-berg-bearbeitet_800-100x67.jpg 100w, https:\/\/e3mag.com\/wp-content\/uploads\/2022\/10\/achim-berg-bearbeitet_800-480x320.jpg 480w, https:\/\/e3mag.com\/wp-content\/uploads\/2022\/10\/achim-berg-bearbeitet_800-640x426.jpg 640w, https:\/\/e3mag.com\/wp-content\/uploads\/2022\/10\/achim-berg-bearbeitet_800-720x480.jpg 720w\" sizes=\"auto, (max-width: 800px) 100vw, 800px\" \/><\/figure>\n<\/div>\n\n\n\n<div class=\"wp-block-column is-layout-flow wp-block-column-is-layout-flow\">\n<p style=\"font-size:16px\"><br><br><em>\"La num\u00e9risation et la production vont de pair, le secteur num\u00e9rique et l'industrie se rapprochent\".<\/em><\/p>\n\n\n\n<p style=\"font-size:16px\">Achim Berg,<br>Pr\u00e9sident, Bitkom<\/p>\n<\/div>\n<\/div>\n\n\n\n<p>Deux tiers des entreprises industrielles (66 %) sont convaincues que l'industrie devrait devenir pionni\u00e8re dans le d\u00e9veloppement de technologies durables et 57 % estiment que le d\u00e9veloppement de proc\u00e9d\u00e9s et de processus respectueux du climat dans l'industrie pourrait renforcer la comp\u00e9titivit\u00e9 de l'\u00e9conomie allemande. Mais dans le m\u00eame temps, la r\u00e9glementation politique inqui\u00e8te la moiti\u00e9 du secteur : au total, 50 % des entreprises industrielles interrog\u00e9es affirment que la politique climatique p\u00e8se sur l'industrie allemande et limite sa comp\u00e9titivit\u00e9. <\/p>\n\n\n\n<p>Remarque sur la m\u00e9thodologie : les donn\u00e9es se basent sur une enqu\u00eate r\u00e9alis\u00e9e par Bitkom Research pour le compte de l'association num\u00e9rique Bitkom. Pour ce faire, 603 entreprises de 20 salari\u00e9s et plus en Allemagne ont \u00e9t\u00e9 interrog\u00e9es par t\u00e9l\u00e9phone. L'enqu\u00eate globale est repr\u00e9sentative. Les questions pos\u00e9es \u00e9taient les suivantes : \"O\u00f9 voyez-vous l'industrie allemande par rapport au reste du monde en mati\u00e8re d'innovations num\u00e9riques ?\" ainsi que \"Dans quelle mesure \u00eates-vous d'accord avec les affirmations concernant l'industrie allemande et la durabilit\u00e9 ou la protection du climat ?<\/p>","protected":false},"excerpt":{"rendered":"<p>Pour un cinqui\u00e8me d'entre eux, les entreprises industrielles allemandes sont \u00e0 la tra\u00eene par rapport au reste du monde, selon l'enqu\u00eate de Bitkom.<\/p>","protected":false},"author":38,"featured_media":130052,"comment_status":"open","ping_status":"closed","sticky":false,"template":"","format":"standard","meta":{"_acf_changed":false,"pmpro_default_level":"0","footnotes":""},"categories":[2,43065],"tags":[35,368,43067],"coauthors":[19920],"class_list":["post-130049","post","type-post","status-publish","format-standard","has-post-thumbnail","hentry","category-sap-nachrichten","category-mag-23-06","tag-bitkom","tag-industrie","tag-mag-23-06","pmpro-has-access"],"acf":[],"featured_image_urls_v2":{"full":["https:\/\/e3mag.com\/wp-content\/uploads\/2023\/07\/shutterstock_1935046469_metamorworks.jpg",1200,540,false],"thumbnail":["https:\/\/e3mag.com\/wp-content\/uploads\/2023\/07\/shutterstock_1935046469_metamorworks-150x150.jpg",150,150,true],"medium":["https:\/\/e3mag.com\/wp-content\/uploads\/2023\/07\/shutterstock_1935046469_metamorworks-400x180.jpg",400,180,true],"medium_large":["https:\/\/e3mag.com\/wp-content\/uploads\/2023\/07\/shutterstock_1935046469_metamorworks-768x346.jpg",768,346,true],"large":["https:\/\/e3mag.com\/wp-content\/uploads\/2023\/07\/shutterstock_1935046469_metamorworks.jpg",1200,540,false],"image-100":["https:\/\/e3mag.com\/wp-content\/uploads\/2023\/07\/shutterstock_1935046469_metamorworks-100x45.jpg",100,45,true],"image-480":["https:\/\/e3mag.com\/wp-content\/uploads\/2023\/07\/shutterstock_1935046469_metamorworks-480x216.jpg",480,216,true],"image-640":["https:\/\/e3mag.com\/wp-content\/uploads\/2023\/07\/shutterstock_1935046469_metamorworks-640x288.jpg",640,288,true],"image-720":["https:\/\/e3mag.com\/wp-content\/uploads\/2023\/07\/shutterstock_1935046469_metamorworks-720x324.jpg",720,324,true],"image-960":["https:\/\/e3mag.com\/wp-content\/uploads\/2023\/07\/shutterstock_1935046469_metamorworks-960x432.jpg",960,432,true],"image-1168":["https:\/\/e3mag.com\/wp-content\/uploads\/2023\/07\/shutterstock_1935046469_metamorworks-1168x526.jpg",1168,526,true],"image-1440":["https:\/\/e3mag.com\/wp-content\/uploads\/2023\/07\/shutterstock_1935046469_metamorworks.jpg",1200,540,false],"image-1920":["https:\/\/e3mag.com\/wp-content\/uploads\/2023\/07\/shutterstock_1935046469_metamorworks.jpg",1200,540,false],"1536x1536":["https:\/\/e3mag.com\/wp-content\/uploads\/2023\/07\/shutterstock_1935046469_metamorworks.jpg",1200,540,false],"2048x2048":["https:\/\/e3mag.com\/wp-content\/uploads\/2023\/07\/shutterstock_1935046469_metamorworks.jpg",1200,540,false],"trp-custom-language-flag":["https:\/\/e3mag.com\/wp-content\/uploads\/2023\/07\/shutterstock_1935046469_metamorworks.jpg",18,8,false],"bricks_large_16x9":["https:\/\/e3mag.com\/wp-content\/uploads\/2023\/07\/shutterstock_1935046469_metamorworks.jpg",1200,540,false],"bricks_large":["https:\/\/e3mag.com\/wp-content\/uploads\/2023\/07\/shutterstock_1935046469_metamorworks.jpg",1200,540,false],"bricks_large_square":["https:\/\/e3mag.com\/wp-content\/uploads\/2023\/07\/shutterstock_1935046469_metamorworks.jpg",1200,540,false],"bricks_medium":["https:\/\/e3mag.com\/wp-content\/uploads\/2023\/07\/shutterstock_1935046469_metamorworks-600x270.jpg",600,270,true],"bricks_medium_square":["https:\/\/e3mag.com\/wp-content\/uploads\/2023\/07\/shutterstock_1935046469_metamorworks-600x540.jpg",600,540,true],"profile_24":["https:\/\/e3mag.com\/wp-content\/uploads\/2023\/07\/shutterstock_1935046469_metamorworks-24x24.jpg",24,24,true],"profile_48":["https:\/\/e3mag.com\/wp-content\/uploads\/2023\/07\/shutterstock_1935046469_metamorworks-48x48.jpg",48,48,true],"profile_96":["https:\/\/e3mag.com\/wp-content\/uploads\/2023\/07\/shutterstock_1935046469_metamorworks-96x96.jpg",96,96,true],"profile_150":["https:\/\/e3mag.com\/wp-content\/uploads\/2023\/07\/shutterstock_1935046469_metamorworks-150x150.jpg",150,150,true],"profile_300":["https:\/\/e3mag.com\/wp-content\/uploads\/2023\/07\/shutterstock_1935046469_metamorworks-300x300.jpg",300,300,true]},"post_excerpt_stackable_v2":"<p>F\u00fcr ein F\u00fcnftel sind laut Bitkom-Befragung Industrieunternehmen aus Deutschland im weltweiten Vergleich im Hintertreffen.<\/p>\n","category_list_v2":"<a href=\"https:\/\/e3mag.com\/fr\/category\/sap-nachrichten\/\" rel=\"category tag\">Community Nachrichten<\/a>, <a href=\"https:\/\/e3mag.com\/fr\/category\/mag-23-06\/\" rel=\"category tag\">Mag 23-06<\/a>","author_info_v2":{"name":"Magazine E-3","url":"https:\/\/e3mag.com\/fr\/author\/e-3-magazin\/"},"comments_num_v2":"0 commentaire","_links":{"self":[{"href":"https:\/\/e3mag.com\/fr\/wp-json\/wp\/v2\/posts\/130049","targetHints":{"allow":["GET"]}}],"collection":[{"href":"https:\/\/e3mag.com\/fr\/wp-json\/wp\/v2\/posts"}],"about":[{"href":"https:\/\/e3mag.com\/fr\/wp-json\/wp\/v2\/types\/post"}],"author":[{"embeddable":true,"href":"https:\/\/e3mag.com\/fr\/wp-json\/wp\/v2\/users\/38"}],"replies":[{"embeddable":true,"href":"https:\/\/e3mag.com\/fr\/wp-json\/wp\/v2\/comments?post=130049"}],"version-history":[{"count":0,"href":"https:\/\/e3mag.com\/fr\/wp-json\/wp\/v2\/posts\/130049\/revisions"}],"wp:featuredmedia":[{"embeddable":true,"href":"https:\/\/e3mag.com\/fr\/wp-json\/wp\/v2\/media\/130052"}],"wp:attachment":[{"href":"https:\/\/e3mag.com\/fr\/wp-json\/wp\/v2\/media?parent=130049"}],"wp:term":[{"taxonomy":"category","embeddable":true,"href":"https:\/\/e3mag.com\/fr\/wp-json\/wp\/v2\/categories?post=130049"},{"taxonomy":"post_tag","embeddable":true,"href":"https:\/\/e3mag.com\/fr\/wp-json\/wp\/v2\/tags?post=130049"},{"taxonomy":"author","embeddable":true,"href":"https:\/\/e3mag.com\/fr\/wp-json\/wp\/v2\/coauthors?post=130049"}],"curies":[{"name":"wp","href":"https:\/\/api.w.org\/{rel}","templated":true}]}}