{"id":120890,"date":"2023-01-27T08:00:00","date_gmt":"2023-01-27T07:00:00","guid":{"rendered":"http:\/\/e3mag.com\/?p=120890"},"modified":"2024-01-19T12:47:37","modified_gmt":"2024-01-19T11:47:37","slug":"composable-et-hybride","status":"publish","type":"post","link":"https:\/\/e3mag.com\/fr\/composable-und-hybrid\/","title":{"rendered":"Composable et hybride"},"content":{"rendered":"<h2 class=\"wp-block-heading\">Comment faire de la migration S\/4 un succ\u00e8s<\/h2>\n\n\n\n<p>Le support pour SAP Business Suite se termine d\u00e9j\u00e0 en 2027 et toutes les options de payer en plus pour une maintenance \u00e9tendue expirent en 2030. Compte tenu de la complexit\u00e9 de la migration, ces d\u00e9lais sont courts. Si l'on ajoute \u00e0 cela la p\u00e9nurie de personnel qualifi\u00e9, il est clair que l'attente des d\u00e9cisions est une strat\u00e9gie extr\u00eamement risqu\u00e9e.<\/p>\n\n\n\n<p>Mais la cr\u00e9ation d'un nouvel avantage commercial, que l'on pourrait aussi appeler transformation commerciale, exige un peu plus. En effet, si l'on ne fait que moderniser, cela \u00e9quivaut \u00e0 de la maintenance. Les deux meilleures pratiques suivantes montrent les avantages strat\u00e9giques qui d\u00e9coulent de la migration vers S\/4 Hana : Composable ERP et la migration vers le cloud\/l'informatique hybride. Les nouveaux services de Fujitsu aident \u00e0 d\u00e9montrer une utilisation rapide et fiable de ces avantages.<\/p>\n\n\n\n<h3 class=\"wp-block-heading\">ERP composable<\/h3>\n\n\n\n<p>L'un des avantages strat\u00e9giques de la migration est la possibilit\u00e9 d'interconnecter une entreprise de mani\u00e8re \u00e0 ce qu'elle devienne plus adaptative. Selon une analyse de Gartner, de nombreux fabricants utilisent plusieurs syst\u00e8mes - SAP, Salesforce, Oracle, ServiceNow, AWS et Microsoft. Le terme Composable ERP d\u00e9crit cette tendance. Composable ERP utilise les composants souhait\u00e9s dans chaque cas pour cr\u00e9er une valeur ajout\u00e9e - et ce en m\u00e9langeant et en adaptant diff\u00e9rents fournisseurs. La migration vers S\/4 est le moment id\u00e9al pour examiner comment moderniser l'infrastructure de donn\u00e9es afin de cr\u00e9er une sorte d'environnement \"tour de contr\u00f4le\". Gr\u00e2ce \u00e0 celle-ci, des donn\u00e9es en temps r\u00e9el enti\u00e8rement interconnect\u00e9es sont g\u00e9n\u00e9r\u00e9es, offrant une vue globale de l'entreprise dans toutes les cha\u00eenes d'approvisionnement en amont et en aval.<\/p>\n\n\n\n<h3 class=\"wp-block-heading\">Migration et cloud hybride<\/h3>\n\n\n\n<p>Un facteur qui rend S\/4 encore plus connectable est le fait qu'il s'agit de la premi\u00e8re version de l'ERP qui est vraiment cloud-native. Cette caract\u00e9ristique ouvre la voie \u00e0 tous les avantages de la migration vers le cloud et \u00e0 la flexibilit\u00e9 ultime en mati\u00e8re de placement des charges de travail SAP. La migration S\/4 doit donc permettre de profiter de tous les avantages strat\u00e9giques des environnements hybrides en nuage.<\/p>\n\n\n\n<p>Cependant, les charges de travail dans les environnements hybrides sont tr\u00e8s complexes. Les besoins en charge de travail peuvent s'\u00e9tendre sur une multitude d'environnements, y compris plusieurs sites sur site ainsi que des partenaires cloud avec leurs n\u0153uds r\u00e9gionaux respectifs. L'optimisation de l'infrastructure SAP dans ces environnements n\u00e9cessite un niveau \u00e9lev\u00e9 de compr\u00e9hension.\u00a0<\/p>\n\n\n\n<p>Pour les y aider, Fujitsu propose un nouveau service d'\u00e9valuation du cloud hybride pour les solutions SAP, qui analyse des millions d'options de placement possibles sur la base des charges de travail mesur\u00e9es. Fujitsu BestPlace propose une approche unique ax\u00e9e sur les donn\u00e9es, qui encode l'informatique SAP mesur\u00e9e sous forme d'ADN et simule une mini-\u00e9volution \u00e0 l'aide d'algorithmes g\u00e9n\u00e9tiques. Suivant le principe du \"Survival of the Fittest\", le processus aboutit \u00e0 une conception optimale pour une infrastructure hybride.&nbsp;<\/p>\n\n\n\n<p>Il s'agit d'une approche individualis\u00e9e qui r\u00e9pond aux besoins sp\u00e9cifiques de chaque client plut\u00f4t que de suivre un mod\u00e8le g\u00e9n\u00e9rique. L'algorithme mesure les op\u00e9rations SAP sur site sur une p\u00e9riode d'environ quatre semaines, compare toutes les diff\u00e9rentes options de placement avec la strat\u00e9gie informatique du client et les professionnels de l'entreprise et fournit une comparaison des co\u00fbts pour toutes les charges de travail d'instances SAP mesur\u00e9es dans le cloud ou sur site. Afin de garantir des r\u00e9sultats neutres, cet algorithme a \u00e9t\u00e9 d\u00e9velopp\u00e9 en externe.&nbsp;<\/p>\n\n\n\n<div class=\"wp-block-columns is-layout-flex wp-container-core-columns-is-layout-9d6595d7 wp-block-columns-is-layout-flex\">\n<div class=\"wp-block-column is-layout-flow wp-block-column-is-layout-flow\">\n<figure class=\"wp-block-image size-full\"><img loading=\"lazy\" decoding=\"async\" width=\"800\" height=\"524\" src=\"https:\/\/e3mag.com\/wp-content\/uploads\/2023\/01\/Rohan_de_souza_fujitsu_800.jpg\" alt=\"Rohan de Souza, Fujitsu\" class=\"wp-image-120897\" srcset=\"https:\/\/e3mag.com\/wp-content\/uploads\/2023\/01\/Rohan_de_souza_fujitsu_800.jpg 800w, https:\/\/e3mag.com\/wp-content\/uploads\/2023\/01\/Rohan_de_souza_fujitsu_800-400x262.jpg 400w, https:\/\/e3mag.com\/wp-content\/uploads\/2023\/01\/Rohan_de_souza_fujitsu_800-768x503.jpg 768w, https:\/\/e3mag.com\/wp-content\/uploads\/2023\/01\/Rohan_de_souza_fujitsu_800-100x66.jpg 100w, https:\/\/e3mag.com\/wp-content\/uploads\/2023\/01\/Rohan_de_souza_fujitsu_800-480x314.jpg 480w, https:\/\/e3mag.com\/wp-content\/uploads\/2023\/01\/Rohan_de_souza_fujitsu_800-640x419.jpg 640w, https:\/\/e3mag.com\/wp-content\/uploads\/2023\/01\/Rohan_de_souza_fujitsu_800-720x472.jpg 720w\" sizes=\"auto, (max-width: 800px) 100vw, 800px\" \/><\/figure>\n<\/div>\n\n\n\n<div class=\"wp-block-column is-layout-flow wp-block-column-is-layout-flow\">\n<p style=\"font-size:15px\">Lors du sommet NetApp qui s'est tenu \u00e0 Vienne en septembre de cette ann\u00e9e, il a \u00e9t\u00e9 question de l'utilisation de la technologie NetApp. <strong>Rohan de Souza,<\/strong> Head of SAP Business, European Platform Business at Fujitsu, un conf\u00e9rencier invit\u00e9 sur le th\u00e8me S\/4 Hana, la num\u00e9risation, la conversion et la gestion des donn\u00e9es. Le passage au cloud peut pr\u00e9senter des avantages pour les clients SAP existants, mais aussi de nombreux d\u00e9fis, de sorte que le soutien des partenaires est n\u00e9cessaire. Le sommet NetApp de Vienne a \u00e9t\u00e9 organis\u00e9 par Fujitsu, Amazon, Cisco et Red Hat.<\/p>\n<\/div>\n<\/div>\n\n\n\n<h3 class=\"wp-block-heading\">Cr\u00e9er de la valeur avec le rightsizing<\/h3>\n\n\n\n<p>Un ERP efficace devrait permettre aux entreprises d'acc\u00e9der rapidement aux connaissances, de prendre des d\u00e9cisions rapides et de tirer le plus rapidement possible la valeur d'une nouvelle orientation. Les plaintes typiques des utilisateurs concernent le manque de vitesse et les erreurs de fonctionnement. Pour optimiser le placement des charges de travail dans ce cas, il faut \u00e9galement \u00e9valuer le dimensionnement, le d\u00e9ploiement et la maintenance de l'infrastructure. Les probl\u00e8mes de performance et de niveau de service SAP peuvent avoir plusieurs causes, et trouver la configuration optimale a toujours \u00e9t\u00e9 un d\u00e9fi. Une approche courante pour forcer une solution : l'achat et l'installation de plus d'infrastructure, ind\u00e9pendamment du fait que cela r\u00e9sout la cause profonde. Il s'agit toutefois d'une solution co\u00fbteuse.<\/p>\n\n\n\n<p>Ceux qui migrent maintenant peuvent profiter de l'optimisation des impl\u00e9mentations SAP. De nouvelles solutions permettent d'utiliser des donn\u00e9es r\u00e9elles de votre paysage et de cr\u00e9er ainsi une aide \u00e0 la d\u00e9cision bas\u00e9e sur des donn\u00e9es pour chaque migration ou mise \u00e0 jour de mat\u00e9riel. De tels paquets d'analyse et de conseil se penchent sur tous ces param\u00e8tres et \u00e9vitent des d\u00e9penses suppl\u00e9mentaires ult\u00e9rieures.<\/p>\n\n\n\n<p>Des solutions telles que le service d'inspection des syst\u00e8mes de Fujitsu fournissent des recommandations claires pour am\u00e9liorer l'informatique sur site ou dans le cloud pour les environnements SAP en identifiant les goulots d'\u00e9tranglement, les anomalies de performance et les besoins r\u00e9alistes en capacit\u00e9. L'octroi de droits du nouveau S\/4 sur site r\u00e9duit l'\u00e9cart de co\u00fbts entre le sur site et le cloud, car les utilisateurs n'ont pas besoin d'acheter autant de capacit\u00e9 exc\u00e9dentaire, qui reste g\u00e9n\u00e9ralement inutilis\u00e9e.<\/p>\n\n\n\n<h3 class=\"wp-block-heading\">Tarification en fonction de la consommation<\/h3>\n\n\n\n<p>En ce qui concerne les options d'infrastructure, Fujitsu Primeflex for SAP Hana permet d'exploiter pleinement le potentiel de l'informatique en m\u00e9moire Hana. Il s'agit d'une solution d'infrastructure pr\u00e9-test\u00e9e, certifi\u00e9e \u00e0 100 % par SAP et con\u00e7ue pour l'architecture en m\u00e9moire. Elle exploite toutes les possibilit\u00e9s du stockage sans risques de d\u00e9ploiement et de configuration et simplifie l'exploitation et la maintenance avec un seul partenaire de service pour l'ensemble de la pile de solutions, avec une disponibilit\u00e9 en tant que service via Fujitsu uScale.<\/p>\n\n\n\n<p>Les mod\u00e8les \"as-a-service\" permettent aux entreprises de mettre \u00e0 jour leur infrastructure et de l'adapter \u00e0 l'\u00e9volution constante des besoins. Cela simplifie l'utilisation des technologies, augmente l'agilit\u00e9 et r\u00e9duit les co\u00fbts. Fujitsu uScale offre une solution flexible d'infrastructure informatique sur site en tant que service, bas\u00e9e sur l'utilisation r\u00e9elle, soutient la r\u00e9silience de l'entreprise, augmente la flexibilit\u00e9 financi\u00e8re et technique. uScale est \u00e9galement id\u00e9al pour les projets de transformation en nuage des environnements SAP. R\u00e9sultant du partenariat entre Fujitsu et Equinix, une solution de connectivit\u00e9 cloud hybride compl\u00e8te est propos\u00e9e, y compris l'acc\u00e8s aux \u00e9cosyst\u00e8mes commerciaux mondiaux sur la plate-forme Equinix. Cela comprend \u00e9galement des conseils initiaux pour identifier l'approche hybride optimale afin de soutenir et de mettre en \u0153uvre la transformation num\u00e9rique pilot\u00e9e par SAP.<\/p>\n\n\n\n<p>Fujitsu et Equinix travaillent ensemble pour d\u00e9velopper des solutions innovantes et diff\u00e9renci\u00e9es \u00e0 utiliser dans diff\u00e9rents secteurs. Par exemple, un environnement de type hyperscaler est cr\u00e9\u00e9 avec cette possibilit\u00e9, positionn\u00e9 \u00e0 c\u00f4t\u00e9 de l'hyperscaler et offrant une connexion directe \u00e0 toutes vos donn\u00e9es et applications dans le cloud.<\/p>\n\n\n\n<figure class=\"wp-block-image size-full is-resized\"><a href=\"https:\/\/e3mag.com\/partners\/fujitsu\/\"><img loading=\"lazy\" decoding=\"async\" src=\"https:\/\/e3mag.com\/wp-content\/uploads\/2017\/03\/CI-FUJITSU.jpg\" alt=\"https:\/\/e3mag.com\/partners\/fujitsu\/\" class=\"wp-image-11366\" width=\"840\" height=\"94\" srcset=\"https:\/\/e3mag.com\/wp-content\/uploads\/2017\/03\/CI-FUJITSU.jpg 1000w, https:\/\/e3mag.com\/wp-content\/uploads\/2017\/03\/CI-FUJITSU-768x86.jpg 768w, https:\/\/e3mag.com\/wp-content\/uploads\/2017\/03\/CI-FUJITSU-100x11.jpg 100w, https:\/\/e3mag.com\/wp-content\/uploads\/2017\/03\/CI-FUJITSU-480x54.jpg 480w, https:\/\/e3mag.com\/wp-content\/uploads\/2017\/03\/CI-FUJITSU-640x72.jpg 640w, https:\/\/e3mag.com\/wp-content\/uploads\/2017\/03\/CI-FUJITSU-720x81.jpg 720w, https:\/\/e3mag.com\/wp-content\/uploads\/2017\/03\/CI-FUJITSU-960x108.jpg 960w\" sizes=\"auto, (max-width: 840px) 100vw, 840px\" \/><\/a><\/figure>","protected":false},"excerpt":{"rendered":"<p>Seuls quatorze pour cent des utilisateurs SAP sont pass\u00e9s au cloud - la lenteur de la migration vers S\/4 est inqui\u00e9tante. L'h\u00e9sitation des d\u00e9cideurs SAP laisse supposer que les avantages de la migration ne sont pas \u00e9vidents - c'est l\u00e0 que la modernisation des applications doit apporter une valeur ajout\u00e9e.<\/p>","protected":false},"author":2701,"featured_media":120891,"comment_status":"open","ping_status":"closed","sticky":false,"template":"","format":"standard","meta":{"_acf_changed":false,"pmpro_default_level":"0","footnotes":""},"categories":[4,42009],"tags":[42055,73,13308,5008,42010,517,3936],"coauthors":[42056],"class_list":["post-120890","post","type-post","status-publish","format-standard","has-post-thumbnail","hentry","category-management","category-mag-22-12","tag-composable-erp","tag-erp","tag-hybrid","tag-hybrid-cloud","tag-mag-22-12","tag-s4","tag-s4-migration","pmpro-has-access"],"acf":[],"featured_image_urls_v2":{"full":["https:\/\/e3mag.com\/wp-content\/uploads\/2023\/01\/shutterstock_507145807_GroundPicture.jpg",1200,540,false],"thumbnail":["https:\/\/e3mag.com\/wp-content\/uploads\/2023\/01\/shutterstock_507145807_GroundPicture-150x150.jpg",150,150,true],"medium":["https:\/\/e3mag.com\/wp-content\/uploads\/2023\/01\/shutterstock_507145807_GroundPicture-400x180.jpg",400,180,true],"medium_large":["https:\/\/e3mag.com\/wp-content\/uploads\/2023\/01\/shutterstock_507145807_GroundPicture-768x346.jpg",768,346,true],"large":["https:\/\/e3mag.com\/wp-content\/uploads\/2023\/01\/shutterstock_507145807_GroundPicture.jpg",1200,540,false],"image-100":["https:\/\/e3mag.com\/wp-content\/uploads\/2023\/01\/shutterstock_507145807_GroundPicture-100x45.jpg",100,45,true],"image-480":["https:\/\/e3mag.com\/wp-content\/uploads\/2023\/01\/shutterstock_507145807_GroundPicture-480x216.jpg",480,216,true],"image-640":["https:\/\/e3mag.com\/wp-content\/uploads\/2023\/01\/shutterstock_507145807_GroundPicture-640x288.jpg",640,288,true],"image-720":["https:\/\/e3mag.com\/wp-content\/uploads\/2023\/01\/shutterstock_507145807_GroundPicture-720x324.jpg",720,324,true],"image-960":["https:\/\/e3mag.com\/wp-content\/uploads\/2023\/01\/shutterstock_507145807_GroundPicture-960x432.jpg",960,432,true],"image-1168":["https:\/\/e3mag.com\/wp-content\/uploads\/2023\/01\/shutterstock_507145807_GroundPicture-1168x526.jpg",1168,526,true],"image-1440":["https:\/\/e3mag.com\/wp-content\/uploads\/2023\/01\/shutterstock_507145807_GroundPicture.jpg",1200,540,false],"image-1920":["https:\/\/e3mag.com\/wp-content\/uploads\/2023\/01\/shutterstock_507145807_GroundPicture.jpg",1200,540,false],"1536x1536":["https:\/\/e3mag.com\/wp-content\/uploads\/2023\/01\/shutterstock_507145807_GroundPicture.jpg",1200,540,false],"2048x2048":["https:\/\/e3mag.com\/wp-content\/uploads\/2023\/01\/shutterstock_507145807_GroundPicture.jpg",1200,540,false],"trp-custom-language-flag":["https:\/\/e3mag.com\/wp-content\/uploads\/2023\/01\/shutterstock_507145807_GroundPicture.jpg",18,8,false],"bricks_large_16x9":["https:\/\/e3mag.com\/wp-content\/uploads\/2023\/01\/shutterstock_507145807_GroundPicture.jpg",1200,540,false],"bricks_large":["https:\/\/e3mag.com\/wp-content\/uploads\/2023\/01\/shutterstock_507145807_GroundPicture.jpg",1200,540,false],"bricks_large_square":["https:\/\/e3mag.com\/wp-content\/uploads\/2023\/01\/shutterstock_507145807_GroundPicture.jpg",1200,540,false],"bricks_medium":["https:\/\/e3mag.com\/wp-content\/uploads\/2023\/01\/shutterstock_507145807_GroundPicture.jpg",600,270,false],"bricks_medium_square":["https:\/\/e3mag.com\/wp-content\/uploads\/2023\/01\/shutterstock_507145807_GroundPicture.jpg",600,270,false],"profile_24":["https:\/\/e3mag.com\/wp-content\/uploads\/2023\/01\/shutterstock_507145807_GroundPicture-24x24.jpg",24,24,true],"profile_48":["https:\/\/e3mag.com\/wp-content\/uploads\/2023\/01\/shutterstock_507145807_GroundPicture-48x48.jpg",48,48,true],"profile_96":["https:\/\/e3mag.com\/wp-content\/uploads\/2023\/01\/shutterstock_507145807_GroundPicture-96x96.jpg",96,96,true],"profile_150":["https:\/\/e3mag.com\/wp-content\/uploads\/2023\/01\/shutterstock_507145807_GroundPicture-150x150.jpg",150,150,true],"profile_300":["https:\/\/e3mag.com\/wp-content\/uploads\/2023\/01\/shutterstock_507145807_GroundPicture-300x300.jpg",300,300,true]},"post_excerpt_stackable_v2":"<p>Erst vierzehn Prozent der SAP-Anwender sind in der Cloud \u2013 das schleppende Tempo der Umstellung auf S\/4 ist beunruhigend. Das Z\u00f6gern der SAP-Entscheidungstr\u00e4ger l\u00e4sst vermuten, dass die Vorteile der Migration nicht deutlich sind \u2013 hier muss die Anwendungsmodernisierung den Mehrwert bieten.<\/p>\n","category_list_v2":"<a href=\"https:\/\/e3mag.com\/fr\/category\/management\/\" rel=\"category tag\">Business-Management<\/a>, <a href=\"https:\/\/e3mag.com\/fr\/category\/mag-22-12\/\" rel=\"category tag\">Mag 22-12<\/a>","author_info_v2":{"name":"Rohan de Souza, Fujitsu","url":"https:\/\/e3mag.com\/fr\/author\/rohandesouza\/"},"comments_num_v2":"0 commentaire","_links":{"self":[{"href":"https:\/\/e3mag.com\/fr\/wp-json\/wp\/v2\/posts\/120890","targetHints":{"allow":["GET"]}}],"collection":[{"href":"https:\/\/e3mag.com\/fr\/wp-json\/wp\/v2\/posts"}],"about":[{"href":"https:\/\/e3mag.com\/fr\/wp-json\/wp\/v2\/types\/post"}],"author":[{"embeddable":true,"href":"https:\/\/e3mag.com\/fr\/wp-json\/wp\/v2\/users\/2701"}],"replies":[{"embeddable":true,"href":"https:\/\/e3mag.com\/fr\/wp-json\/wp\/v2\/comments?post=120890"}],"version-history":[{"count":1,"href":"https:\/\/e3mag.com\/fr\/wp-json\/wp\/v2\/posts\/120890\/revisions"}],"predecessor-version":[{"id":137646,"href":"https:\/\/e3mag.com\/fr\/wp-json\/wp\/v2\/posts\/120890\/revisions\/137646"}],"wp:featuredmedia":[{"embeddable":true,"href":"https:\/\/e3mag.com\/fr\/wp-json\/wp\/v2\/media\/120891"}],"wp:attachment":[{"href":"https:\/\/e3mag.com\/fr\/wp-json\/wp\/v2\/media?parent=120890"}],"wp:term":[{"taxonomy":"category","embeddable":true,"href":"https:\/\/e3mag.com\/fr\/wp-json\/wp\/v2\/categories?post=120890"},{"taxonomy":"post_tag","embeddable":true,"href":"https:\/\/e3mag.com\/fr\/wp-json\/wp\/v2\/tags?post=120890"},{"taxonomy":"author","embeddable":true,"href":"https:\/\/e3mag.com\/fr\/wp-json\/wp\/v2\/coauthors?post=120890"}],"curies":[{"name":"wp","href":"https:\/\/api.w.org\/{rel}","templated":true}]}}