{"id":111076,"date":"2022-01-26T15:58:00","date_gmt":"2022-01-26T14:58:00","guid":{"rendered":"http:\/\/e3mag.com\/?p=111076"},"modified":"2022-05-01T09:55:37","modified_gmt":"2022-05-01T07:55:37","slug":"transformation-et-suppression-des-donnees","status":"publish","type":"post","link":"https:\/\/e3mag.com\/fr\/transformation-und-datendaemmerung\/","title":{"rendered":"Transformation et cr\u00e9puscule des donn\u00e9es"},"content":{"rendered":"<p>DMI met \u00e0 disposition une plate-forme ind\u00e9pendante du syst\u00e8me et de l'application, qui permet de g\u00e9rer l'ensemble du cycle de vie de ces informations jusqu'\u00e0 leur suppression en toute s\u00e9curit\u00e9 juridique. Elle s'appelle JiVS IMP, IMP signifiant Information Management Platform.<\/p>\n\n\n\n<h3 class=\"wp-block-heading\" id=\"e-3-welche-vorteile-bietet-ihr-ansatz-einer-separaten-datenschicht-fur-die-transformation-auf-s-4-konkret\"><strong>E-3 :<\/strong> Concr\u00e8tement, quels sont les avantages de votre approche d'une couche de donn\u00e9es s\u00e9par\u00e9e pour la transformation vers S\/4 ?<\/h3>\n\n\n\n<p><strong>Thomas Failer :<\/strong> Commen\u00e7ons par l'objectif des managers SAP de faire de la transformation un projet technique. Dans le nouveau monde S\/4, les clients SAP existants ne devraient avoir besoin que d'environ dix pour cent de la base de donn\u00e9es pour le traitement, d'environ la moiti\u00e9 des objets de gestion et d'environ 20 pour cent des types de documents actuels. Parmi ce qui reste, 90 % \u00e0 95 % devraient pouvoir \u00eatre transf\u00e9r\u00e9s dans le nouveau monde \u00e0 l'aide des outils standard de SAP comme le Conversion Tool ou le Migration Cockpit. Cela devrait globalement r\u00e9duire de moiti\u00e9 les efforts de transformation et de migration. Cela devrait \u00e9galement r\u00e9duire massivement le besoin en consultants externes. Cela se rapproche beaucoup, beaucoup de l'objectif d'un projet technique.<\/p>\n\n\n\n<h3 class=\"wp-block-heading\" id=\"e-3-umgekehrt-durften-das-die-sap-nutzer-aber-gar-nicht-goutieren\"><strong>E-3 :<\/strong> Mais \u00e0 l'inverse, les utilisateurs de SAP ne devraient pas l'appr\u00e9cier du tout ?<\/h3>\n\n\n\n<p><strong>Failer :<\/strong> C'est l\u00e0 toute la beaut\u00e9 d'une couche de donn\u00e9es s\u00e9par\u00e9e, mais consciente du contexte, pour les informations historiques. Comme les donn\u00e9es sont accessibles \u00e0 tout moment et dans leur int\u00e9gralit\u00e9 avec leur contexte commercial, le fait qu'elles ne se trouvent pas dans S\/4 Hana, mais en dehors, n'a plus d'importance. Si l'acc\u00e8s est en outre int\u00e9gr\u00e9 dans l'interface utilisateur, qu'il s'agisse de SAP GUI ou de SAP Fiori, les utilisateurs peuvent afficher les informations historiques comme si elles avaient \u00e9t\u00e9 cr\u00e9\u00e9es dans SAP S\/4. Ils ne remarquent m\u00eame pas la diff\u00e9rence.<\/p>\n\n\n\n<h3 class=\"wp-block-heading\" id=\"e-3-zugriff-bedeutet-aber-zunachsteinmal-status-quo-nicht-veranderung-oder-innovation\"><strong>E-3 :<\/strong> Mais l'acc\u00e8s signifie d'abord<br>une fois le statu quo, pas le changement ou l'innovation ?<\/h3>\n\n\n\n<p><strong>Failer :<\/strong> C'est vrai, mais l'approche d'une couche de donn\u00e9es s\u00e9par\u00e9e r\u00e9duit consid\u00e9rablement la taille des bagages, ce qui permet aux cadres sup\u00e9rieurs de proc\u00e9der beaucoup plus facilement \u00e0 des changements et de fa\u00e7onner l'avenir num\u00e9rique de mani\u00e8re dynamique, sans devoir tenir compte de l'h\u00e9ritage. Sur notre plate-forme, par exemple, il est possible de s\u00e9lectionner, de transformer et de migrer exactement la partie des informations dont les utilisateurs ont r\u00e9ellement besoin dans l'environnement S\/4. Tous les groupes d'int\u00e9r\u00eat sont ainsi servis. Mais ce n'est pas le seul avantage.<\/p>\n\n\n\n<h3 class=\"wp-block-heading\" id=\"e-3-welche-gibt-es-noch\"><strong>E-3 :<\/strong> Quels sont les autres ?<\/h3>\n\n\n\n<p><strong>Failer :<\/strong> En retirant les anciennes donn\u00e9es et en coupant le lien avec l'ancienne structure, on a la possibilit\u00e9 de nettoyer les donn\u00e9es historiques, mais uniquement la partie que l'entreprise continue \u00e0 traiter. Je pense par exemple aux donn\u00e9es relatives aux fournisseurs avec lesquels l'entreprise fait actuellement des affaires.<\/p>\n\n\n\n<h3 class=\"wp-block-heading\" id=\"e-3-daruber-hinaus-gibt-es-aber-noch-die-aufsichtsbehorden-und-revisoren-was-halten-die-von-ihrem-ansatz\"><strong>E-3 :<\/strong> Mais il y a aussi les autorit\u00e9s de surveillance et les auditeurs. Que pensent-ils de votre approche ?<\/h3>\n\n\n\n<p><strong>Failer :<\/strong> Si la s\u00e9curit\u00e9 de r\u00e9vision certifi\u00e9e est assur\u00e9e, ils en sont tr\u00e8s satisfaits. Car la s\u00e9curit\u00e9 juridique peut alors \u00eatre \u00e9tablie. Depuis le r\u00e8glement g\u00e9n\u00e9ral europ\u00e9en sur la protection des donn\u00e9es, celle-ci ne consiste d'ailleurs plus seulement \u00e0 pouvoir prouver que les contenus \u00e0 conserver sont class\u00e9s sans modification pendant la p\u00e9riode prescrite. Les obligations d'information et de suppression ont \u00e9t\u00e9 ajout\u00e9es, de sorte que les entreprises doivent \u00eatre en mesure de g\u00e9rer leurs informations jusqu'au niveau de l'enregistrement et du document individuel, jusqu'\u00e0 ce qu'elles puissent les supprimer. Or, pour de nombreux syst\u00e8mes existants, cette gestion du cycle de vie est techniquement impossible ou tr\u00e8s co\u00fbteuse. Il n'est donc pas \u00e9tonnant que, selon une \u00e9tude de Capgemini, seules 28 % des entreprises respectent les dispositions du RGPD de l'UE. Car pour cela, une nouvelle approche est n\u00e9cessaire. Elle consiste \u00e0 conserver et \u00e0 g\u00e9rer les informations historiques \u00e0 100 %, sans modification de leur structure, sur une couche de donn\u00e9es distincte.<\/p>\n\n\n\n<h3 class=\"wp-block-heading\" id=\"e-3-bietet-dmi-auch-hierfur-eine-losung\">E-3 : Est-ce que DMI offre \u00e9galement une solution \u00e0 ce probl\u00e8me ?<\/h3>\n\n\n\n<p><strong>Failer :<\/strong> Oui, si l'approche est correctement mise en \u0153uvre. Cela signifie que la couche de donn\u00e9es s\u00e9par\u00e9e pour les informations historiques doit fournir les fonctionnalit\u00e9s correspondantes. Si elle le fait comme notre plate-forme, les clients SAP existants peuvent compl\u00e8tement d\u00e9classer leurs syst\u00e8mes et applications h\u00e9rit\u00e9s. Selon nos clients, cela se traduit par une r\u00e9duction des co\u00fbts d'exploitation de 80 % ou plus.<\/p>\n\n\n\n<h3 class=\"wp-block-heading\" id=\"e-3-sind-das-nicht-alles-einmaleffekte-gleicht-eine-solche-datenschicht-langfristig-nicht-doch-eher-einem-archiv\"><strong>E-3 :<\/strong> Ne s'agit-il pas d'effets ponctuels ? Une telle couche de donn\u00e9es ne ressemble-t-elle pas plut\u00f4t, \u00e0 long terme, \u00e0 des archives ?<\/h3>\n\n\n\n<p><strong>Failer :<\/strong> Vous abordez l\u00e0 un point tout \u00e0 fait d\u00e9cisif. Une couche de donn\u00e9es ind\u00e9pendante du syst\u00e8me et de l'application, mais consciente du contexte, ne m\u00e9rite en effet ce nom que si elle est con\u00e7ue de mani\u00e8re dynamique et non statique. Cela signifie par exemple d\u00e9placer continuellement vers cette couche les donn\u00e9es qui ne sont plus trait\u00e9es de mani\u00e8re op\u00e9rationnelle. Cela permet de maintenir durablement la base de donn\u00e9es en m\u00e9moire Hana, toujours co\u00fbteuse par rapport aux supports de stockage bon march\u00e9, au plus bas. Nous estimons que cette seule mesure permet de r\u00e9duire d'un quart le co\u00fbt total de possession de SAP S\/4 Hana sur l'ensemble de son cycle de vie. Ceci est d'autant plus vrai si l'on tient compte de la probl\u00e9matique ADK, \u00e0 laquelle les responsables sont de plus en plus confront\u00e9s.<\/p>\n\n\n\n<h3 class=\"wp-block-heading\" id=\"e-3-worin-besteht-diese-problematik\"><strong>E-3 :<\/strong> En quoi consiste cette probl\u00e9matique ?<\/h3>\n\n\n\n<p><strong>Failer :<\/strong> Les clients SAP existants r\u00e9solvent g\u00e9n\u00e9ralement le probl\u00e8me d'une base de donn\u00e9es en ligne en forte croissance en d\u00e9pla\u00e7ant les anciens documents et donn\u00e9es dans les archives ADK. S'ils doivent supprimer ult\u00e9rieurement d'anciens documents ou donn\u00e9es, cela ne fonctionne pas du tout au niveau de l'archive. Cela signifie qu'ils devraient \u00e0 nouveau t\u00e9l\u00e9charger ces informations dans l'application, les supprimer et les archiver \u00e0 nouveau. Or, ces archives n'ont jamais \u00e9t\u00e9 con\u00e7ues pour de tels cas, comme le pr\u00e9voit par exemple le RGPD. Une couche de donn\u00e9es s\u00e9par\u00e9e, dans laquelle 100 % des informations historiques sont stock\u00e9es avec leur contexte commercial, ne conna\u00eet en revanche pas ce probl\u00e8me.<\/p>\n\n\n\n<h3 class=\"wp-block-heading\" id=\"e-3-allerdings-sprechen-wir-immer-noch-von-einer-datenschicht-fur-sap-nicht-wahr\"><strong>E-3 :<\/strong> Cependant, nous parlons toujours d'une couche de donn\u00e9es pour SAP, n'est-ce pas ?<\/h3>\n\n\n\n<p><strong>Failer :<\/strong> C'est une bonne chose que vous abordiez ce sujet. Le niveau de donn\u00e9es s\u00e9par\u00e9 doit \u00eatre con\u00e7u ind\u00e9pendamment du syst\u00e8me et de l'application. L'ouverture est donc une autre caract\u00e9ristique fondamentale de ce niveau de donn\u00e9es conscient du contexte. Plus encore : c'est m\u00eame une condition de base pour l'entreprise num\u00e9rique. En effet, l'entreprise num\u00e9rique est fondamentalement et dans tous les domaines pilot\u00e9e par les donn\u00e9es. Cela signifie que les entreprises doivent int\u00e9grer non seulement les informations op\u00e9rationnelles, mais aussi leurs informations historiques dans ce pilotage et l'analyse qui l'accompagne. D'une part, cela permet un nombre et une fr\u00e9quence d'acc\u00e8s aux donn\u00e9es bien plus importants et, d'autre part, cela suppose une ouverture fondamentale aux solutions tierces gr\u00e2ce \u00e0 la prise en charge de normes telles que, par exemple, JDBC et les services web.<\/p>\n\n\n\n<h3 class=\"wp-block-heading\" id=\"e-3-das-bedeutet-dass-nicht-samtliche-daten-teil-dieser-datenschicht-werden-mussen\"><strong>E-3 :<\/strong> Cela signifie que toutes les donn\u00e9es ne doivent pas faire partie de cette couche de donn\u00e9es ?<\/h3>\n\n\n\n<p><strong>Failer :<\/strong> Si, elles devraient absolument l'\u00eatre. Mais elles ne doivent pas se trouver dans la m\u00eame m\u00e9moire, m\u00eame si c'est ce qui a le plus de sens pour les informations historiques.<\/p>\n\n\n\n<h3 class=\"wp-block-heading\" id=\"e-3-warum\"><strong>E-3 :<\/strong> Pourquoi ?<\/h3>\n\n\n\n<p><strong>Failer :<\/strong> L'harmonisation est ici le mot cl\u00e9. Et l'harmonisation commence par la consolidation des syst\u00e8mes, des applications et des centres de donn\u00e9es. Le passage \u00e0 SAP S\/4 peut \u00eatre utilis\u00e9 pour passer de 50 applications ERP ou plus, r\u00e9parties sur diff\u00e9rents sites, \u00e0 un seul syst\u00e8me SAP de derni\u00e8re g\u00e9n\u00e9ration. Les informations historiques sont alors stock\u00e9es sur une plate-forme centrale.<\/p>\n\n\n\n<h3 class=\"wp-block-heading\" id=\"e-3-wo-liegt-der-unterschied-zu-einem-zentralen-archiv\"><strong>E-3 :<\/strong> Quelle est la diff\u00e9rence avec une archive centrale ?<\/h3>\n\n\n\n<p><strong>Failer :<\/strong> Les archives stockent sans contexte commercial, une plate-forme centrale comme noyau d'une couche de donn\u00e9es \u00e0 l'\u00e9chelle de l'entreprise d\u00e9tache les donn\u00e9es de leurs syst\u00e8mes d'origine avec leur contexte. Il est alors possible de filtrer les donn\u00e9es qui doivent \u00eatre trait\u00e9es dans le nouveau syst\u00e8me dans le cadre de processus ouverts. Et ce sont les seules que les entreprises doivent transformer et migrer. Nous avons d\u00e9j\u00e0 \u00e9voqu\u00e9 les avantages qui en d\u00e9coulent en termes de temps et de co\u00fbts. Mais une telle plate-forme peut faire bien plus encore.<\/p>\n\n\n\n<h3 class=\"wp-block-heading\" id=\"e-3-was-genau\"><strong>E-3 :<\/strong> Quoi exactement ?<\/h3>\n\n\n\n<p><strong>Failer :<\/strong> Je citerai en particulier l'harmonisation virtuelle des donn\u00e9es de base. Cela permet de cr\u00e9er une structure de donn\u00e9es de base qui correspond \u00e0 celle des principaux syst\u00e8mes op\u00e9rationnels, qu'il s'agisse de SAP S\/4 ou de solutions analytiques sp\u00e9ciales. Ce n'est qu'ainsi que l'on obtient une vue globale de tous les objets commerciaux tels que les clients ou les fournisseurs, car du point de vue de l'utilisateur, la s\u00e9paration entre les donn\u00e9es historiques et les donn\u00e9es op\u00e9rationnelles est abolie et les diff\u00e9rences dans les structures de donn\u00e9es, qui proviennent de diff\u00e9rentes g\u00e9n\u00e9rations de logiciels et de formats de fabricants, sont supprim\u00e9es. C'est presque ironique : seule la s\u00e9paration nette des couches permet cette vue d'ensemble harmonis\u00e9e, cette vision \u00e0 360 degr\u00e9s.<\/p>\n\n\n\n<figure class=\"wp-block-image size-full\"><img decoding=\"async\" title=\"Transformation et cr\u00e9puscule des donn\u00e9es\" src=\"https:\/\/e3mag.com\/wp-content\/uploads\/2022\/01\/DataMigration-Failer-800x600-1.jpg\" alt=\"DataMigrationInternation-Thomas-Failer\" class=\"wp-image-111081\"\/><figcaption><em>Thomas Failer est avant tout un visionnaire et un gestionnaire de donn\u00e9es ERP, ce qui a une signification qui d\u00e9passe largement les fronti\u00e8res de la communaut\u00e9 SAP.<\/em><\/figcaption><\/figure>\n\n\n\n<h3 class=\"wp-block-heading\" id=\"e-3-wenn-die-historischen-daten-vollstandig-und-korrekt-waren\"><strong>E-3 :<\/strong> Si les donn\u00e9es historiques \u00e9taient compl\u00e8tes et correctes ...<\/h3>\n\n\n\n<p><strong>Failer :<\/strong> Pr\u00e9cis\u00e9ment . C'est pourquoi une telle plateforme doit offrir la possibilit\u00e9 d'optimiser la qualit\u00e9 des donn\u00e9es. Cela signifie qu'elle doit offrir des fonctionnalit\u00e9s permettant d'identifier et de corriger les erreurs. Les doublons et les enregistrements erron\u00e9s doivent pouvoir \u00eatre \u00e9limin\u00e9s, tout comme il doit \u00eatre possible de compl\u00e9ter des enregistrements incomplets. L'entreprise num\u00e9rique et intelligente, qui est \u00e0 port\u00e9e de main gr\u00e2ce aux nouvelles g\u00e9n\u00e9rations de logiciels et \u00e0 la modernisation fondamentale de l'informatique, est tributaire de donn\u00e9es absolument fiables.<\/p>\n\n\n\n<h3 class=\"wp-block-heading\" id=\"e-3-was-raten-sie-deshalb-sap-bestandskunden-die-ihre-s-4-transformation-2022-in-angriff-nehmen-wollen\"><strong>E-3 :<\/strong> Que conseillez-vous donc aux clients existants de SAP qui souhaitent entamer leur transformation S\/4 en 2022 ?<\/h3>\n\n\n\n<p><strong>Failer :<\/strong> Je leur conseille deux choses : La transformation vers la nouvelle g\u00e9n\u00e9ration de logiciels de Walldorf est LA grande opportunit\u00e9 pour l'harmonisation des donn\u00e9es, qui peut \u00eatre r\u00e9alis\u00e9e le plus facilement, le plus \u00e9conomiquement et le plus efficacement si elle est effectu\u00e9e avant le passage \u00e0 SAP S\/4. En outre, la transformation devrait \u00eatre li\u00e9e \u00e0 la cr\u00e9ation d'une couche de donn\u00e9es s\u00e9par\u00e9e, mais consciente du contexte. La base id\u00e9ale de ce tissu est une plate-forme centrale pour la gestion du cycle de vie des informations historiques.<\/p>\n\n\n\n<h3 class=\"wp-block-heading\" id=\"e-3-aber-kostet-das-nicht-viel-zu-viel-zeit\"><strong>E-3 :<\/strong> Mais cela ne prend-il pas beaucoup trop de temps ?<\/h3>\n\n\n\n<p><strong>Failer :<\/strong> Cela permet d'\u00e9conomiser \u00e9norm\u00e9ment de temps et bien s\u00fbr beaucoup d'argent. C'est pourquoi, outre la s\u00e9curit\u00e9 juridique et l'ouverture, une autre caract\u00e9ristique centrale d'une couche de donn\u00e9es consciente du contexte et bas\u00e9e sur une plate-forme centrale de gestion de l'information est le haut degr\u00e9 d'automatisation. Les informations structur\u00e9es et non structur\u00e9es doivent pouvoir \u00eatre extraites des syst\u00e8mes patrimoniaux et des archives qui y sont li\u00e9es en appuyant sur un bouton et en un tour de main. D\u00e9termination du potentiel de r\u00e9duction des donn\u00e9es \u00e0 transformer, optimisation de la qualit\u00e9 des donn\u00e9es, harmonisation virtuelle dynamique des donn\u00e9es de base, autant de domaines qui doivent \u00eatre hautement automatis\u00e9s.<\/p>\n\n\n\n<h3 class=\"wp-block-heading\" id=\"e-3-letzter-einwand-ist-das-nicht-zukunftsmusik-der-trend-zur-data-fabric-wie-gartner-das-nennt-ist-doch-noch-keine-losung\"><strong>E-3 :<\/strong> Derni\u00e8re objection : n'est-ce pas de la musique d'avenir ? La tendance \u00e0 la Data Fabric, comme l'appelle Gartner, n'est tout de m\u00eame pas encore une solution.<\/h3>\n\n\n\n<p><strong>Failer :<\/strong> J'ai compris d\u00e8s les ann\u00e9es 1990, lors du passage de la g\u00e9n\u00e9ration R\/2 \u00e0 la g\u00e9n\u00e9ration R\/3, qu'il \u00e9tait pr\u00e9f\u00e9rable d'extraire les donn\u00e9es des syst\u00e8mes patrimoniaux, ainsi que leur contexte commercial, et de les g\u00e9rer dans un environnement distinct. Ce qui a commenc\u00e9 comme une solution de d\u00e9classement des syst\u00e8mes h\u00e9rit\u00e9s est aujourd'hui une plate-forme compl\u00e8te pour la gestion du cycle de vie des informations, du d\u00e9classement des syst\u00e8mes h\u00e9rit\u00e9s \u00e0 la migration et \u00e0 la transformation, en passant par la s\u00e9paration des informations op\u00e9rationnelles et historiques et l'optimisation de la qualit\u00e9 des donn\u00e9es. Elle dispose de toutes les caract\u00e9ristiques mentionn\u00e9es et permet d'obtenir les avantages d\u00e9montr\u00e9s par plus de 2000 projets r\u00e9ussis dans le monde entier. Notre plateforme JiVS IMP pose d\u00e8s aujourd'hui la premi\u00e8re pierre d'une couche de donn\u00e9es consciente du contexte dans les entreprises. Gr\u00e2ce \u00e0 JiVS IMP, les clients SAP existants peuvent entrer dans l'\u00e8re S\/4 en quelques mois. 2022 ne sera pas seulement l'ann\u00e9e de la transformation, mais aussi celle du cr\u00e9puscule des donn\u00e9es.<\/p>\n\n\n\n<h3 class=\"wp-block-heading\" id=\"e-3-danke-fur-das-gesprach\"><strong>E-3 : <\/strong>Merci pour cette conversation.<\/h3>\n\n\n\n<figure class=\"wp-block-image size-full is-resized\"><a href=\"https:\/\/e3mag.com\/partners\/dms\/\"><img loading=\"lazy\" decoding=\"async\" title=\"Transformation et cr\u00e9puscule des donn\u00e9es\" src=\"https:\/\/e3mag.com\/wp-content\/uploads\/2018\/08\/Data-Migration.jpg\" alt=\"https:\/\/e3mag.com\/partners\/data-migration-services-ag\/\" class=\"wp-image-54460\" width=\"660\" height=\"73\" srcset=\"https:\/\/e3mag.com\/wp-content\/uploads\/2018\/08\/Data-Migration.jpg 1000w, https:\/\/e3mag.com\/wp-content\/uploads\/2018\/08\/Data-Migration-768x86.jpg 768w, https:\/\/e3mag.com\/wp-content\/uploads\/2018\/08\/Data-Migration-100x11.jpg 100w, https:\/\/e3mag.com\/wp-content\/uploads\/2018\/08\/Data-Migration-480x54.jpg 480w, https:\/\/e3mag.com\/wp-content\/uploads\/2018\/08\/Data-Migration-640x72.jpg 640w, https:\/\/e3mag.com\/wp-content\/uploads\/2018\/08\/Data-Migration-720x81.jpg 720w, https:\/\/e3mag.com\/wp-content\/uploads\/2018\/08\/Data-Migration-960x108.jpg 960w\" sizes=\"auto, (max-width: 660px) 100vw, 660px\" \/><\/a><\/figure>\n\n\n\n<div class=\"wp-block-image\"><figure class=\"aligncenter size-full\"><a href=\"https:\/\/e3mag.com\/wp-content\/uploads\/2022\/01\/2202_e_3_Magazin_Online_Coverstory.pdf\" target=\"_blank\" rel=\"noopener\"><img loading=\"lazy\" decoding=\"async\" width=\"1000\" height=\"125\" title=\"Transformation et cr\u00e9puscule des donn\u00e9es\" src=\"https:\/\/e3mag.com\/wp-content\/uploads\/2018\/04\/Download-Coverstory.jpg\" alt=\"T\u00e9l\u00e9charger l&#039;article de couverture\" class=\"wp-image-37442\" srcset=\"https:\/\/e3mag.com\/wp-content\/uploads\/2018\/04\/Download-Coverstory.jpg 1000w, https:\/\/e3mag.com\/wp-content\/uploads\/2018\/04\/Download-Coverstory-768x96.jpg 768w, https:\/\/e3mag.com\/wp-content\/uploads\/2018\/04\/Download-Coverstory-100x13.jpg 100w, https:\/\/e3mag.com\/wp-content\/uploads\/2018\/04\/Download-Coverstory-480x60.jpg 480w, https:\/\/e3mag.com\/wp-content\/uploads\/2018\/04\/Download-Coverstory-640x80.jpg 640w, https:\/\/e3mag.com\/wp-content\/uploads\/2018\/04\/Download-Coverstory-720x90.jpg 720w, https:\/\/e3mag.com\/wp-content\/uploads\/2018\/04\/Download-Coverstory-960x120.jpg 960w\" sizes=\"auto, (max-width: 1000px) 100vw, 1000px\" \/><\/a><\/figure><\/div>","protected":false},"excerpt":{"rendered":"<p>DMI se propose de simplifier radicalement la transformation vers SAP S\/4 Hana. Pour ce faire, l'entreprise sp\u00e9cialis\u00e9e dans la gestion de l'information conseille aux clients SAP existants de cr\u00e9er une couche de donn\u00e9es sp\u00e9cifique pour toutes les informations qui ne sont plus trait\u00e9es de mani\u00e8re op\u00e9rationnelle.<\/p>","protected":false},"author":38,"featured_media":0,"comment_status":"open","ping_status":"closed","sticky":false,"template":"","format":"standard","meta":{"_acf_changed":false,"pmpro_default_level":"","footnotes":""},"categories":[40331,40330],"tags":[707,37272,40347,517,25047,39495,799],"coauthors":[19920,40343],"class_list":["post-111076","post","type-post","status-publish","format-standard","hentry","category-coverstory-22-02","category-mag-22-02","tag-coverstory","tag-data-migration-international","tag-mag-22-02","tag-s4","tag-sap-s-4hana","tag-thomas-failer","tag-transformation","pmpro-has-access"],"acf":[],"featured_image_urls_v2":{"full":"","thumbnail":"","medium":"","medium_large":"","large":"","image-100":"","image-480":"","image-640":"","image-720":"","image-960":"","image-1168":"","image-1440":"","image-1920":"","1536x1536":"","2048x2048":"","trp-custom-language-flag":"","bricks_large_16x9":"","bricks_large":"","bricks_large_square":"","bricks_medium":"","bricks_medium_square":"","profile_24":"","profile_48":"","profile_96":"","profile_150":"","profile_300":""},"post_excerpt_stackable_v2":"<p>DMI tritt an, die Transformation auf SAP S\/4 Hana radikal zu vereinfachen. Dazu r\u00e4t das auf Informationsmanagement spezialisierte Unternehmen SAP-Bestandskunden zu einer eigenen Datenschicht f\u00fcr alle Informationen, die operativ nicht mehr weiterverarbeitet werden.<\/p>\n","category_list_v2":"<a href=\"https:\/\/e3mag.com\/fr\/category\/coverstorys\/coverstory-22-02\/\" rel=\"category tag\">Coverstory 22-02<\/a>, <a href=\"https:\/\/e3mag.com\/fr\/category\/mag-22-02\/\" rel=\"category tag\">MAG 22-02<\/a>","author_info_v2":{"name":"Magazine E-3","url":"https:\/\/e3mag.com\/fr\/author\/e-3-magazin\/"},"comments_num_v2":"0 commentaire","_links":{"self":[{"href":"https:\/\/e3mag.com\/fr\/wp-json\/wp\/v2\/posts\/111076","targetHints":{"allow":["GET"]}}],"collection":[{"href":"https:\/\/e3mag.com\/fr\/wp-json\/wp\/v2\/posts"}],"about":[{"href":"https:\/\/e3mag.com\/fr\/wp-json\/wp\/v2\/types\/post"}],"author":[{"embeddable":true,"href":"https:\/\/e3mag.com\/fr\/wp-json\/wp\/v2\/users\/38"}],"replies":[{"embeddable":true,"href":"https:\/\/e3mag.com\/fr\/wp-json\/wp\/v2\/comments?post=111076"}],"version-history":[{"count":0,"href":"https:\/\/e3mag.com\/fr\/wp-json\/wp\/v2\/posts\/111076\/revisions"}],"wp:attachment":[{"href":"https:\/\/e3mag.com\/fr\/wp-json\/wp\/v2\/media?parent=111076"}],"wp:term":[{"taxonomy":"category","embeddable":true,"href":"https:\/\/e3mag.com\/fr\/wp-json\/wp\/v2\/categories?post=111076"},{"taxonomy":"post_tag","embeddable":true,"href":"https:\/\/e3mag.com\/fr\/wp-json\/wp\/v2\/tags?post=111076"},{"taxonomy":"author","embeddable":true,"href":"https:\/\/e3mag.com\/fr\/wp-json\/wp\/v2\/coauthors?post=111076"}],"curies":[{"name":"wp","href":"https:\/\/api.w.org\/{rel}","templated":true}]}}