{"id":44039,"count":1,"description":"<h3>Coverstory novembre 2024 :<\/h3>\r\n<h1>Ambassadeur SAP<\/h1>\r\n<strong>Thomas Saueressig<\/strong> a \u00e9t\u00e9 appel\u00e9 au conseil d'administration par Christian Klein, CEO de SAP, qui lui a confi\u00e9 de nombreuses t\u00e2ches nouvelles et importantes apr\u00e8s la r\u00e9cente r\u00e9organisation. Actuellement, Thomas Saueressig est le visage de SAP, et pas seulement lors du congr\u00e8s annuel de DSAG.","link":"https:\/\/e3mag.com\/fr\/category\/coverstorys\/coverstory-24-11\/","name":"Article de couverture 24-11","slug":"coverstory-24-11","taxonomy":"category","parent":37922,"meta":[],"acf":[],"_links":{"self":[{"href":"https:\/\/e3mag.com\/fr\/wp-json\/wp\/v2\/categories\/44039","targetHints":{"allow":["GET"]}}],"collection":[{"href":"https:\/\/e3mag.com\/fr\/wp-json\/wp\/v2\/categories"}],"about":[{"href":"https:\/\/e3mag.com\/fr\/wp-json\/wp\/v2\/taxonomies\/category"}],"up":[{"embeddable":true,"href":"https:\/\/e3mag.com\/fr\/wp-json\/wp\/v2\/categories\/37922"}],"wp:post_type":[{"href":"https:\/\/e3mag.com\/fr\/wp-json\/wp\/v2\/posts?categories=44039"}],"curies":[{"name":"wp","href":"https:\/\/api.w.org\/{rel}","templated":true}]}}