{"id":62532,"date":"2019-09-19T14:37:30","date_gmt":"2019-09-19T12:37:30","guid":{"rendered":"http:\/\/e3mag.com\/?p=62532"},"modified":"2020-02-08T16:20:59","modified_gmt":"2020-02-08T15:20:59","slug":"y-se-mueve-todavia-2","status":"publish","type":"post","link":"https:\/\/e3mag.com\/es\/und-sie-bewegt-sich-doch\/","title":{"rendered":"\u00a1Y sin embargo se mueve!"},"content":{"rendered":"<p>Galileo vio el sol en el centro y dijo desafiante: <em>\"Y sin embargo se mueve\".<\/em> Se refer\u00eda a la tierra - hasta aqu\u00ed la an\u00e9cdota, sin pretender validez hist\u00f3rica.<\/p>\n<p>Lo que se ha reconocido esta semana en el congreso anual de la DSAG no es una an\u00e9cdota, sino una amarga gravedad para los actuales clientes de SAP: Seg\u00fan la planificaci\u00f3n actual, \u00a1no podr\u00e1 haber Business Suite on Hana, es decir, SoH, a partir de 2025! \u00bfQu\u00e9 ha ocurrido?<\/p>\n<p>En la nota de servicio SAP 1648480 (el documento PDF est\u00e1 disponible en E-3 Magazine) se indica que el soporte para la pila Abap de NetWeaver 7.5 finalizar\u00e1 en 2025. Para la pila Java de NW 7.5 el fin es ya 2024 - saludos a Oracle y Larry Ellison.<\/p>\n<p>La mala noticia: SAP Business Suite 7 necesita naturalmente NetWeaver como \"sistema de tiempo de ejecuci\u00f3n\". La buena noticia: La nota de servicio de SAP s\u00f3lo interrumpe el sistema que conocemos actualmente. SAP puede continuar con la pila NetWeaver Abap con una cuota de mantenimiento incrementada o puede haber un \"mantenimiento ampliado\".<\/p>\n<p>Tambi\u00e9n podr\u00eda haber alternativas para Java de Oracle y, por tanto, tambi\u00e9n sustitutos de la pila NetWeaver-Oracle Java. Lo que sin duda no puede funcionar, sin embargo, es la declaraci\u00f3n del jefe del DSAG, Marco Lenck:<\/p>\n<p><em>\"Incluso despu\u00e9s de 2025, la suite empresarial seguir\u00e1 funcionando con NetWeaver 7.5\".<\/em><\/p>\n<p>T\u00e9cnicamente, por supuesto, tiene raz\u00f3n, porque el 1 de enero de 2026 la esencial NetWeaver 7.5 no se desvanecer\u00e1 en el aire. Pero lo que Lenck pasa por alto: Para el cliente SAP existente, un sistema operativo es s\u00f3lo la mitad de la batalla.<\/p>\n<p>Los usuarios de SoH tambi\u00e9n necesitan seguridad jur\u00eddica con respecto a sus licencias, mantenimiento, soporte y cambios legales, etc. La nota de servicio de SAP les ha quitado de momento el terreno de encima, aunque, como dijo Marco Lenck en la rueda de prensa del DSAG, los sistemas avanzan naturalmente desde un punto de vista puramente t\u00e9cnico.<\/p>","protected":false},"excerpt":{"rendered":"<p>Esta famosa frase se atribuye al matem\u00e1tico y astr\u00f3nomo Galileo Galilei (1564-1642). Se refer\u00eda a la disputa con la Iglesia cat\u00f3lica sobre si el Sol se mov\u00eda alrededor de la Tierra (sistema geoc\u00e9ntrico) o viceversa (visi\u00f3n helioc\u00e9ntrica del mundo).<\/p>","protected":false},"author":2,"featured_media":0,"comment_status":"open","ping_status":"closed","sticky":false,"template":"","format":"standard","meta":{"_acf_changed":false,"pmpro_default_level":"","footnotes":""},"categories":[27840],"tags":[453,65,722,198,513],"coauthors":[27825],"class_list":["post-62532","post","type-post","status-publish","format-standard","hentry","category-chefredakteur-blog","tag-abap","tag-hana","tag-netweaver","tag-oracle","tag-soh","pmpro-has-access"],"acf":[],"featured_image_urls_v2":{"full":"","thumbnail":"","medium":"","medium_large":"","large":"","image-100":"","image-480":"","image-640":"","image-720":"","image-960":"","image-1168":"","image-1440":"","image-1920":"","1536x1536":"","2048x2048":"","trp-custom-language-flag":"","bricks_large_16x9":"","bricks_large":"","bricks_large_square":"","bricks_medium":"","bricks_medium_square":"","profile_24":"","profile_48":"","profile_96":"","profile_150":"","profile_300":""},"post_excerpt_stackable_v2":"<p>Dieser ber\u00fchmte Satz wird dem Mathematiker und Astronomen Galileo Galilei (1564\u20131642) zugeschrieben. Es ging um den Streit mit der katholischen Kirche, ob sich nun die Sonne um die Erde (geozentrisches System) oder umgekehrt (heliozentrisches Weltbild) bewegt.<\/p>\n","category_list_v2":"<a href=\"https:\/\/e3mag.com\/es\/category\/chefredakteur-blog\/\" rel=\"category tag\">Chefredakteur-Blog<\/a>","author_info_v2":{"name":"Peter M. F\u00e4rbinger, E3 Magazine","url":"https:\/\/e3mag.com\/es\/author\/peter-m-faerbinger-e-3-magazin\/"},"comments_num_v2":"0 comentarios","_links":{"self":[{"href":"https:\/\/e3mag.com\/es\/wp-json\/wp\/v2\/posts\/62532","targetHints":{"allow":["GET"]}}],"collection":[{"href":"https:\/\/e3mag.com\/es\/wp-json\/wp\/v2\/posts"}],"about":[{"href":"https:\/\/e3mag.com\/es\/wp-json\/wp\/v2\/types\/post"}],"author":[{"embeddable":true,"href":"https:\/\/e3mag.com\/es\/wp-json\/wp\/v2\/users\/2"}],"replies":[{"embeddable":true,"href":"https:\/\/e3mag.com\/es\/wp-json\/wp\/v2\/comments?post=62532"}],"version-history":[{"count":0,"href":"https:\/\/e3mag.com\/es\/wp-json\/wp\/v2\/posts\/62532\/revisions"}],"wp:attachment":[{"href":"https:\/\/e3mag.com\/es\/wp-json\/wp\/v2\/media?parent=62532"}],"wp:term":[{"taxonomy":"category","embeddable":true,"href":"https:\/\/e3mag.com\/es\/wp-json\/wp\/v2\/categories?post=62532"},{"taxonomy":"post_tag","embeddable":true,"href":"https:\/\/e3mag.com\/es\/wp-json\/wp\/v2\/tags?post=62532"},{"taxonomy":"author","embeddable":true,"href":"https:\/\/e3mag.com\/es\/wp-json\/wp\/v2\/coauthors?post=62532"}],"curies":[{"name":"wp","href":"https:\/\/api.w.org\/{rel}","templated":true}]}}