{"id":61194,"date":"2016-02-03T10:40:58","date_gmt":"2016-02-03T09:40:58","guid":{"rendered":"http:\/\/e3mag.com\/?p=61194"},"modified":"2024-01-19T14:54:09","modified_gmt":"2024-01-19T13:54:09","slug":"la-transformacion-digital-esta-aqui","status":"publish","type":"post","link":"https:\/\/e3mag.com\/es\/die-digitale-transformation-ist-da\/","title":{"rendered":"La transformaci\u00f3n digital ya est\u00e1 aqu\u00ed"},"content":{"rendered":"<p>La digitalizaci\u00f3n se est\u00e1 apoderando de todos los \u00e1mbitos de la econom\u00eda y la sociedad, no es un fen\u00f3meno a corto plazo, sino que lo abarca todo y ofrece grandes oportunidades a largo plazo. Es esencial afrontar estos retos y dirigir activamente su empresa hacia el futuro. d!conomy describe llega a todos los responsables de la toma de decisiones, a todas las empresas y a todos los sectores de la econom\u00eda.<\/p>\n<p>La digitalizaci\u00f3n influir\u00e1 en todos los componentes de las cadenas de valor existentes. Adem\u00e1s, existen planteamientos disruptivos por parte de empresas j\u00f3venes y \u00e1giles que utilizan modelos de negocio digitales para romper mercados establecidos desde hace tiempo y convertirse r\u00e1pidamente en nuevos competidores.<\/p>\n<p>Quien quiera seguir manteni\u00e9ndose en el futuro en un entorno de mercado altamente din\u00e1mico debe aprovechar las oportunidades de la transformaci\u00f3n digital. Los negocios y las empresas, la administraci\u00f3n, la pol\u00edtica y la sociedad en su conjunto pueden aprovechar las oportunidades de la digitalizaci\u00f3n.<\/p>\n<p>Al comienzo de la era digital, es necesario configurar las condiciones marco tanto pol\u00edticas como de gran envergadura, por ejemplo en lo que respecta a la seguridad de los datos y la privacidad.<\/p>\n<p>Tambi\u00e9n hay que desarrollar nuevos modelos de negocio, interfaces con el cliente y procesos empresariales y de producci\u00f3n, as\u00ed como nuevas formas de comunicaci\u00f3n y de trabajo.<\/p>\n<h3>Pa\u00eds socio Suiza<\/h3>\n<p>Suiza se presentar\u00e1 con un pabell\u00f3n de pa\u00eds socio de 1.500 metros cuadrados: con empresas establecidas, start-ups, universidades y universidades de ciencias aplicadas. La presencia del Presidente de la Confederaci\u00f3n y de altos representantes del mundo empresarial y de la investigaci\u00f3n situar\u00e1 a Suiza en el centro de la atenci\u00f3n internacional.<\/p>","protected":false},"excerpt":{"rendered":"<p>El tema principal de CeBIT 2016 es la continuaci\u00f3n del lema del a\u00f1o pasado: \"d!conomy: join - create - succeed\". La atenci\u00f3n se centra en las personas como responsables de tomar decisiones y dar forma a la transformaci\u00f3n digital.<\/p>","protected":false},"author":38,"featured_media":60767,"comment_status":"open","ping_status":"closed","sticky":false,"template":"","format":"standard","meta":{"_acf_changed":false,"pmpro_default_level":"","footnotes":""},"categories":[161,2,1596],"tags":[960,601,549],"coauthors":[19920],"class_list":["post-61194","post","type-post","status-publish","format-standard","has-post-thumbnail","hentry","category-szene","category-sap-nachrichten","category-1596","tag-datensicherheit","tag-digitalisierung","tag-start-ups","pmpro-has-access"],"acf":[],"featured_image_urls_v2":{"full":["https:\/\/e3mag.com\/wp-content\/uploads\/2019\/07\/2016.jpg",1000,387,false],"thumbnail":["https:\/\/e3mag.com\/wp-content\/uploads\/2019\/07\/2016-150x150.jpg",150,150,true],"medium":["https:\/\/e3mag.com\/wp-content\/uploads\/2019\/07\/2016.jpg",400,155,false],"medium_large":["https:\/\/e3mag.com\/wp-content\/uploads\/2019\/07\/2016-768x297.jpg",768,297,true],"large":["https:\/\/e3mag.com\/wp-content\/uploads\/2019\/07\/2016.jpg",1000,387,false],"image-100":["https:\/\/e3mag.com\/wp-content\/uploads\/2019\/07\/2016-100x39.jpg",100,39,true],"image-480":["https:\/\/e3mag.com\/wp-content\/uploads\/2019\/07\/2016-480x186.jpg",480,186,true],"image-640":["https:\/\/e3mag.com\/wp-content\/uploads\/2019\/07\/2016-640x248.jpg",640,248,true],"image-720":["https:\/\/e3mag.com\/wp-content\/uploads\/2019\/07\/2016-720x279.jpg",720,279,true],"image-960":["https:\/\/e3mag.com\/wp-content\/uploads\/2019\/07\/2016-960x372.jpg",960,372,true],"image-1168":["https:\/\/e3mag.com\/wp-content\/uploads\/2019\/07\/2016.jpg",1000,387,false],"image-1440":["https:\/\/e3mag.com\/wp-content\/uploads\/2019\/07\/2016.jpg",1000,387,false],"image-1920":["https:\/\/e3mag.com\/wp-content\/uploads\/2019\/07\/2016.jpg",1000,387,false],"1536x1536":["https:\/\/e3mag.com\/wp-content\/uploads\/2019\/07\/2016.jpg",1000,387,false],"2048x2048":["https:\/\/e3mag.com\/wp-content\/uploads\/2019\/07\/2016.jpg",1000,387,false],"trp-custom-language-flag":["https:\/\/e3mag.com\/wp-content\/uploads\/2019\/07\/2016.jpg",18,7,false],"bricks_large_16x9":["https:\/\/e3mag.com\/wp-content\/uploads\/2019\/07\/2016.jpg",1000,387,false],"bricks_large":["https:\/\/e3mag.com\/wp-content\/uploads\/2019\/07\/2016.jpg",1000,387,false],"bricks_large_square":["https:\/\/e3mag.com\/wp-content\/uploads\/2019\/07\/2016.jpg",1000,387,false],"bricks_medium":["https:\/\/e3mag.com\/wp-content\/uploads\/2019\/07\/2016.jpg",600,232,false],"bricks_medium_square":["https:\/\/e3mag.com\/wp-content\/uploads\/2019\/07\/2016.jpg",600,232,false],"profile_24":["https:\/\/e3mag.com\/wp-content\/uploads\/2019\/07\/2016-24x24.jpg",24,24,true],"profile_48":["https:\/\/e3mag.com\/wp-content\/uploads\/2019\/07\/2016-48x48.jpg",48,48,true],"profile_96":["https:\/\/e3mag.com\/wp-content\/uploads\/2019\/07\/2016-96x96.jpg",96,96,true],"profile_150":["https:\/\/e3mag.com\/wp-content\/uploads\/2019\/07\/2016-150x150.jpg",150,150,true],"profile_300":["https:\/\/e3mag.com\/wp-content\/uploads\/2019\/07\/2016-300x300.jpg",300,300,true]},"post_excerpt_stackable_v2":"<p>Topthema der CeBIT 2016 ist die Fortf\u00fchrung  Vorjahresmottos: \u201ed!conomy: join \u2013 create \u2013 succeed\u201c. Der Menschen als Entscheider und Gestalter der digitalen Transformation steht im Mittelpunkt.<\/p>\n","category_list_v2":"<a href=\"https:\/\/e3mag.com\/es\/category\/szene\/\" rel=\"category tag\">Szene<\/a>, <a href=\"https:\/\/e3mag.com\/es\/category\/sap-nachrichten\/\" rel=\"category tag\">Community Nachrichten<\/a>, <a href=\"https:\/\/e3mag.com\/es\/category\/1602\/\" rel=\"category tag\">MAG 16-02<\/a>","author_info_v2":{"name":"Revista E-3","url":"https:\/\/e3mag.com\/es\/author\/e-3-magazin\/"},"comments_num_v2":"0 comentarios","_links":{"self":[{"href":"https:\/\/e3mag.com\/es\/wp-json\/wp\/v2\/posts\/61194","targetHints":{"allow":["GET"]}}],"collection":[{"href":"https:\/\/e3mag.com\/es\/wp-json\/wp\/v2\/posts"}],"about":[{"href":"https:\/\/e3mag.com\/es\/wp-json\/wp\/v2\/types\/post"}],"author":[{"embeddable":true,"href":"https:\/\/e3mag.com\/es\/wp-json\/wp\/v2\/users\/38"}],"replies":[{"embeddable":true,"href":"https:\/\/e3mag.com\/es\/wp-json\/wp\/v2\/comments?post=61194"}],"version-history":[{"count":1,"href":"https:\/\/e3mag.com\/es\/wp-json\/wp\/v2\/posts\/61194\/revisions"}],"predecessor-version":[{"id":138418,"href":"https:\/\/e3mag.com\/es\/wp-json\/wp\/v2\/posts\/61194\/revisions\/138418"}],"wp:featuredmedia":[{"embeddable":true,"href":"https:\/\/e3mag.com\/es\/wp-json\/wp\/v2\/media\/60767"}],"wp:attachment":[{"href":"https:\/\/e3mag.com\/es\/wp-json\/wp\/v2\/media?parent=61194"}],"wp:term":[{"taxonomy":"category","embeddable":true,"href":"https:\/\/e3mag.com\/es\/wp-json\/wp\/v2\/categories?post=61194"},{"taxonomy":"post_tag","embeddable":true,"href":"https:\/\/e3mag.com\/es\/wp-json\/wp\/v2\/tags?post=61194"},{"taxonomy":"author","embeddable":true,"href":"https:\/\/e3mag.com\/es\/wp-json\/wp\/v2\/coauthors?post=61194"}],"curies":[{"name":"wp","href":"https:\/\/api.w.org\/{rel}","templated":true}]}}