{"id":147764,"date":"2024-12-13T09:00:00","date_gmt":"2024-12-13T08:00:00","guid":{"rendered":"http:\/\/e3mag.com\/?p=147764"},"modified":"2024-12-16T11:59:25","modified_gmt":"2024-12-16T10:59:25","slug":"workday-nombra-a-rob-enslin-presidente-y-director-comercial","status":"publish","type":"post","link":"https:\/\/e3mag.com\/es\/workday-ernennt-rob-enslin-zum-praesident-und-chief-commercial-officer\/","title":{"rendered":"Workday nombra a Rob Enslin como presidente y director comercial"},"content":{"rendered":"<p>Workday, proveedor de soluciones que ayudan a las organizaciones a gestionar a su personal y sus finanzas, ha anunciado el nombramiento de Rob Enslin para el cargo reci\u00e9n creado de presidente y director comercial. Enslin ser\u00e1 responsable de impulsar el crecimiento de los ingresos de Workday y de liderar las actividades globales de ventas, alianzas y experiencia del cliente de la compa\u00f1\u00eda.\u00a0<\/p>\n\n\n<div class=\"wp-block-image\">\n<figure class=\"aligncenter size-large is-resized\"><img loading=\"lazy\" decoding=\"async\" width=\"1200\" height=\"1079\" src=\"https:\/\/e3mag.com\/wp-content\/uploads\/2024\/12\/Rob_Enslin_Workday-1200x1079.jpg\" alt=\"\" class=\"wp-image-147765\" style=\"width:646px;height:auto\" srcset=\"https:\/\/e3mag.com\/wp-content\/uploads\/2024\/12\/Rob_Enslin_Workday-1200x1079.jpg 1200w, https:\/\/e3mag.com\/wp-content\/uploads\/2024\/12\/Rob_Enslin_Workday-400x360.jpg 400w, https:\/\/e3mag.com\/wp-content\/uploads\/2024\/12\/Rob_Enslin_Workday-768x691.jpg 768w, https:\/\/e3mag.com\/wp-content\/uploads\/2024\/12\/Rob_Enslin_Workday-100x90.jpg 100w, https:\/\/e3mag.com\/wp-content\/uploads\/2024\/12\/Rob_Enslin_Workday-480x432.jpg 480w, https:\/\/e3mag.com\/wp-content\/uploads\/2024\/12\/Rob_Enslin_Workday-640x576.jpg 640w, https:\/\/e3mag.com\/wp-content\/uploads\/2024\/12\/Rob_Enslin_Workday-720x647.jpg 720w, https:\/\/e3mag.com\/wp-content\/uploads\/2024\/12\/Rob_Enslin_Workday-960x863.jpg 960w, https:\/\/e3mag.com\/wp-content\/uploads\/2024\/12\/Rob_Enslin_Workday-1168x1050.jpg 1168w, https:\/\/e3mag.com\/wp-content\/uploads\/2024\/12\/Rob_Enslin_Workday-scaled.jpg 1201w, https:\/\/e3mag.com\/wp-content\/uploads\/2024\/12\/Rob_Enslin_Workday-13x12.jpg 13w, https:\/\/e3mag.com\/wp-content\/uploads\/2024\/12\/Rob_Enslin_Workday-600x540.jpg 600w\" sizes=\"auto, (max-width: 1200px) 100vw, 1200px\" \/><\/figure>\n<\/div>\n\n\n<p class=\"has-text-align-center\"><em>Rob Enslin, Presidente y Director Comercial de Workday<\/em><\/p>\n\n\n\n<p>Enslin cuenta con m\u00e1s de 30 a\u00f1os de experiencia en el sector tecnol\u00f3gico y, m\u00e1s recientemente, ocup\u00f3 el cargo de CEO de UiPath, donde llev\u00f3 a la empresa a la rentabilidad no-GAAP, impulsando la estrategia de IA de la empresa y la expansi\u00f3n a nuevos mercados. Antes de unirse a UiPath, Enslin fue presidente de ventas Cloud en Google Cloud, donde ampli\u00f3 las operaciones de ventas de la compa\u00f1\u00eda y logr\u00f3 un fuerte crecimiento de los ingresos. La dilatada carrera de Enslin tambi\u00e9n incluye 27 a\u00f1os en SAP, que culminaron con su cargo de Presidente del Cloud Business Group y miembro de la Junta Ejecutiva. Enslin no s\u00f3lo tiene una amplia experiencia en el espacio empresarial, sino tambi\u00e9n un fuerte enfoque internacional, habiendo ocupado cargos en Sud\u00e1frica, EE.UU., Alemania y Jap\u00f3n a lo largo de su carrera.<\/p>\n\n\n\n<p>\u00abRob es un l\u00edder de talla mundial con un historial de creaci\u00f3n de equipos de salida al mercado de alto rendimiento, un profundo conocimiento del sector y de los ecosistemas de socios, y una experiencia global inigualable. Esto lo convierte en el ejecutivo ideal para liderar la siguiente fase de crecimiento de Workday\u00bb, ha declarado Carl Eschenbach, CEO de Workday. \u00abEstamos seguros de que su visi\u00f3n y compromiso para ofrecer experiencias excepcionales a los clientes desatar\u00e1n un potencial a\u00fan mayor para Workday y las organizaciones de todo el mundo.\u00bb<\/p>\n\n\n\n\n\n\n\n<p><a href=\"https:\/\/www.workday.com\" target=\"_blank\" rel=\"noreferrer noopener\">workday.com<\/a><\/p>","protected":false},"excerpt":{"rendered":"<p>El veterano de SAP y antiguo CEO de UiPath y presidente de Google Cloud, ahora dirige la estrategia de negocio global de Workday para la pr\u00f3xima fase de crecimiento de la empresa.<\/p>","protected":false},"author":2368,"featured_media":147766,"comment_status":"open","ping_status":"closed","sticky":false,"template":"","format":"standard","meta":{"_acf_changed":false,"pmpro_default_level":"","footnotes":""},"categories":[2],"tags":[],"coauthors":[39720],"class_list":["post-147764","post","type-post","status-publish","format-standard","has-post-thumbnail","hentry","category-sap-nachrichten","pmpro-has-access"],"acf":[],"featured_image_urls_v2":{"full":["https:\/\/e3mag.com\/wp-content\/uploads\/2024\/12\/personnel.jpg",1000,450,false],"thumbnail":["https:\/\/e3mag.com\/wp-content\/uploads\/2024\/12\/personnel-150x150.jpg",150,150,true],"medium":["https:\/\/e3mag.com\/wp-content\/uploads\/2024\/12\/personnel-400x180.jpg",400,180,true],"medium_large":["https:\/\/e3mag.com\/wp-content\/uploads\/2024\/12\/personnel-768x346.jpg",768,346,true],"large":["https:\/\/e3mag.com\/wp-content\/uploads\/2024\/12\/personnel.jpg",1000,450,false],"image-100":["https:\/\/e3mag.com\/wp-content\/uploads\/2024\/12\/personnel-100x45.jpg",100,45,true],"image-480":["https:\/\/e3mag.com\/wp-content\/uploads\/2024\/12\/personnel-480x216.jpg",480,216,true],"image-640":["https:\/\/e3mag.com\/wp-content\/uploads\/2024\/12\/personnel-640x288.jpg",640,288,true],"image-720":["https:\/\/e3mag.com\/wp-content\/uploads\/2024\/12\/personnel-720x324.jpg",720,324,true],"image-960":["https:\/\/e3mag.com\/wp-content\/uploads\/2024\/12\/personnel-960x432.jpg",960,432,true],"image-1168":["https:\/\/e3mag.com\/wp-content\/uploads\/2024\/12\/personnel.jpg",1000,450,false],"image-1440":["https:\/\/e3mag.com\/wp-content\/uploads\/2024\/12\/personnel.jpg",1000,450,false],"image-1920":["https:\/\/e3mag.com\/wp-content\/uploads\/2024\/12\/personnel.jpg",1000,450,false],"1536x1536":["https:\/\/e3mag.com\/wp-content\/uploads\/2024\/12\/personnel.jpg",1000,450,false],"2048x2048":["https:\/\/e3mag.com\/wp-content\/uploads\/2024\/12\/personnel.jpg",1000,450,false],"trp-custom-language-flag":["https:\/\/e3mag.com\/wp-content\/uploads\/2024\/12\/personnel-18x8.jpg",18,8,true],"bricks_large_16x9":["https:\/\/e3mag.com\/wp-content\/uploads\/2024\/12\/personnel.jpg",1000,450,false],"bricks_large":["https:\/\/e3mag.com\/wp-content\/uploads\/2024\/12\/personnel.jpg",1000,450,false],"bricks_large_square":["https:\/\/e3mag.com\/wp-content\/uploads\/2024\/12\/personnel.jpg",1000,450,false],"bricks_medium":["https:\/\/e3mag.com\/wp-content\/uploads\/2024\/12\/personnel-600x270.jpg",600,270,true],"bricks_medium_square":["https:\/\/e3mag.com\/wp-content\/uploads\/2024\/12\/personnel-600x450.jpg",600,450,true],"profile_24":["https:\/\/e3mag.com\/wp-content\/uploads\/2024\/12\/personnel-24x24.jpg",24,24,true],"profile_48":["https:\/\/e3mag.com\/wp-content\/uploads\/2024\/12\/personnel-48x48.jpg",48,48,true],"profile_96":["https:\/\/e3mag.com\/wp-content\/uploads\/2024\/12\/personnel-96x96.jpg",96,96,true],"profile_150":["https:\/\/e3mag.com\/wp-content\/uploads\/2024\/12\/personnel-150x150.jpg",150,150,true],"profile_300":["https:\/\/e3mag.com\/wp-content\/uploads\/2024\/12\/personnel-300x300.jpg",300,300,true]},"post_excerpt_stackable_v2":"<p>Langj\u00e4hriger SAP-Veteran, ehemaliger UiPath-CEO und Google-Cloud-Pr\u00e4sident leitet die globale Gesch\u00e4ftsstrategie von Workday f\u00fcr die n\u00e4chste Wachstumsphase des Unternehmens.<\/p>\n","category_list_v2":"<a href=\"https:\/\/e3mag.com\/es\/category\/sap-nachrichten\/\" rel=\"category tag\">Community Nachrichten<\/a>","author_info_v2":{"name":"E3 Magazine","url":"https:\/\/e3mag.com\/es\/author\/e3_magazin\/"},"comments_num_v2":"0 comentarios","_links":{"self":[{"href":"https:\/\/e3mag.com\/es\/wp-json\/wp\/v2\/posts\/147764","targetHints":{"allow":["GET"]}}],"collection":[{"href":"https:\/\/e3mag.com\/es\/wp-json\/wp\/v2\/posts"}],"about":[{"href":"https:\/\/e3mag.com\/es\/wp-json\/wp\/v2\/types\/post"}],"author":[{"embeddable":true,"href":"https:\/\/e3mag.com\/es\/wp-json\/wp\/v2\/users\/2368"}],"replies":[{"embeddable":true,"href":"https:\/\/e3mag.com\/es\/wp-json\/wp\/v2\/comments?post=147764"}],"version-history":[{"count":4,"href":"https:\/\/e3mag.com\/es\/wp-json\/wp\/v2\/posts\/147764\/revisions"}],"predecessor-version":[{"id":147872,"href":"https:\/\/e3mag.com\/es\/wp-json\/wp\/v2\/posts\/147764\/revisions\/147872"}],"wp:featuredmedia":[{"embeddable":true,"href":"https:\/\/e3mag.com\/es\/wp-json\/wp\/v2\/media\/147766"}],"wp:attachment":[{"href":"https:\/\/e3mag.com\/es\/wp-json\/wp\/v2\/media?parent=147764"}],"wp:term":[{"taxonomy":"category","embeddable":true,"href":"https:\/\/e3mag.com\/es\/wp-json\/wp\/v2\/categories?post=147764"},{"taxonomy":"post_tag","embeddable":true,"href":"https:\/\/e3mag.com\/es\/wp-json\/wp\/v2\/tags?post=147764"},{"taxonomy":"author","embeddable":true,"href":"https:\/\/e3mag.com\/es\/wp-json\/wp\/v2\/coauthors?post=147764"}],"curies":[{"name":"wp","href":"https:\/\/api.w.org\/{rel}","templated":true}]}}