{"id":146589,"date":"2024-10-24T10:24:33","date_gmt":"2024-10-24T08:24:33","guid":{"rendered":"http:\/\/e3mag.com\/?p=146589"},"modified":"2025-10-27T12:04:34","modified_gmt":"2025-10-27T11:04:34","slug":"embajador-sap","status":"publish","type":"post","link":"https:\/\/e3mag.com\/es\/sap-botschafter\/","title":{"rendered":"Embajador SAP"},"content":{"rendered":"<p>Desde el discurso inaugural del DSAG 2024 de Thomas Saueressig a m\u00e1s tardar, el nuevo liderazgo dual de SAP es oficial: Christian Klein y Thomas Saueressig. Si este \"dream team\" tendr\u00e1 un destino similar al de la anterior direcci\u00f3n dual sigue siendo algo completamente incierto y abierto. E3 Magazine lleva un a\u00f1o investigando el centro SAP de Walldorf y la comunidad SAP para interpretar la evoluci\u00f3n de la Junta Directiva de SAP paralelamente a la salida del profesor Hasso Plattner del Consejo de Supervisi\u00f3n.<\/p>\n\n\n\n<p>La marcha de los miembros de la junta directiva de SAP Julia White y Scott Russell, que sorprendi\u00f3 a muchos, era previsible desde hac\u00eda tiempo para el equipo editorial de E3: Julia White era una directora de marketing muy trabajadora que aplic\u00f3 con \u00e9xito nuevos impulsos y procedimientos en el acercamiento al cliente y la administraci\u00f3n web, incluidas las funciones CRM. Sin embargo, no deleg\u00f3 estas tareas y medidas de reparaci\u00f3n necesarias en los departamentos subordinados, sino que se encarg\u00f3 ella misma de la implementaci\u00f3n operativa: tuvo \u00e9xito con esto, pero no cumpli\u00f3 la funci\u00f3n estrat\u00e9gica de un miembro de la junta directiva de SAP. La talentosa directora de marketing no estaba preparada para un puesto en la junta directiva y estaba condenada al fracaso.<\/p>\n\n\n\n<p>Hab\u00eda un plan secreto del Consejo de Supervisi\u00f3n que preve\u00eda no renovar el contrato de Julia White con el Comit\u00e9 Ejecutivo y despedirla a finales de 2023. Entonces, sorprendentemente, la Directora de Recursos Humanos, Sabine Bendiek, anunci\u00f3 su dimisi\u00f3n de la Junta Directiva de SAP y empezaron a sonar las alarmas en el Consejo de Supervisi\u00f3n: Si SAP pierde a dos mujeres miembros de la Junta Ejecutiva en un a\u00f1o, la prensa vociferar\u00e1 que SAP no puede contar con mujeres (en aquel momento, esto probablemente habr\u00eda significado Hasso Plattner). As\u00ed que a Julia White se le permiti\u00f3 quedarse un a\u00f1o m\u00e1s y, para guardar las apariencias, incluso se le prorrog\u00f3 el contrato. De este modo, ha encontrado una lucrativa despedida de SAP y probablemente continuar\u00e1 su carrera en Norteam\u00e9rica.<\/p>\n\n\n\n<p>Los insiders tambi\u00e9n vieron el desastre que rodeaba al Director de Ventas Scott Russell ya en oto\u00f1o de 2023: La reorganizaci\u00f3n de personal comenz\u00f3 con el nuevo miembro de la Junta Ejecutiva de SAP, Muhammad Alam, y el sucesor de Plattner, Punit Renjen, que fue expulsado de su cargo, as\u00ed como Thomas Saueressig, que actuaba desde un segundo plano. Christina Kyriasoglou, autora de Manager Magazin, resumi\u00f3 as\u00ed la situaci\u00f3n en un informe: \"En el Consejo de Supervisi\u00f3n crec\u00eda la preocupaci\u00f3n de que la transici\u00f3n a la siguiente fase bajo Russell avanzaba con demasiada lentitud. A medio plazo, esto podr\u00eda repercutir en el volumen de negocios. Por ello, desde hace alg\u00fan tiempo se ha sugerido a Russell que cambie de planteamiento, seg\u00fan el Consejo de Supervisi\u00f3n. Pero aparentemente en vano. El creciente descontento con Russell ya se puso de manifiesto en enero, cuando el CEO Klein present\u00f3 la reorganizaci\u00f3n del Grupo. El directivo perdi\u00f3 la mitad de su organizaci\u00f3n, y el nuevo departamento resultante est\u00e1 dirigido desde entonces por el antiguo Jefe de Producto Thomas Saueressig\". El nuevo Jefe de Producto es Muhammad Alam, cuya toma de posesi\u00f3n comenz\u00f3 durante la fase de desarrollo de Punit Renjen.<\/p>\n\n\n\n<div class=\"wp-block-stackable-image stk-block-image stk-block stk-8f5be02\" data-block-id=\"8f5be02\"><style>.stk-8f5be02 .stk-img-figcaption{text-align:center !important;}.stk-8f5be02 .stk-img-wrapper{width:70% !important;}<\/style><figure><span class=\"stk-img-wrapper stk-image--shape-stretch stk--has-lightbox\"><img loading=\"lazy\" decoding=\"async\" class=\"stk-img wp-image-146665\" src=\"https:\/\/e3mag.com\/wp-content\/uploads\/2024\/10\/SAP1126806_Saueressig_sylvianebrauer_23092024-3_cmyk.jpg\" width=\"909\" height=\"606\" srcset=\"https:\/\/e3mag.com\/wp-content\/uploads\/2024\/10\/SAP1126806_Saueressig_sylvianebrauer_23092024-3_cmyk.jpg 909w, https:\/\/e3mag.com\/wp-content\/uploads\/2024\/10\/SAP1126806_Saueressig_sylvianebrauer_23092024-3_cmyk-400x267.jpg 400w, https:\/\/e3mag.com\/wp-content\/uploads\/2024\/10\/SAP1126806_Saueressig_sylvianebrauer_23092024-3_cmyk-768x512.jpg 768w, https:\/\/e3mag.com\/wp-content\/uploads\/2024\/10\/SAP1126806_Saueressig_sylvianebrauer_23092024-3_cmyk-100x67.jpg 100w, https:\/\/e3mag.com\/wp-content\/uploads\/2024\/10\/SAP1126806_Saueressig_sylvianebrauer_23092024-3_cmyk-480x320.jpg 480w, https:\/\/e3mag.com\/wp-content\/uploads\/2024\/10\/SAP1126806_Saueressig_sylvianebrauer_23092024-3_cmyk-640x427.jpg 640w, https:\/\/e3mag.com\/wp-content\/uploads\/2024\/10\/SAP1126806_Saueressig_sylvianebrauer_23092024-3_cmyk-720x480.jpg 720w, https:\/\/e3mag.com\/wp-content\/uploads\/2024\/10\/SAP1126806_Saueressig_sylvianebrauer_23092024-3_cmyk-18x12.jpg 18w, https:\/\/e3mag.com\/wp-content\/uploads\/2024\/10\/SAP1126806_Saueressig_sylvianebrauer_23092024-3_cmyk-600x400.jpg 600w\" sizes=\"auto, (max-width: 909px) 100vw, 909px\" \/><\/span><figcaption class=\"stk-img-figcaption\">\"Estamos ah\u00ed para nuestros clientes. Con nuestra inversi\u00f3n de mil millones de euros en las ofertas de Sovereign Cloud, estamos enviando una se\u00f1al clara.\"<br><strong>Thomas Saueressig,<\/strong>, Miembro del Comit\u00e9 Ejecutivo, Servicios al Cliente y Entrega, SAP<\/figcaption><\/figure><\/div>\n\n\n\n<h2 class=\"wp-block-heading\">Rotaci\u00f3n del personal<\/h2>\n\n\n\n<p>En la Junta General Anual de SAP, el antiguo jefe de Deloitte, Punit Renjen, fue elegido miembro del Consejo de Supervisi\u00f3n y suceder\u00eda al presidente del Consejo de Supervisi\u00f3n, Hasso Plattner, en 2024. Renjen demostr\u00f3 ser un miembro activista del Consejo de Supervisi\u00f3n, lo que iba en contra tanto del cumplimiento de las normas alemanas como de las ideas de algunos miembros del Consejo de Supervisi\u00f3n y del Consejo Ejecutivo. Los susurradores tuvieron \u00e9xito y el profesor Hasso Plattner sustituy\u00f3 a su sucesor designado por un viejo amigo en el proverbial \u00faltimo minuto. En la Junta General Anual de 2024, Pekka Ala-Pietil\u00e4 fue elegido Consejero Delegado de la empresa m\u00e1s valiosa de Alemania. El finland\u00e9s es un tecn\u00f3logo de los pies a la cabeza.<\/p>\n\n\n\n<p>Esto signific\u00f3 que hubo muchas turbulencias y fluctuaciones en la primera l\u00ednea del Consejo de Supervisi\u00f3n y el Consejo de Administraci\u00f3n, mientras que en un segundo plano Thomas Saueressig supo esperar tranquilo y sosegado numerosas oportunidades, y \u00e9stas llegaron de forma constante y calmada: al final, las domin\u00f3 con nota.<br>Hace un a\u00f1o, Thomas Saueressig compareci\u00f3 junto al CEO de SAP, Christian Klein, en el congreso anual del grupo de usuarios de SAP de habla alemana (DSAG). Ambos pronunciaron un discurso de apertura y se pasaron la pelota con \u00e9xito. Pocos meses despu\u00e9s, sin embargo, Thomas Saueressig ya viajaba solo al igualmente importante Foro Econ\u00f3mico Mundial de Davos y ofreci\u00f3 un perfecto espect\u00e1culo en solitario. Luego vino la reorganizaci\u00f3n de SAP a principios de 2024, inventada e implementada por Christian Klein con la aprobaci\u00f3n de Hasso Plattner. Esto dio a Thomas Saueressig un mandato universal de la Junta Ejecutiva: pudo ampliar su posici\u00f3n con la ayuda de Christian Klein y recibi\u00f3 mucho personal y responsabilidad del \u00e1rea de la Junta Ejecutiva de Scott Russell, quien probablemente ya intu\u00eda en ese momento que sus d\u00edas en SAP estaban contados.<\/p>\n\n\n\n<p>Al final, Russell encontr\u00f3 r\u00e1pidamente un nuevo trabajo como Consejero Delegado en Nice. La empresa, que cotiza en bolsa, est\u00e1 especializada en software para centros de contacto e inteligencia artificial. Durante los \u00faltimos 14 a\u00f1os, Scott trabaj\u00f3 en SAP, donde dirigi\u00f3 Customer Success, incluyendo ventas globales, socios y compromiso con el cliente, y fue responsable de 31.000 millones de d\u00f3lares en ingresos, encabezando la transici\u00f3n de la empresa a los ingresos en la nube.<\/p>\n\n\n\n<p>La reorganizaci\u00f3n encontr\u00f3 una sorprendente continuaci\u00f3n en la marcha involuntaria del Director de Tecnolog\u00eda de SAP, J\u00fcrgen M\u00fcller. M\u00fcller, licenciado en HPI y estratega de BTP, tuvo que abandonar el grupo ERP. Esto significa que hay una nueva constelaci\u00f3n de poder en la Junta Directiva de SAP.<br>Al principio de su carrera en el Comit\u00e9 Ejecutivo, Christian Klein era un buen estratega. Sab\u00eda juzgar el estado de \u00e1nimo y las reacciones del entonces Presidente del Consejo de Supervisi\u00f3n de SAP, el Profesor Hasso Plattner: Se aventur\u00f3, intrig\u00f3 contra su compa\u00f1era co-CEO Jennifer Morgan y, tras unos meses de liderazgo dual de SAP, se convirti\u00f3 en el \u00fanico jefe de SAP. <\/p>\n\n\n\n<p>Con la misma astucia, reuni\u00f3 a su alrededor a otros miembros de la Junta Directiva, sobre todo a J\u00fcrgen M\u00fcller, que hizo una carrera sensacional en SAP bajo el paraguas protector de Hasso Plattner. De este modo, Christian Klein no s\u00f3lo consigui\u00f3 posicionar a un compa\u00f1ero de junta inofensivo y sin apenas experiencia, sino que tambi\u00e9n le hizo un favor al profesor Hasso Plattner. Christian Klein tuvo la misma suerte con su compa\u00f1ero de junta Thomas Saueressig, que al principio parec\u00eda p\u00e1lido y callado. Sin embargo, Saueressig desarroll\u00f3 muy pronto sus dotes de gesti\u00f3n. Triunf\u00f3 en el Foro Econ\u00f3mico Mundial de Davos y pudo conquistar cada vez m\u00e1s campos estrat\u00e9gicos en SAP. En la actualidad, Thomas Saueressig es considerado el miembro m\u00e1s importante y mejor posicionado estrat\u00e9gicamente de la Junta Directiva de SAP: se abre la posibilidad de un nuevo liderazgo dual, quiz\u00e1 no oficial.<\/p>\n\n\n\n<div class=\"wp-block-stackable-image stk-block-image stk-block stk-9fc3607\" data-block-id=\"9fc3607\"><style>.stk-9fc3607 .stk-img-wrapper{width:70% !important;}<\/style><figure><span class=\"stk-img-wrapper stk-image--shape-stretch stk--has-lightbox\"><img loading=\"lazy\" decoding=\"async\" class=\"stk-img wp-image-146599\" src=\"https:\/\/e3mag.com\/wp-content\/uploads\/2024\/10\/platzgummer_dez15_dltz_loriot-web.jpg\" width=\"652\" height=\"539\" srcset=\"https:\/\/e3mag.com\/wp-content\/uploads\/2024\/10\/platzgummer_dez15_dltz_loriot-web.jpg 652w, https:\/\/e3mag.com\/wp-content\/uploads\/2024\/10\/platzgummer_dez15_dltz_loriot-web-400x331.jpg 400w, https:\/\/e3mag.com\/wp-content\/uploads\/2024\/10\/platzgummer_dez15_dltz_loriot-web-100x83.jpg 100w, https:\/\/e3mag.com\/wp-content\/uploads\/2024\/10\/platzgummer_dez15_dltz_loriot-web-480x397.jpg 480w, https:\/\/e3mag.com\/wp-content\/uploads\/2024\/10\/platzgummer_dez15_dltz_loriot-web-640x529.jpg 640w, https:\/\/e3mag.com\/wp-content\/uploads\/2024\/10\/platzgummer_dez15_dltz_loriot-web-15x12.jpg 15w, https:\/\/e3mag.com\/wp-content\/uploads\/2024\/10\/platzgummer_dez15_dltz_loriot-web-600x496.jpg 600w\" sizes=\"auto, (max-width: 652px) 100vw, 652px\" \/><\/span><\/figure><\/div>\n\n\n\n<p>La historia reciente de la Junta Directiva de SAP se parece a la de los tres mosqueteros y D'Artagnan. En SAP, estos eran los tres miembros de la Junta Ejecutiva Christian Klein, Thomas Saueressig y J\u00fcrgen M\u00fcller, as\u00ed como el antiguo Director Financiero de SAP Luka Mucic. Durante mucho tiempo pareci\u00f3 que esta constelaci\u00f3n ten\u00eda una base s\u00f3lida y un claro reparto de responsabilidades. El CFO Mucic quer\u00eda m\u00e1s. Sin embargo, descuid\u00f3 la cotizaci\u00f3n de SAP y perdi\u00f3 la buena voluntad de Hasso Plattner. Mucic tuvo que irse.<\/p>\n\n\n\n<p>Thomas Saueressig siempre quiso ser menos que nadie. Desarroll\u00f3 su capacidad de gesti\u00f3n y reuni\u00f3 a su alrededor cada vez m\u00e1s tareas estrat\u00e9gicas de SAP. Mientras Christian Klein, CEO de SAP, dirige cada vez m\u00e1s el grupo ERP y lleva la cotizaci\u00f3n de las acciones a m\u00e1ximos hist\u00f3ricos, Thomas Saueressig se posiciona como la futura esperanza de SAP. Saueressig parece ser actualmente la cara de SAP, al menos como embajador de SAP en Davos y Leipzig.<\/p>\n\n\n\n<p>Christof Kerkmann, autor del Handelsblatt, calific\u00f3 los cambios introducidos en la Junta Directiva de SAP a principios de este a\u00f1o como el dilema del innovador: \"Desde principios de abril, un nuevo departamento se ha hecho cargo de todas las tareas relacionadas con la atenci\u00f3n al cliente, conocido como Customer Services and Delivery. Casi 30.000 empleados, muchos de ellos procedentes del departamento de Ventas, se han trasladado a este nuevo departamento, lo que supone un gran esfuerzo organizativo, incluso para una empresa que cotiza en el DAX. Thomas Saueressig dirige el departamento. Su tarea es llevar las innovaciones al cliente lo m\u00e1s r\u00e1pidamente posible. La esperanza es que si la soluci\u00f3n para finanzas tiene \u00e9xito, los responsables de TI introduzcan tambi\u00e9n Ariba para compras, por ejemplo, o ampl\u00eden sus sistemas SAP mediante tecnolog\u00eda empresarial\".<\/p>\n\n\n\n<h2 class=\"wp-block-heading\">El nuevo Boys Club<\/h2>\n\n\n\n<p>Tras la sorprendente marcha del Director de Tecnolog\u00eda J\u00fcrgen M\u00fcller, la actual Junta Directiva de SAP tiene ahora un nuevo club de chicos: Christian Klein, Thomas Saueressig y el Director Financiero Dominik Asam. Todos ellos trabajan bien juntos y han encontrado un s\u00f3lido acuerdo de trabajo. El CEO Christian Klein y Dominik Asam gestionan el Grupo ERP y se ocupan de la cotizaci\u00f3n de las acciones, mientras que Thomas Saueressig es responsable de la direcci\u00f3n estrat\u00e9gica.<\/p>\n\n\n\n<div class=\"wp-block-columns is-layout-flex wp-container-core-columns-is-layout-9d6595d7 wp-block-columns-is-layout-flex\">\n<div class=\"wp-block-column is-layout-flow wp-block-column-is-layout-flow\">\n<div class=\"wp-block-stackable-image stk-block-image stk-block stk-b97b0fe\" data-block-id=\"b97b0fe\"><style>.stk-b97b0fe .stk-img-wrapper img{object-position:53% 37% !important;}<\/style><figure><span class=\"stk-img-wrapper stk-image--shape-stretch stk--has-lightbox\"><img loading=\"lazy\" decoding=\"async\" class=\"stk-img wp-image-146660\" src=\"https:\/\/e3mag.com\/wp-content\/uploads\/2024\/10\/Zeichenflaeche-2-100.jpg\" width=\"300\" height=\"500\" srcset=\"https:\/\/e3mag.com\/wp-content\/uploads\/2024\/10\/Zeichenflaeche-2-100.jpg 300w, https:\/\/e3mag.com\/wp-content\/uploads\/2024\/10\/Zeichenflaeche-2-100-240x400.jpg 240w, https:\/\/e3mag.com\/wp-content\/uploads\/2024\/10\/Zeichenflaeche-2-100-100x167.jpg 100w, https:\/\/e3mag.com\/wp-content\/uploads\/2024\/10\/Zeichenflaeche-2-100-7x12.jpg 7w\" sizes=\"auto, (max-width: 300px) 100vw, 300px\" \/><\/span><figcaption class=\"stk-img-figcaption\">Christian Klein, actual CEO de SAP, deja la labor de relaciones p\u00fablicas de SAP en manos de su buen amigo Thomas Saueressig. <\/figcaption><\/figure><\/div>\n<\/div>\n\n\n\n<div class=\"wp-block-column is-layout-flow wp-block-column-is-layout-flow\">\n<div class=\"wp-block-stackable-image stk-block-image stk-block stk-af6558f\" data-block-id=\"af6558f\"><style>.stk-af6558f .stk-img-figcaption{text-align:left !important;}.stk-af6558f .stk-img-wrapper img{object-position:53% 34% !important;}<\/style><figure><span class=\"stk-img-wrapper stk-image--shape-stretch stk--has-lightbox\"><img loading=\"lazy\" decoding=\"async\" class=\"stk-img wp-image-146672\" src=\"https:\/\/e3mag.com\/wp-content\/uploads\/2024\/10\/sap_juergen_mueller.jpg\" width=\"300\" height=\"500\" srcset=\"https:\/\/e3mag.com\/wp-content\/uploads\/2024\/10\/sap_juergen_mueller.jpg 300w, https:\/\/e3mag.com\/wp-content\/uploads\/2024\/10\/sap_juergen_mueller-240x400.jpg 240w, https:\/\/e3mag.com\/wp-content\/uploads\/2024\/10\/sap_juergen_mueller-100x167.jpg 100w, https:\/\/e3mag.com\/wp-content\/uploads\/2024\/10\/sap_juergen_mueller-7x12.jpg 7w\" sizes=\"auto, (max-width: 300px) 100vw, 300px\" \/><\/span><figcaption class=\"stk-img-figcaption\">J\u00fcrgen M\u00fcller, ex Director de Tecnolog\u00eda de SAP, fue miembro del primer Boys Club, formado por Christian Klein y Thomas Saueressig.<\/figcaption><\/figure><\/div>\n<\/div>\n\n\n\n<div class=\"wp-block-column is-layout-flow wp-block-column-is-layout-flow\">\n<div class=\"wp-block-stackable-image stk-block-image stk-block stk-e43c615\" data-block-id=\"e43c615\"><style>.stk-e43c615 .stk-img-figcaption{text-align:left !important;}.stk-e43c615 .stk-img-wrapper img{object-position:47% 36% !important;}<\/style><figure><span class=\"stk-img-wrapper stk-image--shape-stretch stk--has-lightbox\"><img loading=\"lazy\" decoding=\"async\" class=\"stk-img wp-image-146670\" src=\"https:\/\/e3mag.com\/wp-content\/uploads\/2024\/10\/hasso_plattner_300x100.jpg\" width=\"300\" height=\"500\" srcset=\"https:\/\/e3mag.com\/wp-content\/uploads\/2024\/10\/hasso_plattner_300x100.jpg 300w, https:\/\/e3mag.com\/wp-content\/uploads\/2024\/10\/hasso_plattner_300x100-240x400.jpg 240w, https:\/\/e3mag.com\/wp-content\/uploads\/2024\/10\/hasso_plattner_300x100-100x167.jpg 100w, https:\/\/e3mag.com\/wp-content\/uploads\/2024\/10\/hasso_plattner_300x100-7x12.jpg 7w\" sizes=\"auto, (max-width: 300px) 100vw, 300px\" \/><\/span><figcaption class=\"stk-img-figcaption\">Hasso Plattner, pionero de la tecnolog\u00eda, cofundador de SAP, Presidente del Consejo Ejecutivo y del Consejo de Supervisi\u00f3n, multimillonario y ahora en su merecida jubilaci\u00f3n.<\/figcaption><\/figure><\/div>\n<\/div>\n<\/div>\n\n\n\n<p>Por tanto, parece obvio que Thomas Saueressig podr\u00eda tomar pronto el tim\u00f3n de SAP en sustituci\u00f3n de Christian Klein tras la marcha de J\u00fcrgen M\u00fcller. Cuando la metamorfosis y el reinicio de SAP hayan concluido, SAP necesitar\u00e1 probablemente un nuevo CEO o un equipo de liderazgo dual completamente nuevo. El primer liderazgo dual en SAP fue una soluci\u00f3n improvisada del profesor Hasso Plattner. El profesor Henning Kagermann, ex CEO de SAP, no quer\u00eda ver al Director de Tecnolog\u00eda Shai Agassi como su sucesor. Agassi era un invento de Plattner, pero el mentor de Agassi se pleg\u00f3 a los deseos de Kagermann. La soluci\u00f3n: el Chief Sales Officer L\u00e9o Apotheker deb\u00eda dirigir el grupo global de ERP junto con Henning Kagermann durante un periodo transitorio. A continuaci\u00f3n, Shai Agassi abandon\u00f3 SAP con relativamente poca antelaci\u00f3n. Kagermann se fue a Berl\u00edn como asesor de Angela Merkel y L\u00e9o Apotheker se convirti\u00f3 en CEO de SAP durante un breve periodo. Despu\u00e9s fue CEO de Hewlett Packard Enterprise durante un periodo a\u00fan m\u00e1s breve.<\/p>\n\n\n\n<p>El siguiente liderazgo dual tuvo m\u00e1s \u00e9xito: Jim Hagemann Snabe y Bill McDermott llevaron conjuntamente al l\u00edder del mercado mundial de ERP a la era de la nube. Los \u00e9xitos de SAP animaron a McDermott a tomar el tim\u00f3n en solitario. Snabe, un europeo leal y conciliador, dej\u00f3 SAP y posteriormente se convirti\u00f3 en Presidente del Consejo de Supervisi\u00f3n de Siemens en M\u00fanich. Bill McDermott compr\u00f3 una empresa de nube tras otra y luego tambi\u00e9n abandon\u00f3 SAP en pleno caos de la nube.<\/p>\n\n\n\n<p>El posterior liderazgo dual de Jennifer Morgan y Christian Klein tuvo la honrosa tarea de desenredar el conglomerado de nubes adquirido, pero hubo disputas sobre la estrategia correcta. Klein ten\u00eda mejor relaci\u00f3n con Hasso Plattner y se convirti\u00f3 en CEO. R\u00e1pidamente encontr\u00f3 el apoyo adecuado en J\u00fcrgen M\u00fcller y Thomas Saueressig, mientras que el presidente del Consejo de Supervisi\u00f3n de SAP, el profesor Hasso Plattner, supervisaba todo con benevolencia.<\/p>\n\n\n\n<p>Independientemente de la rotaci\u00f3n en la Junta Directiva de SAP, este a\u00f1o Plattner se ha despedido definitivamente de la empresa que fund\u00f3 con cuatro colegas hace m\u00e1s de cincuenta a\u00f1os. Es un punto de inflexi\u00f3n para SAP y tambi\u00e9n significa una nueva sensaci\u00f3n de libertad para Christian Klein. Junto con el nuevo director financiero de SAP, Dominik Asam, logr\u00f3 una haza\u00f1a \u00fanica: durante una dif\u00edcil transformaci\u00f3n, llev\u00f3 la cotizaci\u00f3n de las acciones de SAP a un m\u00e1ximo hist\u00f3rico. Christian Klein goza de un gran reconocimiento y respeto como director de orquesta y fijador del rumbo de SAP. Despu\u00e9s de Bill McDermott, Christian Klein consolid\u00f3 y armoniz\u00f3 el grupo global de ERP. Sin embargo, actualmente SAP est\u00e1 representada externamente por Thomas Saueressig, por lo que se habla con raz\u00f3n de un nuevo liderazgo dual.<\/p>\n\n\n\n<p>Un punto culminante del liderazgo dual no oficial de SAP fue octubre de 2024, cuando Christian Klein, junto con el director financiero de SAP, Dominik Asam, llev\u00f3 la cotizaci\u00f3n de las acciones de la propia empresa muy por encima de los 200 euros y, al mismo tiempo, Thomas Saueressig present\u00f3 al l\u00edder del mercado mundial de ERP ante m\u00e1s de 5.000 delegados en el congreso anual del grupo de usuarios de SAP de habla alemana. Un nuevo liderazgo dual, en el que Christian Klein es obviamente responsable de los valores internos y Thomas Saueressig de la presentaci\u00f3n externa.<\/p>\n\n\n\n<p>Si nos fijamos en SAP, est\u00e1 claro que la empresa est\u00e1 trabajando activamente para adaptar su cartera de soluciones de IA a los profundos cambios que se est\u00e1n produciendo en los negocios, la administraci\u00f3n p\u00fablica y la sociedad. La hoja de ruta presentada por Saueressig en Leipzig en el congreso anual de la DSAG ya incluye la integraci\u00f3n gradual de las funciones de IA en los procesos empresariales bajo el nombre de SAP Business AI. Sin embargo, el hecho de que la atenci\u00f3n se centre principalmente en la nube proporcion\u00f3 material para animados debates entre el CEO de DSAG, Jens Hungershausen, y el miembro de la Junta Ejecutiva de SAP Thomas Saueressig<br>mediante la conexi\u00f3n o la utilizaci\u00f3n de los resultados correspondientes tambi\u00e9n en los sistemas on-prem.<\/p>\n\n\n\n<p>El Generative AI Hub de la Business Technology Platform (SAP BTP) -otro tema favorito y \u00e1rea de responsabilidad de Thomas Saueressig- permite acceder a grandes modelos ling\u00fc\u00edsticos como los de Amazon Web Services (AWS), Google o Microsoft. Los algoritmos avanzados y los modelos de IA pueden proceder de los socios, mientras que SAP sigue aportando los datos empresariales espec\u00edficos de la empresa. En el Congreso DSAG, Saueressig anunci\u00f3 hasta cien casos de uso de la inteligencia artificial para finales de 2024. \"Ser\u00e1 emocionante ver hasta qu\u00e9 punto puede hacerse realidad este anuncio. Despu\u00e9s de todo, tiene que haber un claro valor a\u00f1adido en forma de casos empresariales viables para cada uno de estos casos de uso. Mantenemos un di\u00e1logo muy estrecho con SAP a este respecto\", afirma Jens Hungershausen, CEO de DSAG.<\/p>\n\n\n\n<div class=\"wp-block-stackable-image stk-block-image stk-block stk-ed84c0c\" data-block-id=\"ed84c0c\"><style>.stk-ed84c0c .stk-img-figcaption{text-align:center !important;}.stk-ed84c0c .stk-img-wrapper{width:70% !important;}<\/style><figure><span class=\"stk-img-wrapper stk-image--shape-stretch stk--has-lightbox\"><img loading=\"lazy\" decoding=\"async\" class=\"stk-img wp-image-146668\" src=\"https:\/\/e3mag.com\/wp-content\/uploads\/2024\/10\/Saueressig_Faerbinger.jpg\" width=\"1106\" height=\"829\" srcset=\"https:\/\/e3mag.com\/wp-content\/uploads\/2024\/10\/Saueressig_Faerbinger.jpg 1106w, https:\/\/e3mag.com\/wp-content\/uploads\/2024\/10\/Saueressig_Faerbinger-400x300.jpg 400w, https:\/\/e3mag.com\/wp-content\/uploads\/2024\/10\/Saueressig_Faerbinger-768x576.jpg 768w, https:\/\/e3mag.com\/wp-content\/uploads\/2024\/10\/Saueressig_Faerbinger-100x75.jpg 100w, https:\/\/e3mag.com\/wp-content\/uploads\/2024\/10\/Saueressig_Faerbinger-480x360.jpg 480w, https:\/\/e3mag.com\/wp-content\/uploads\/2024\/10\/Saueressig_Faerbinger-640x480.jpg 640w, https:\/\/e3mag.com\/wp-content\/uploads\/2024\/10\/Saueressig_Faerbinger-720x540.jpg 720w, https:\/\/e3mag.com\/wp-content\/uploads\/2024\/10\/Saueressig_Faerbinger-960x720.jpg 960w, https:\/\/e3mag.com\/wp-content\/uploads\/2024\/10\/Saueressig_Faerbinger-16x12.jpg 16w, https:\/\/e3mag.com\/wp-content\/uploads\/2024\/10\/Saueressig_Faerbinger-600x450.jpg 600w\" sizes=\"auto, (max-width: 1106px) 100vw, 1106px\" \/><\/span><figcaption class=\"stk-img-figcaption\">Thomas Saueressig en su papel de embajador de SAP y mitad oficiosa de la nueva direcci\u00f3n dual de SAP en el di\u00e1logo <br>con el redactor jefe de E3, Peter F\u00e4rbinger, en la conferencia de prensa del DSAG en Leipzig.<\/figcaption><\/figure><\/div>\n\n\n\n<h2 class=\"wp-block-heading\">IA y visi\u00f3n de la nube<\/h2>\n\n\n\n<p>La conclusi\u00f3n que se puede extraer es la siguiente: SAP debe comunicar de forma a\u00fan m\u00e1s transparente las opciones existentes y previstas para utilizar la IA. Deben desarrollarse y ponerse a disposici\u00f3n del p\u00fablico arquitecturas de referencia, gu\u00edas de mejores pr\u00e1cticas y normas para escenarios y tecnolog\u00edas de integraci\u00f3n, incluidas normas estandarizadas para la integraci\u00f3n de modelos de IA en las aplicaciones y el uso de datos de SAP. Una cosa tambi\u00e9n est\u00e1 clara: a pesar de todas las posibilidades emergentes y la euforia asociada, la inteligencia humana seguir\u00e1 siendo un factor central en la interacci\u00f3n de los modelos de IA. Jens Hungershausen resumi\u00f3 a Thomas Saueressig: \"La transformaci\u00f3n digital est\u00e1 ocurriendo y las empresas usuarias, SAP y sus socios tienen que ponerse manos a la obra. El campo est\u00e1 preparado, muchas cosas ya son posibles y otras se est\u00e1n gestando. De nosotros depende dar forma a la transformaci\u00f3n con \u00e9xito\".<\/p>\n\n\n\n<p>Las empresas necesitan respuestas claras, por ejemplo, sobre c\u00f3mo pueden utilizar el valor a\u00f1adido de las soluciones en la nube o sobre la flexibilidad del modelo operativo. Como miembro de la Junta Directiva de SAP responsable de Servicios y Entrega al Cliente, Thomas Saueressig necesita perspectivas claras, especialmente para los productos que se ir\u00e1n retirando progresivamente hasta 2027. Las nuevas soluciones a las que se migre para entonces deben estar debidamente maduras. Lo que se aplica a la nube privada de S\/4 tambi\u00e9n debe estar disponible para S\/4 on-prem con un alcance id\u00e9ntico de servicios, es una de las exigencias de Saueressig. Los clientes on-prem no deben verse perjudicados por innovaciones exclusivas para los productos en la nube, afirma Jens Hungershausen, miembro de la junta directiva del DSAG. Las opciones existentes y previstas para utilizar la IA deben comunicarse de forma a\u00fan m\u00e1s transparente. En Leipzig, Thomas Saueressig tuvo que hacer frente a numerosas peticiones relativas a la optimizaci\u00f3n de la atenci\u00f3n al cliente de SAP.<\/p>\n\n\n\n<p>Otro punto destacado para el embajador de SAP Saueressig en el Congreso Anual DSAG 2024 fue el anuncio de una asociaci\u00f3n con la divisi\u00f3n de TI y digital del Grupo Schwarz: Schwarz Digits y SAP, la mayor empresa de software de Europa, anunciaron su asociaci\u00f3n en la nube en el punto de encuentro m\u00e1s importante para las empresas usuarias de SAP en los pa\u00edses de habla alemana. Schwarz Digits ofrecer\u00e1 Rise con SAP a trav\u00e9s de su soluci\u00f3n en la nube StackIT de soberan\u00eda de datos en su propia infraestructura.<\/p>\n\n\n\n<figure class=\"wp-block-image size-large\"><img loading=\"lazy\" decoding=\"async\" width=\"1200\" height=\"490\" src=\"https:\/\/e3mag.com\/wp-content\/uploads\/2024\/10\/ALEPHALPHA-PM-0611.2023-001_cmyk-1200x490.jpg\" alt=\"\" class=\"wp-image-157250\" srcset=\"https:\/\/e3mag.com\/wp-content\/uploads\/2024\/10\/ALEPHALPHA-PM-0611.2023-001_cmyk-1200x490.jpg 1200w, https:\/\/e3mag.com\/wp-content\/uploads\/2024\/10\/ALEPHALPHA-PM-0611.2023-001_cmyk-400x163.jpg 400w, https:\/\/e3mag.com\/wp-content\/uploads\/2024\/10\/ALEPHALPHA-PM-0611.2023-001_cmyk-768x313.jpg 768w, https:\/\/e3mag.com\/wp-content\/uploads\/2024\/10\/ALEPHALPHA-PM-0611.2023-001_cmyk-100x41.jpg 100w, https:\/\/e3mag.com\/wp-content\/uploads\/2024\/10\/ALEPHALPHA-PM-0611.2023-001_cmyk-480x196.jpg 480w, https:\/\/e3mag.com\/wp-content\/uploads\/2024\/10\/ALEPHALPHA-PM-0611.2023-001_cmyk-640x261.jpg 640w, https:\/\/e3mag.com\/wp-content\/uploads\/2024\/10\/ALEPHALPHA-PM-0611.2023-001_cmyk-720x294.jpg 720w, https:\/\/e3mag.com\/wp-content\/uploads\/2024\/10\/ALEPHALPHA-PM-0611.2023-001_cmyk-960x392.jpg 960w, https:\/\/e3mag.com\/wp-content\/uploads\/2024\/10\/ALEPHALPHA-PM-0611.2023-001_cmyk-1168x477.jpg 1168w, https:\/\/e3mag.com\/wp-content\/uploads\/2024\/10\/ALEPHALPHA-PM-0611.2023-001_cmyk-1440x588.jpg 1440w, https:\/\/e3mag.com\/wp-content\/uploads\/2024\/10\/ALEPHALPHA-PM-0611.2023-001_cmyk-scaled.jpg 1920w, https:\/\/e3mag.com\/wp-content\/uploads\/2024\/10\/ALEPHALPHA-PM-0611.2023-001_cmyk-1536x627.jpg 1536w, https:\/\/e3mag.com\/wp-content\/uploads\/2024\/10\/ALEPHALPHA-PM-0611.2023-001_cmyk-2048x836.jpg 2048w, https:\/\/e3mag.com\/wp-content\/uploads\/2024\/10\/ALEPHALPHA-PM-0611.2023-001_cmyk-18x7.jpg 18w, https:\/\/e3mag.com\/wp-content\/uploads\/2024\/10\/ALEPHALPHA-PM-0611.2023-001_cmyk-600x245.jpg 600w\" sizes=\"auto, (max-width: 1200px) 100vw, 1200px\" \/><\/figure>\n\n\n\n<p><em>De izquierda a derecha: Utz-Uwe Haus (Director de HPE HPC\/AI EMEA Research Lab), Harald Christ (Presidente de Christ und Company), Thomas Saueressig (Miembro de la Junta Directiva de SAP), Tanja R\u00fcckert (Directora Digital de Robert Bosch), Robert Habeck (Ministro Federal de Econom\u00eda y Vicecanciller), Jonas Andrulis (Director General y fundador de Aleph Alpha), Rolf Schumann (Codirector General de Schwarz Digits), Florian Stegmann (Jefe de la Canciller\u00eda del Estado), Fuente: Mark Bollhorst.<\/em><\/p>\n\n\n\n<p>Los actuales clientes de SAP tambi\u00e9n tendr\u00e1n la oportunidad de operar su entorno S\/4 en la nube StackIT de datos soberanos. Adem\u00e1s, las empresas del Grupo Schwarz trasladar\u00e1n todo su entorno ERP a la nube StackIT a trav\u00e9s de Rise with SAP. En Sapphire en Orlando en 2023, SAP y las empresas del Grupo Schwarz anunciaron su asociaci\u00f3n para proteger tanto la infraestructura de TI de SAP como los servicios en la nube espec\u00edficos del cliente y Rise con XM Cyber. Con la plataforma de ciberseguridad de XM Cyber, las empresas pueden ver sus sistemas inform\u00e1ticos a trav\u00e9s de los ojos de posibles atacantes, de forma automatizada las 24 horas del d\u00eda.<\/p>\n\n\n\n<p>\"Tanto las empresas del sector privado como las organizaciones del sector p\u00fablico reconocen cada vez m\u00e1s lo importante que es posicionarse con confianza y seguridad en el contexto de la transformaci\u00f3n digital. Se enfrentan al reto de encontrar un socio adecuado que no solo cumpla los requisitos legales, sino que tambi\u00e9n tenga una visi\u00f3n de verdadera soberan\u00eda\", explica Rolf Schumann, codirector general de Schwarz Digits. \"Con SAP, podemos traducir nuestra visi\u00f3n de la soberan\u00eda digital, que definimos en nuestro \u00faltimo libro blanco, en soluciones concretas.\"<\/p>\n\n\n\n<p>Christian M\u00fcller, codirector general de Schwarz Digits, a\u00f1ade: \"Las aplicaciones y los sistemas ERP se han vuelto indispensables para gestionar los procesos centrales, por ejemplo en las \u00e1reas de finanzas, producci\u00f3n, recursos humanos, log\u00edstica y compras. En estos procesos cr\u00edticos para el negocio, las empresas deben conservar sin concesiones la soberan\u00eda sobre sus propios datos y no depender de grandes corporaciones internacionales cuya forma de entender la protecci\u00f3n de datos difiere de la europea.\" Thomas Saueressig, miembro de la Junta Directiva de SAP: \"Estamos encantados de que los clientes de Rise-with-SAP tengan la opci\u00f3n de operar sus sistemas ERP en la nube StackIT en el futuro. Con Schwarz Digits, hemos ganado un socio de infraestructura fuerte que enriquece nuestra gama de servicios en la nube privada.\"<\/p>\n\n\n\n<p>A finales de 2023 naci\u00f3 una colaboraci\u00f3n entre Schwarz Digits y SAP en relaci\u00f3n con la empresa alemana de IA Aleph Alpha, v\u00e9ase la foto fundacional con Thomas Saueressig y Rolf Schumann. Esta cooperaci\u00f3n se ha ampliado ahora para incluir a Rise. Rise con SAP ofrece a las empresas una transformaci\u00f3n empresarial hol\u00edstica. Incluye un ERP en la nube con IA gestionado y optimizado por SAP, as\u00ed como servicios y herramientas basados en el enfoque clean-core de SAP. Esto permite migrar los sistemas on-prem, transformar los procesos empresariales, utilizar las innovaciones de la mejor manera posible y reducir la complejidad. Esto significa que la divisi\u00f3n SAP Customer Services and Delivery de Thomas Saueressig se enfrentar\u00e1 a numerosos retos en los pr\u00f3ximos a\u00f1os, que probablemente s\u00f3lo podr\u00e1 resolver adecuadamente un equipo de liderazgo dual.<\/p>\n\n\n\n<div class=\"wp-block-stackable-image stk-block-image stk-block stk-314447e\" data-block-id=\"314447e\"><style>.stk-314447e .stk-img-figcaption{text-align:center !important;}.stk-314447e .stk-img-wrapper{width:70% !important;}<\/style><figure><span class=\"stk-img-wrapper stk-image--shape-stretch stk--has-lightbox\"><img loading=\"lazy\" decoding=\"async\" class=\"stk-img wp-image-146598\" src=\"https:\/\/e3mag.com\/wp-content\/uploads\/2024\/10\/platzgummer_apr12_dltz_.jpg\" width=\"842\" height=\"595\" srcset=\"https:\/\/e3mag.com\/wp-content\/uploads\/2024\/10\/platzgummer_apr12_dltz_.jpg 842w, https:\/\/e3mag.com\/wp-content\/uploads\/2024\/10\/platzgummer_apr12_dltz_-400x283.jpg 400w, https:\/\/e3mag.com\/wp-content\/uploads\/2024\/10\/platzgummer_apr12_dltz_-768x543.jpg 768w, https:\/\/e3mag.com\/wp-content\/uploads\/2024\/10\/platzgummer_apr12_dltz_-100x71.jpg 100w, https:\/\/e3mag.com\/wp-content\/uploads\/2024\/10\/platzgummer_apr12_dltz_-480x339.jpg 480w, https:\/\/e3mag.com\/wp-content\/uploads\/2024\/10\/platzgummer_apr12_dltz_-640x452.jpg 640w, https:\/\/e3mag.com\/wp-content\/uploads\/2024\/10\/platzgummer_apr12_dltz_-720x509.jpg 720w, https:\/\/e3mag.com\/wp-content\/uploads\/2024\/10\/platzgummer_apr12_dltz_-18x12.jpg 18w, https:\/\/e3mag.com\/wp-content\/uploads\/2024\/10\/platzgummer_apr12_dltz_-600x424.jpg 600w\" sizes=\"auto, (max-width: 842px) 100vw, 842px\" \/><\/span><figcaption class=\"stk-img-figcaption\">El liderazgo dual de Bill McDermott y Jim Hagemann Snabe inici\u00f3 la revoluci\u00f3n de la nube en SAP. M\u00e1s tarde, el liderazgo dual de Jennifer Morgan y Christian Klein deb\u00eda arreglar el desaguisado, pero Klein prefiri\u00f3 actuar en solitario, actualmente en estrecha colaboraci\u00f3n (liderazgo dual) con Thomas Saueressig.<\/figcaption><\/figure><\/div>\n\n\n\n<p><a href=\"https:\/\/www.sap.com\/index.html\" target=\"_blank\" rel=\"noreferrer noopener\">sap.com<\/a><\/p>","protected":false},"excerpt":{"rendered":"<p>Los m\u00e1s de cincuenta a\u00f1os de historia de SAP est\u00e1n llenos de cambios en la c\u00fapula de la Junta Directiva y del llamado liderazgo dual. El profesor Hasso Plattner siempre ha sido el responsable de la soluci\u00f3n dual. Esta vez, sin embargo, tras la marcha de Plattner, Presidente del Consejo de Supervisi\u00f3n durante muchos a\u00f1os, el nuevo liderazgo dual de SAP surgi\u00f3 de forma evolutiva, casi por s\u00ed mismo y en m\u00e1xima armon\u00eda. <\/p>","protected":false},"author":2,"featured_media":146614,"comment_status":"open","ping_status":"closed","sticky":false,"template":"","format":"standard","meta":{"_acf_changed":false,"pmpro_default_level":"","footnotes":""},"categories":[44039,44040],"tags":[],"coauthors":[27825],"class_list":["post-146589","post","type-post","status-publish","format-standard","has-post-thumbnail","hentry","category-coverstory-24-11","category-mag-24-11","pmpro-has-access"],"acf":[],"featured_image_urls_v2":{"full":["https:\/\/e3mag.com\/wp-content\/uploads\/2024\/10\/Saueressig_sylvianebrauer_23092024-75.jpg",1000,450,false],"thumbnail":["https:\/\/e3mag.com\/wp-content\/uploads\/2024\/10\/Saueressig_sylvianebrauer_23092024-75-150x150.jpg",150,150,true],"medium":["https:\/\/e3mag.com\/wp-content\/uploads\/2024\/10\/Saueressig_sylvianebrauer_23092024-75-400x180.jpg",400,180,true],"medium_large":["https:\/\/e3mag.com\/wp-content\/uploads\/2024\/10\/Saueressig_sylvianebrauer_23092024-75-768x346.jpg",768,346,true],"large":["https:\/\/e3mag.com\/wp-content\/uploads\/2024\/10\/Saueressig_sylvianebrauer_23092024-75.jpg",1000,450,false],"image-100":["https:\/\/e3mag.com\/wp-content\/uploads\/2024\/10\/Saueressig_sylvianebrauer_23092024-75-100x45.jpg",100,45,true],"image-480":["https:\/\/e3mag.com\/wp-content\/uploads\/2024\/10\/Saueressig_sylvianebrauer_23092024-75-480x216.jpg",480,216,true],"image-640":["https:\/\/e3mag.com\/wp-content\/uploads\/2024\/10\/Saueressig_sylvianebrauer_23092024-75-640x288.jpg",640,288,true],"image-720":["https:\/\/e3mag.com\/wp-content\/uploads\/2024\/10\/Saueressig_sylvianebrauer_23092024-75-720x324.jpg",720,324,true],"image-960":["https:\/\/e3mag.com\/wp-content\/uploads\/2024\/10\/Saueressig_sylvianebrauer_23092024-75-960x432.jpg",960,432,true],"image-1168":["https:\/\/e3mag.com\/wp-content\/uploads\/2024\/10\/Saueressig_sylvianebrauer_23092024-75.jpg",1000,450,false],"image-1440":["https:\/\/e3mag.com\/wp-content\/uploads\/2024\/10\/Saueressig_sylvianebrauer_23092024-75.jpg",1000,450,false],"image-1920":["https:\/\/e3mag.com\/wp-content\/uploads\/2024\/10\/Saueressig_sylvianebrauer_23092024-75.jpg",1000,450,false],"1536x1536":["https:\/\/e3mag.com\/wp-content\/uploads\/2024\/10\/Saueressig_sylvianebrauer_23092024-75.jpg",1000,450,false],"2048x2048":["https:\/\/e3mag.com\/wp-content\/uploads\/2024\/10\/Saueressig_sylvianebrauer_23092024-75.jpg",1000,450,false],"trp-custom-language-flag":["https:\/\/e3mag.com\/wp-content\/uploads\/2024\/10\/Saueressig_sylvianebrauer_23092024-75-18x8.jpg",18,8,true],"bricks_large_16x9":["https:\/\/e3mag.com\/wp-content\/uploads\/2024\/10\/Saueressig_sylvianebrauer_23092024-75.jpg",1000,450,false],"bricks_large":["https:\/\/e3mag.com\/wp-content\/uploads\/2024\/10\/Saueressig_sylvianebrauer_23092024-75.jpg",1000,450,false],"bricks_large_square":["https:\/\/e3mag.com\/wp-content\/uploads\/2024\/10\/Saueressig_sylvianebrauer_23092024-75.jpg",1000,450,false],"bricks_medium":["https:\/\/e3mag.com\/wp-content\/uploads\/2024\/10\/Saueressig_sylvianebrauer_23092024-75-600x270.jpg",600,270,true],"bricks_medium_square":["https:\/\/e3mag.com\/wp-content\/uploads\/2024\/10\/Saueressig_sylvianebrauer_23092024-75-600x450.jpg",600,450,true],"profile_24":["https:\/\/e3mag.com\/wp-content\/uploads\/2024\/10\/Saueressig_sylvianebrauer_23092024-75-24x24.jpg",24,24,true],"profile_48":["https:\/\/e3mag.com\/wp-content\/uploads\/2024\/10\/Saueressig_sylvianebrauer_23092024-75-48x48.jpg",48,48,true],"profile_96":["https:\/\/e3mag.com\/wp-content\/uploads\/2024\/10\/Saueressig_sylvianebrauer_23092024-75-96x96.jpg",96,96,true],"profile_150":["https:\/\/e3mag.com\/wp-content\/uploads\/2024\/10\/Saueressig_sylvianebrauer_23092024-75-150x150.jpg",150,150,true],"profile_300":["https:\/\/e3mag.com\/wp-content\/uploads\/2024\/10\/Saueressig_sylvianebrauer_23092024-75-300x300.jpg",300,300,true]},"post_excerpt_stackable_v2":"<p>Die \u00fcber f\u00fcnfzigj\u00e4hrige Geschichte der SAP ist voll von Wechseln an der Spitze des Vorstands und sogenannten Doppelspitzen. Immer wurde die duale L\u00f6sung durch Professor Hasso Plattner eingesetzt. Diesmal aber, nach dem Ausscheiden des Langzeit- Aufsichtsratsvorsitzenden Plattner, ergab sich die neue SAP-Doppelspitze evolution\u00e4r, fast von selbst und in maximaler Harmonie. <\/p>\n","category_list_v2":"<a href=\"https:\/\/e3mag.com\/es\/category\/coverstorys\/coverstory-24-11\/\" rel=\"category tag\">Coverstory 24-11<\/a>, <a href=\"https:\/\/e3mag.com\/es\/category\/mag-24-11\/\" rel=\"category tag\">MAG 24-11<\/a>","author_info_v2":{"name":"Peter M. F\u00e4rbinger, E3 Magazine","url":"https:\/\/e3mag.com\/es\/author\/peter-m-faerbinger-e-3-magazin\/"},"comments_num_v2":"2 comentarios","_links":{"self":[{"href":"https:\/\/e3mag.com\/es\/wp-json\/wp\/v2\/posts\/146589","targetHints":{"allow":["GET"]}}],"collection":[{"href":"https:\/\/e3mag.com\/es\/wp-json\/wp\/v2\/posts"}],"about":[{"href":"https:\/\/e3mag.com\/es\/wp-json\/wp\/v2\/types\/post"}],"author":[{"embeddable":true,"href":"https:\/\/e3mag.com\/es\/wp-json\/wp\/v2\/users\/2"}],"replies":[{"embeddable":true,"href":"https:\/\/e3mag.com\/es\/wp-json\/wp\/v2\/comments?post=146589"}],"version-history":[{"count":12,"href":"https:\/\/e3mag.com\/es\/wp-json\/wp\/v2\/posts\/146589\/revisions"}],"predecessor-version":[{"id":157253,"href":"https:\/\/e3mag.com\/es\/wp-json\/wp\/v2\/posts\/146589\/revisions\/157253"}],"wp:featuredmedia":[{"embeddable":true,"href":"https:\/\/e3mag.com\/es\/wp-json\/wp\/v2\/media\/146614"}],"wp:attachment":[{"href":"https:\/\/e3mag.com\/es\/wp-json\/wp\/v2\/media?parent=146589"}],"wp:term":[{"taxonomy":"category","embeddable":true,"href":"https:\/\/e3mag.com\/es\/wp-json\/wp\/v2\/categories?post=146589"},{"taxonomy":"post_tag","embeddable":true,"href":"https:\/\/e3mag.com\/es\/wp-json\/wp\/v2\/tags?post=146589"},{"taxonomy":"author","embeddable":true,"href":"https:\/\/e3mag.com\/es\/wp-json\/wp\/v2\/coauthors?post=146589"}],"curies":[{"name":"wp","href":"https:\/\/api.w.org\/{rel}","templated":true}]}}