{"id":44249,"count":5,"description":"<h3>Suplemento de portada Manager Magazin 2025:<\/h3>\r\n<h1>ERP: Pensar y actuar<\/h1>\r\nEl software ERP ha caracterizado las TI corporativas durante d\u00e9cadas. Rob Enslin y Workday est\u00e1n aportando nuevas visiones orientadas estrat\u00e9gicamente con ERP de finanzas y RRHH basados en la nube.","link":"https:\/\/e3mag.com\/es\/category\/coverstorys\/coverstory-25-mm\/","name":"Portada 25 - MM","slug":"portada-25-mm","taxonomy":"category","parent":37922,"meta":[],"acf":[],"_links":{"self":[{"href":"https:\/\/e3mag.com\/es\/wp-json\/wp\/v2\/categories\/44249","targetHints":{"allow":["GET"]}}],"collection":[{"href":"https:\/\/e3mag.com\/es\/wp-json\/wp\/v2\/categories"}],"about":[{"href":"https:\/\/e3mag.com\/es\/wp-json\/wp\/v2\/taxonomies\/category"}],"up":[{"embeddable":true,"href":"https:\/\/e3mag.com\/es\/wp-json\/wp\/v2\/categories\/37922"}],"wp:post_type":[{"href":"https:\/\/e3mag.com\/es\/wp-json\/wp\/v2\/posts?categories=44249"}],"curies":[{"name":"wp","href":"https:\/\/api.w.org\/{rel}","templated":true}]}}