{"id":44039,"count":1,"description":"<h3>Portada noviembre 2024:<\/h3>\r\n<h1>Embajador SAP<\/h1>\r\n<strong>Thomas Saueressig,<\/strong> Christian Klein, CEO de SAP, lo incorpor\u00f3 a la Junta Directiva y le encomend\u00f3 numerosas tareas nuevas e importantes tras la reciente reorganizaci\u00f3n. Thomas Saueressig es actualmente la cara de SAP, y no s\u00f3lo en el congreso anual de la DSAG.","link":"https:\/\/e3mag.com\/es\/category\/coverstorys\/coverstory-24-11\/","name":"Portada 24-11","slug":"portada-24-11","taxonomy":"category","parent":37922,"meta":[],"acf":[],"_links":{"self":[{"href":"https:\/\/e3mag.com\/es\/wp-json\/wp\/v2\/categories\/44039","targetHints":{"allow":["GET"]}}],"collection":[{"href":"https:\/\/e3mag.com\/es\/wp-json\/wp\/v2\/categories"}],"about":[{"href":"https:\/\/e3mag.com\/es\/wp-json\/wp\/v2\/taxonomies\/category"}],"up":[{"embeddable":true,"href":"https:\/\/e3mag.com\/es\/wp-json\/wp\/v2\/categories\/37922"}],"wp:post_type":[{"href":"https:\/\/e3mag.com\/es\/wp-json\/wp\/v2\/posts?categories=44039"}],"curies":[{"name":"wp","href":"https:\/\/api.w.org\/{rel}","templated":true}]}}