{"id":1289,"name":"Thomas Failer, Data Migration International","url":"","description":"Thomas Failer ist Gr\u00fcnder und Group CEO der Schweizer Data Migration International und verantwortet die Leitung, Strategie, Gesch\u00e4fts- und Produktentwicklung des internationalen Anbieters. Seit dem Generationswechsel von SAP R\/2 und R\/3 wei\u00df der Diplom-Informatiker (FH), wie sich das Problem der Altdaten und -systeme in Transformationsprojekten intelligent l\u00f6sen und in eine echte Chance f\u00fcr das digitale Unternehmen verwandeln l\u00e4sst.","link":"https:\/\/e3mag.com\/en\/author\/thomas-failer\/","slug":"thomas-failer","avatar_urls":{"24":"https:\/\/secure.gravatar.com\/avatar\/62c46bd44feb4096777d166f0097c19901c802598f8efa1e000afdb0932ccb9b?s=24&d=blank&r=x","48":"https:\/\/secure.gravatar.com\/avatar\/62c46bd44feb4096777d166f0097c19901c802598f8efa1e000afdb0932ccb9b?s=48&d=blank&r=x","96":"https:\/\/secure.gravatar.com\/avatar\/62c46bd44feb4096777d166f0097c19901c802598f8efa1e000afdb0932ccb9b?s=96&d=blank&r=x"},"meta":[],"acf":[],"mpp_avatar":{"24":"https:\/\/e3mag.com\/wp-content\/uploads\/2023\/05\/Thomas-Failer-neu-150-24x24.jpg","48":"https:\/\/e3mag.com\/wp-content\/uploads\/2023\/05\/Thomas-Failer-neu-150-48x48.jpg","96":"https:\/\/e3mag.com\/wp-content\/uploads\/2023\/05\/Thomas-Failer-neu-150-96x96.jpg","150":"https:\/\/e3mag.com\/wp-content\/uploads\/2023\/05\/Thomas-Failer-neu-150.jpg","300":"https:\/\/e3mag.com\/wp-content\/uploads\/2023\/05\/Thomas-Failer-neu-150.jpg","full":"https:\/\/e3mag.com\/wp-content\/uploads\/2023\/05\/Thomas-Failer-neu-150.jpg"},"_links":{"self":[{"href":"https:\/\/e3mag.com\/en\/wp-json\/wp\/v2\/users\/1289","targetHints":{"allow":["GET"]}}],"collection":[{"href":"https:\/\/e3mag.com\/en\/wp-json\/wp\/v2\/users"}]}}