{"id":132648,"date":"2023-09-27T10:00:00","date_gmt":"2023-09-27T08:00:00","guid":{"rendered":"http:\/\/e3mag.com\/?p=132648"},"modified":"2024-03-13T13:57:00","modified_gmt":"2024-03-13T12:57:00","slug":"people-september-2023-2","status":"publish","type":"post","link":"https:\/\/e3mag.com\/en\/menschen-im-september-2023\/","title":{"rendered":"People in September 2023"},"content":{"rendered":"<div class=\"wp-block-columns is-layout-flex wp-container-core-columns-is-layout-9d6595d7 wp-block-columns-is-layout-flex\">\n<div class=\"wp-block-column is-layout-flow wp-block-column-is-layout-flow\">\n<p>NetApp, the global cloud and data-focused software provider, welcomes <strong>Bego\u00f1a Jara<\/strong> as the new vice president and general manager for Germany. An experienced data industry sales leader and respected university lecturer on management and leadership topics, Jara returns to NetApp after a career stopover. In her past role, Jara led sales in Germany and Austria, and her previous positions included responsibility for global customer accounts in EMEA. As vice president of Area Germany, NetApp's second largest market worldwide, Jara is a key member of the EMEA and LATAM Geo Leadership Team, led by senior vice president Giovanna Sangiorgi. Jara will be responsible for leading the German business and will focus on creating cloud- and innovation-driven growth across multiple customer segments, including enterprise, global systems integrators, commercial, global accounts and the channel. She will also work closely with the global and regional teams to create the GTM framework. <\/p>\n\n\n\n\n\n\n\n<div class=\"wp-block-columns is-layout-flex wp-container-core-columns-is-layout-9d6595d7 wp-block-columns-is-layout-flex\">\n<div class=\"wp-block-column is-layout-flow wp-block-column-is-layout-flow\"><div class=\"wp-block-image\">\n<figure class=\"aligncenter size-large is-resized\"><img loading=\"lazy\" decoding=\"async\" src=\"https:\/\/e3mag.com\/wp-content\/uploads\/2023\/09\/2309s00_netapp_Begona-Jara_HIGHRES_sw-1148x1530.jpg\" alt=\"\" class=\"wp-image-132649\" style=\"width:243px;height:324px\" width=\"243\" height=\"324\" srcset=\"https:\/\/e3mag.com\/wp-content\/uploads\/2023\/09\/2309s00_netapp_Begona-Jara_HIGHRES_sw.jpg 810w, https:\/\/e3mag.com\/wp-content\/uploads\/2023\/09\/2309s00_netapp_Begona-Jara_HIGHRES_sw-300x400.jpg 300w, https:\/\/e3mag.com\/wp-content\/uploads\/2023\/09\/2309s00_netapp_Begona-Jara_HIGHRES_sw-768x1024.jpg 768w, https:\/\/e3mag.com\/wp-content\/uploads\/2023\/09\/2309s00_netapp_Begona-Jara_HIGHRES_sw-100x133.jpg 100w, https:\/\/e3mag.com\/wp-content\/uploads\/2023\/09\/2309s00_netapp_Begona-Jara_HIGHRES_sw-480x640.jpg 480w, https:\/\/e3mag.com\/wp-content\/uploads\/2023\/09\/2309s00_netapp_Begona-Jara_HIGHRES_sw-640x853.jpg 640w, https:\/\/e3mag.com\/wp-content\/uploads\/2023\/09\/2309s00_netapp_Begona-Jara_HIGHRES_sw-720x960.jpg 720w, https:\/\/e3mag.com\/wp-content\/uploads\/2023\/09\/2309s00_netapp_Begona-Jara_HIGHRES_sw-9x12.jpg 9w, https:\/\/e3mag.com\/wp-content\/uploads\/2023\/09\/2309s00_netapp_Begona-Jara_HIGHRES_sw-600x800.jpg 600w\" sizes=\"auto, (max-width: 243px) 100vw, 243px\" \/><\/figure>\n<\/div><\/div>\n\n\n\n<div class=\"wp-block-column is-layout-flow wp-block-column-is-layout-flow\">\n\n\n\n\n\n\n\n\n\n\n\n\n<p><em><strong>Bego\u00f1a Jara<\/strong> is the new Vice President and General Manager for Germany. <\/em><\/p>\n<\/div>\n<\/div>\n\n\n\n<p><a href=\"https:\/\/www.netapp.com\" target=\"_blank\" data-type=\"link\" data-id=\"https:\/\/www.netapp.com\" rel=\"noreferrer noopener\">netapp.com<\/a><\/p>\n<\/div>\n<\/div>\n\n\n\n<h2 class=\"wp-block-heading\"><strong>New executives for SAP's Swiss business<\/strong><\/h2>\n\n\n\n<p>SAP appoints Sabrina Storck and Thomas Schreitm\u00fcller as managing directors of SAP Switzerland, effective immediately. They succeed Michael Locher-Tjoa, who is taking on a new leadership role within SAP in the Greater China region. Sabrina Storck and Thomas Schreitm\u00fcller are already excellently established in the Swiss market due to their previous roles. SAP thus presents itself with a sustainable and reliable succession plan. The new appointments also underline the company's focus on talent development and a modern and diverse leadership culture. The appointment of Sabrina Storck marks the first time a woman has taken on the role of CEO for SAP Switzerland. Sabrina Storck started her career at SAP 15 years ago. She has held the role of COO Switzerland since 2021.<\/p>\n\n\n<div class=\"wp-block-image\">\n<figure class=\"aligncenter size-large is-resized\"><img loading=\"lazy\" decoding=\"async\" src=\"https:\/\/e3mag.com\/wp-content\/uploads\/2023\/09\/2309s00_sap_schweiz-1200x800.jpg\" alt=\"\" class=\"wp-image-132656\" style=\"width:399px;height:266px\" width=\"399\" height=\"266\" srcset=\"https:\/\/e3mag.com\/wp-content\/uploads\/2023\/09\/2309s00_sap_schweiz-1200x800.jpg 1200w, https:\/\/e3mag.com\/wp-content\/uploads\/2023\/09\/2309s00_sap_schweiz-400x267.jpg 400w, https:\/\/e3mag.com\/wp-content\/uploads\/2023\/09\/2309s00_sap_schweiz-768x512.jpg 768w, https:\/\/e3mag.com\/wp-content\/uploads\/2023\/09\/2309s00_sap_schweiz-100x67.jpg 100w, https:\/\/e3mag.com\/wp-content\/uploads\/2023\/09\/2309s00_sap_schweiz-480x320.jpg 480w, https:\/\/e3mag.com\/wp-content\/uploads\/2023\/09\/2309s00_sap_schweiz-640x427.jpg 640w, https:\/\/e3mag.com\/wp-content\/uploads\/2023\/09\/2309s00_sap_schweiz-720x480.jpg 720w, https:\/\/e3mag.com\/wp-content\/uploads\/2023\/09\/2309s00_sap_schweiz-960x640.jpg 960w, https:\/\/e3mag.com\/wp-content\/uploads\/2023\/09\/2309s00_sap_schweiz-1168x779.jpg 1168w, https:\/\/e3mag.com\/wp-content\/uploads\/2023\/09\/2309s00_sap_schweiz-1440x960.jpg 1440w, https:\/\/e3mag.com\/wp-content\/uploads\/2023\/09\/2309s00_sap_schweiz-scaled.jpg 1620w, https:\/\/e3mag.com\/wp-content\/uploads\/2023\/09\/2309s00_sap_schweiz-1536x1024.jpg 1536w, https:\/\/e3mag.com\/wp-content\/uploads\/2023\/09\/2309s00_sap_schweiz-18x12.jpg 18w, https:\/\/e3mag.com\/wp-content\/uploads\/2023\/09\/2309s00_sap_schweiz-600x400.jpg 600w\" sizes=\"auto, (max-width: 399px) 100vw, 399px\" \/><figcaption class=\"wp-element-caption\">New appointments to the Executive Board of SAP Switzerland (from left): Managing Directors Thomas Schreitm\u00fcller and Sabrina Storck, CFO Michael Haldimann.<\/figcaption><\/figure>\n<\/div>\n\n\n<p>  <a href=\"https:\/\/www.sap.com\" target=\"_blank\" data-type=\"link\" data-id=\"https:\/\/www.sap.com\" rel=\"noreferrer noopener\">sap.com<\/a><\/p><div id=\"great-1483557605\" class=\"great-fullsize-content-en great-entity-placement\" style=\"margin-bottom: 20px;\"><a data-no-instant=\"1\" href=\"https:\/\/www.youtube.com\/watch?v=6ZGXMPyM-nU\" rel=\"noopener\" class=\"a2t-link\" target=\"_blank\" aria-label=\"banner_26-04_29_1200x150\"><img loading=\"lazy\" decoding=\"async\" src=\"https:\/\/e3mag.com\/wp-content\/uploads\/2026\/03\/banner_26-04_29_1200x150-1.jpg\" alt=\"\"  srcset=\"https:\/\/e3mag.com\/wp-content\/uploads\/2026\/03\/banner_26-04_29_1200x150-1.jpg 1200w, https:\/\/e3mag.com\/wp-content\/uploads\/2026\/03\/banner_26-04_29_1200x150-1-400x50.jpg 400w, https:\/\/e3mag.com\/wp-content\/uploads\/2026\/03\/banner_26-04_29_1200x150-1-768x96.jpg 768w, https:\/\/e3mag.com\/wp-content\/uploads\/2026\/03\/banner_26-04_29_1200x150-1-100x13.jpg 100w, https:\/\/e3mag.com\/wp-content\/uploads\/2026\/03\/banner_26-04_29_1200x150-1-480x60.jpg 480w, https:\/\/e3mag.com\/wp-content\/uploads\/2026\/03\/banner_26-04_29_1200x150-1-640x80.jpg 640w, https:\/\/e3mag.com\/wp-content\/uploads\/2026\/03\/banner_26-04_29_1200x150-1-720x90.jpg 720w, https:\/\/e3mag.com\/wp-content\/uploads\/2026\/03\/banner_26-04_29_1200x150-1-960x120.jpg 960w, https:\/\/e3mag.com\/wp-content\/uploads\/2026\/03\/banner_26-04_29_1200x150-1-1168x146.jpg 1168w, https:\/\/e3mag.com\/wp-content\/uploads\/2026\/03\/banner_26-04_29_1200x150-1-18x2.jpg 18w, https:\/\/e3mag.com\/wp-content\/uploads\/2026\/03\/banner_26-04_29_1200x150-1-600x75.jpg 600w\" sizes=\"(max-width: 1200px) 100vw, 1200px\" width=\"1200\" height=\"150\"  style=\" max-width: 100%; height: auto;\" \/><\/a><\/div>","protected":false},"excerpt":{"rendered":"<p>The IT industry is in a constant state of flux, and with it, company executives. Every month, we introduce you here to people who are taking on a new professional challenge. <\/p>","protected":false},"author":2368,"featured_media":138524,"comment_status":"open","ping_status":"closed","sticky":false,"template":"","format":"standard","meta":{"_acf_changed":false,"pmpro_default_level":"","footnotes":""},"categories":[2,43474,43900,43385],"tags":[94,5457],"coauthors":[39720],"class_list":["post-132648","post","type-post","status-publish","format-standard","has-post-thumbnail","hentry","category-sap-nachrichten","category-mag-23-09","category-people-management","category-pressemeldung","tag-emea","tag-netapp","pmpro-has-access"],"acf":[],"featured_image_urls_v2":{"full":["https:\/\/e3mag.com\/wp-content\/uploads\/2023\/10\/Menschen.jpg",1000,450,false],"thumbnail":["https:\/\/e3mag.com\/wp-content\/uploads\/2023\/10\/Menschen-150x150.jpg",150,150,true],"medium":["https:\/\/e3mag.com\/wp-content\/uploads\/2023\/10\/Menschen-400x180.jpg",400,180,true],"medium_large":["https:\/\/e3mag.com\/wp-content\/uploads\/2023\/10\/Menschen-768x346.jpg",768,346,true],"large":["https:\/\/e3mag.com\/wp-content\/uploads\/2023\/10\/Menschen.jpg",1000,450,false],"image-100":["https:\/\/e3mag.com\/wp-content\/uploads\/2023\/10\/Menschen-100x45.jpg",100,45,true],"image-480":["https:\/\/e3mag.com\/wp-content\/uploads\/2023\/10\/Menschen-480x216.jpg",480,216,true],"image-640":["https:\/\/e3mag.com\/wp-content\/uploads\/2023\/10\/Menschen-640x288.jpg",640,288,true],"image-720":["https:\/\/e3mag.com\/wp-content\/uploads\/2023\/10\/Menschen-720x324.jpg",720,324,true],"image-960":["https:\/\/e3mag.com\/wp-content\/uploads\/2023\/10\/Menschen-960x432.jpg",960,432,true],"image-1168":["https:\/\/e3mag.com\/wp-content\/uploads\/2023\/10\/Menschen.jpg",1000,450,false],"image-1440":["https:\/\/e3mag.com\/wp-content\/uploads\/2023\/10\/Menschen.jpg",1000,450,false],"image-1920":["https:\/\/e3mag.com\/wp-content\/uploads\/2023\/10\/Menschen.jpg",1000,450,false],"1536x1536":["https:\/\/e3mag.com\/wp-content\/uploads\/2023\/10\/Menschen.jpg",1000,450,false],"2048x2048":["https:\/\/e3mag.com\/wp-content\/uploads\/2023\/10\/Menschen.jpg",1000,450,false],"trp-custom-language-flag":["https:\/\/e3mag.com\/wp-content\/uploads\/2023\/10\/Menschen-18x8.jpg",18,8,true],"bricks_large_16x9":["https:\/\/e3mag.com\/wp-content\/uploads\/2023\/10\/Menschen.jpg",1000,450,false],"bricks_large":["https:\/\/e3mag.com\/wp-content\/uploads\/2023\/10\/Menschen.jpg",1000,450,false],"bricks_large_square":["https:\/\/e3mag.com\/wp-content\/uploads\/2023\/10\/Menschen.jpg",1000,450,false],"bricks_medium":["https:\/\/e3mag.com\/wp-content\/uploads\/2023\/10\/Menschen-600x270.jpg",600,270,true],"bricks_medium_square":["https:\/\/e3mag.com\/wp-content\/uploads\/2023\/10\/Menschen-600x450.jpg",600,450,true],"profile_24":["https:\/\/e3mag.com\/wp-content\/uploads\/2023\/10\/Menschen-24x24.jpg",24,24,true],"profile_48":["https:\/\/e3mag.com\/wp-content\/uploads\/2023\/10\/Menschen-48x48.jpg",48,48,true],"profile_96":["https:\/\/e3mag.com\/wp-content\/uploads\/2023\/10\/Menschen-96x96.jpg",96,96,true],"profile_150":["https:\/\/e3mag.com\/wp-content\/uploads\/2023\/10\/Menschen-150x150.jpg",150,150,true],"profile_300":["https:\/\/e3mag.com\/wp-content\/uploads\/2023\/10\/Menschen-300x300.jpg",300,300,true]},"post_excerpt_stackable_v2":"<p>Die IT-Branche ist in st\u00e4ndiger Bewegung und mit ihr die F\u00fchrungskr\u00e4fte der Unternehmen. Wir stellen Ihnen hier jeden Monat Personen vor, die sich einer neuen beruflichen Herausforderung stellen. <\/p>\n","category_list_v2":"<a href=\"https:\/\/e3mag.com\/en\/category\/sap-nachrichten\/\" rel=\"category tag\">Community Nachrichten<\/a>, <a href=\"https:\/\/e3mag.com\/en\/category\/mag-23-09\/\" rel=\"category tag\">MAG 23-09<\/a>, <a href=\"https:\/\/e3mag.com\/en\/category\/people-management\/\" rel=\"category tag\">People-Management<\/a>, <a href=\"https:\/\/e3mag.com\/en\/category\/sap-nachrichten\/pressemeldung\/\" rel=\"category tag\">Pressemeldung<\/a>","author_info_v2":{"name":"E3 Magazine","url":"https:\/\/e3mag.com\/en\/author\/e3_magazin\/"},"comments_num_v2":"0 comments","_links":{"self":[{"href":"https:\/\/e3mag.com\/en\/wp-json\/wp\/v2\/posts\/132648","targetHints":{"allow":["GET"]}}],"collection":[{"href":"https:\/\/e3mag.com\/en\/wp-json\/wp\/v2\/posts"}],"about":[{"href":"https:\/\/e3mag.com\/en\/wp-json\/wp\/v2\/types\/post"}],"author":[{"embeddable":true,"href":"https:\/\/e3mag.com\/en\/wp-json\/wp\/v2\/users\/2368"}],"replies":[{"embeddable":true,"href":"https:\/\/e3mag.com\/en\/wp-json\/wp\/v2\/comments?post=132648"}],"version-history":[{"count":9,"href":"https:\/\/e3mag.com\/en\/wp-json\/wp\/v2\/posts\/132648\/revisions"}],"predecessor-version":[{"id":132659,"href":"https:\/\/e3mag.com\/en\/wp-json\/wp\/v2\/posts\/132648\/revisions\/132659"}],"wp:featuredmedia":[{"embeddable":true,"href":"https:\/\/e3mag.com\/en\/wp-json\/wp\/v2\/media\/138524"}],"wp:attachment":[{"href":"https:\/\/e3mag.com\/en\/wp-json\/wp\/v2\/media?parent=132648"}],"wp:term":[{"taxonomy":"category","embeddable":true,"href":"https:\/\/e3mag.com\/en\/wp-json\/wp\/v2\/categories?post=132648"},{"taxonomy":"post_tag","embeddable":true,"href":"https:\/\/e3mag.com\/en\/wp-json\/wp\/v2\/tags?post=132648"},{"taxonomy":"author","embeddable":true,"href":"https:\/\/e3mag.com\/en\/wp-json\/wp\/v2\/coauthors?post=132648"}],"curies":[{"name":"wp","href":"https:\/\/api.w.org\/{rel}","templated":true}]}}