{"id":1960,"name":"Hendrik van Laaten, Medienwerft","url":"","description":"Hendrik van Laaten ist Gesch\u00e4ftsf\u00fchrer der Medienwerft, Agentur f\u00fcr digitale Medien und Kommunikation","link":"https:\/\/e3mag.com\/de\/author\/hendrik-van-laaten\/","slug":"hendrik-van-laaten","avatar_urls":{"24":"https:\/\/secure.gravatar.com\/avatar\/5a7f4cb9ed18a1c0e25ac9babc284211c4630d6a1528d4526ed701b0e5b9ff7c?s=24&d=blank&r=x","48":"https:\/\/secure.gravatar.com\/avatar\/5a7f4cb9ed18a1c0e25ac9babc284211c4630d6a1528d4526ed701b0e5b9ff7c?s=48&d=blank&r=x","96":"https:\/\/secure.gravatar.com\/avatar\/5a7f4cb9ed18a1c0e25ac9babc284211c4630d6a1528d4526ed701b0e5b9ff7c?s=96&d=blank&r=x"},"meta":[],"acf":[],"mpp_avatar":{"24":"https:\/\/e3mag.com\/wp-content\/uploads\/2019\/11\/Hendrick-van-Laaten-1-24x24.jpg","48":"https:\/\/e3mag.com\/wp-content\/uploads\/2019\/11\/Hendrick-van-Laaten-1-48x48.jpg","96":"https:\/\/e3mag.com\/wp-content\/uploads\/2019\/11\/Hendrick-van-Laaten-1-96x96.jpg","150":"https:\/\/e3mag.com\/wp-content\/uploads\/2019\/11\/Hendrick-van-Laaten-1-150x150.jpg","300":"https:\/\/e3mag.com\/wp-content\/uploads\/2019\/11\/Hendrick-van-Laaten-1.jpg","full":"https:\/\/e3mag.com\/wp-content\/uploads\/2019\/11\/Hendrick-van-Laaten-1.jpg"},"_links":{"self":[{"href":"https:\/\/e3mag.com\/de\/wp-json\/wp\/v2\/users\/1960","targetHints":{"allow":["GET"]}}],"collection":[{"href":"https:\/\/e3mag.com\/de\/wp-json\/wp\/v2\/users"}]}}