{"id":62532,"date":"2019-09-19T14:37:30","date_gmt":"2019-09-19T12:37:30","guid":{"rendered":"http:\/\/e3mag.com\/?p=62532"},"modified":"2020-02-08T16:20:59","modified_gmt":"2020-02-08T15:20:59","slug":"und-sie-bewegt-sich-doch","status":"publish","type":"post","link":"https:\/\/e3mag.com\/de\/und-sie-bewegt-sich-doch\/","title":{"rendered":"Und sie bewegt sich doch!"},"content":{"rendered":"<p>Galileo sah die Sonne im Zentrum und sagte trotzig: <em>\u201eUnd sie bewegt sich doch.\u201c<\/em> Er meinte damit die Erde \u2013 so weit die Anekdote, ohne Anspruch auf historische G\u00fcltigkeit.<\/p>\n<p>Was diese Woche auf dem DSAG-Jahreskongress erkannt wurde, ist keine Anekdote, sondern bitterer Ernst f\u00fcr die SAP-Bestandskunden: Aufgrund aktueller Planung kann es ab 2025 keine Business Suite auf Hana, also SoH, geben! Was war geschehen?<\/p><div class=\"great-fullsize-content-de great-entity-placement\" style=\"float: left;\" id=\"great-3916893193\"><div id=\"great-1686585412\" style=\"margin-bottom: 20px;\"><a data-no-instant=\"1\" href=\"https:\/\/www.youtube.com\/watch?v=6ZGXMPyM-nU\" rel=\"noopener\" class=\"a2t-link\" target=\"_blank\" aria-label=\"banner_26-04_29_1200x150\"><img loading=\"lazy\" decoding=\"async\" src=\"https:\/\/e3mag.com\/wp-content\/uploads\/2026\/03\/banner_26-04_29_1200x150-1.jpg\" alt=\"\"  srcset=\"https:\/\/e3mag.com\/wp-content\/uploads\/2026\/03\/banner_26-04_29_1200x150-1.jpg 1200w, https:\/\/e3mag.com\/wp-content\/uploads\/2026\/03\/banner_26-04_29_1200x150-1-400x50.jpg 400w, https:\/\/e3mag.com\/wp-content\/uploads\/2026\/03\/banner_26-04_29_1200x150-1-768x96.jpg 768w, https:\/\/e3mag.com\/wp-content\/uploads\/2026\/03\/banner_26-04_29_1200x150-1-100x13.jpg 100w, https:\/\/e3mag.com\/wp-content\/uploads\/2026\/03\/banner_26-04_29_1200x150-1-480x60.jpg 480w, https:\/\/e3mag.com\/wp-content\/uploads\/2026\/03\/banner_26-04_29_1200x150-1-640x80.jpg 640w, https:\/\/e3mag.com\/wp-content\/uploads\/2026\/03\/banner_26-04_29_1200x150-1-720x90.jpg 720w, https:\/\/e3mag.com\/wp-content\/uploads\/2026\/03\/banner_26-04_29_1200x150-1-960x120.jpg 960w, https:\/\/e3mag.com\/wp-content\/uploads\/2026\/03\/banner_26-04_29_1200x150-1-1168x146.jpg 1168w, https:\/\/e3mag.com\/wp-content\/uploads\/2026\/03\/banner_26-04_29_1200x150-1-18x2.jpg 18w, https:\/\/e3mag.com\/wp-content\/uploads\/2026\/03\/banner_26-04_29_1200x150-1-600x75.jpg 600w\" sizes=\"(max-width: 1200px) 100vw, 1200px\" width=\"1200\" height=\"150\"  style=\" max-width: 100%; height: auto;\" \/><\/a><\/div><\/div>\n<p>In der SAP-Servicenote 1648480 (das PDF-Dokument liegt dem E-3 Magazin vor) wird das Support-Ende f\u00fcr den Abap-Stack des NetWeaver 7.5 mit 2025 angegeben. F\u00fcr den Java-Stack des NW 7.5 folgt das Ende schon 2024 \u2013 lieben Gru\u00df an Oracle und Larry Ellison.<\/p>\n<p>Die schlechte Nachricht: Die SAP Business Suite 7 braucht als \u201eRun-Time-System\u201c naturgem\u00e4\u00df NetWeaver. Die gute Nachricht: In der SAP-Servicenote wird lediglich das uns heute bekannte System abgek\u00fcndigt. Eventuell f\u00fchrt SAP den NetWeaver-Abap-Stack mit erh\u00f6hter Pflegegeb\u00fchr weiter oder es gibt eine \u201eextended Maintenance\u201c.<\/p>\n<p>Auch f\u00fcr das Java von Oracle k\u00f6nnte es Alternativen geben und damit auch Ersatz f\u00fcr den NetWeaver-Oracle-Java-Stack. Was jedoch sicher nicht funktionieren kann, ist die Aussage von DSAG-Chef Marco Lenck:<\/p>\n<p><em>\u201eAuch nach 2025 wird die Business Suite mit NetWeaver 7.5 weiterlaufen.\u201c<\/em><\/p>\n<p>Technisch gesehen hat er nat\u00fcrlich recht, weil sich am 1. Januar 2026 der essenzielle NetWeaver 7.5 nicht in Luft aufl\u00f6sen wird. Was Lenck aber \u00fcbersieht: F\u00fcr den SAP-Bestandskunden ist ein operativ laufendes System nur die halbe Miete.<\/p>\n<p>Die SoH-Anwender brauchen auch Rechtssicherheit bez\u00fcglich ihrer Lizenzen, Maintenance, Support und Legal-Changes etc. Die SAP-Servicenote hat dem vorerst den Boden entzogen, auch wenn sich die Systeme, wie Marco Lenck in der DSAG-Pressekonferenz meinte, rein technisch naturgem\u00e4\u00df weiterbewegen.<\/p>\n","protected":false},"excerpt":{"rendered":"<p>Dieser ber\u00fchmte Satz wird dem Mathematiker und Astronomen Galileo Galilei (1564\u20131642) zugeschrieben. Es ging um den Streit mit der katholischen Kirche, ob sich nun die Sonne um die Erde (geozentrisches System) oder umgekehrt (heliozentrisches Weltbild) bewegt.<\/p>\n","protected":false},"author":2,"featured_media":0,"comment_status":"open","ping_status":"closed","sticky":false,"template":"","format":"standard","meta":{"_acf_changed":false,"pmpro_default_level":"","footnotes":""},"categories":[27840],"tags":[453,65,722,198,513],"coauthors":[27825],"class_list":["post-62532","post","type-post","status-publish","format-standard","hentry","category-chefredakteur-blog","tag-abap","tag-hana","tag-netweaver","tag-oracle","tag-soh","pmpro-has-access"],"acf":[],"featured_image_urls_v2":{"full":"","thumbnail":"","medium":"","medium_large":"","large":"","image-100":"","image-480":"","image-640":"","image-720":"","image-960":"","image-1168":"","image-1440":"","image-1920":"","1536x1536":"","2048x2048":"","trp-custom-language-flag":"","bricks_large_16x9":"","bricks_large":"","bricks_large_square":"","bricks_medium":"","bricks_medium_square":"","profile_24":"","profile_48":"","profile_96":"","profile_150":"","profile_300":""},"post_excerpt_stackable_v2":"<p>Dieser ber\u00fchmte Satz wird dem Mathematiker und Astronomen Galileo Galilei (1564\u20131642) zugeschrieben. Es ging um den Streit mit der katholischen Kirche, ob sich nun die Sonne um die Erde (geozentrisches System) oder umgekehrt (heliozentrisches Weltbild) bewegt.<\/p>\n","category_list_v2":"<a href=\"https:\/\/e3mag.com\/de\/category\/chefredakteur-blog\/\" rel=\"category tag\">Chefredakteur-Blog<\/a>","author_info_v2":{"name":"Peter M. F\u00e4rbinger, E3-Magazin","url":"https:\/\/e3mag.com\/de\/author\/peter-m-faerbinger-e-3-magazin\/"},"comments_num_v2":"0 comments","_links":{"self":[{"href":"https:\/\/e3mag.com\/de\/wp-json\/wp\/v2\/posts\/62532","targetHints":{"allow":["GET"]}}],"collection":[{"href":"https:\/\/e3mag.com\/de\/wp-json\/wp\/v2\/posts"}],"about":[{"href":"https:\/\/e3mag.com\/de\/wp-json\/wp\/v2\/types\/post"}],"author":[{"embeddable":true,"href":"https:\/\/e3mag.com\/de\/wp-json\/wp\/v2\/users\/2"}],"replies":[{"embeddable":true,"href":"https:\/\/e3mag.com\/de\/wp-json\/wp\/v2\/comments?post=62532"}],"version-history":[{"count":0,"href":"https:\/\/e3mag.com\/de\/wp-json\/wp\/v2\/posts\/62532\/revisions"}],"wp:attachment":[{"href":"https:\/\/e3mag.com\/de\/wp-json\/wp\/v2\/media?parent=62532"}],"wp:term":[{"taxonomy":"category","embeddable":true,"href":"https:\/\/e3mag.com\/de\/wp-json\/wp\/v2\/categories?post=62532"},{"taxonomy":"post_tag","embeddable":true,"href":"https:\/\/e3mag.com\/de\/wp-json\/wp\/v2\/tags?post=62532"},{"taxonomy":"author","embeddable":true,"href":"https:\/\/e3mag.com\/de\/wp-json\/wp\/v2\/coauthors?post=62532"}],"curies":[{"name":"wp","href":"https:\/\/api.w.org\/{rel}","templated":true}]}}