{"id":61194,"date":"2016-02-03T10:40:58","date_gmt":"2016-02-03T09:40:58","guid":{"rendered":"http:\/\/e3mag.com\/?p=61194"},"modified":"2024-01-19T14:54:09","modified_gmt":"2024-01-19T13:54:09","slug":"die-digitale-transformation-ist-da","status":"publish","type":"post","link":"https:\/\/e3mag.com\/de\/die-digitale-transformation-ist-da\/","title":{"rendered":"Die digitale Transformation ist da!"},"content":{"rendered":"<p>Die Digitalisierung ergreift alle Bereiche von Wirtschaft und Gesellschaft, sie ist kein kurzfristiges Ph\u00e4nomen, sondern \u00fcberlagert alles und bietet langfristig gro\u00dfe Chancen. Es gilt sich diesen Herausforderungen zu stellen und aktiv sein Unternehmen in die Zukunft zu f\u00fchren. d!conomy beschreibt erreicht jeden Entscheider, jedes Unternehmen, jeden Wirtschaftszweig.<\/p>\n<p>Dabei wird die Digitalisierung alle Bestandteile bestehender Wertsch\u00f6pfungsketten beeinflussen. Hinzu kommen disruptive Ans\u00e4tze junger agiler Unternehmen, die mit digitalen Gesch\u00e4ftsmodellen lang etablierte M\u00e4rkte aufbrechen und sich schnell zu neuen Konkurrenten entwickeln.<\/p><div class=\"great-fullsize-content-de great-entity-placement\" style=\"float: left;\" id=\"great-3022615296\"><div id=\"great-514263008\" style=\"margin-bottom: 20px;\"><a data-no-instant=\"1\" href=\"https:\/\/www.youtube.com\/watch?v=6ZGXMPyM-nU\" rel=\"noopener\" class=\"a2t-link\" target=\"_blank\" aria-label=\"banner_26-04_29_1200x150\"><img loading=\"lazy\" decoding=\"async\" src=\"https:\/\/e3mag.com\/wp-content\/uploads\/2026\/03\/banner_26-04_29_1200x150-1.jpg\" alt=\"\"  srcset=\"https:\/\/e3mag.com\/wp-content\/uploads\/2026\/03\/banner_26-04_29_1200x150-1.jpg 1200w, https:\/\/e3mag.com\/wp-content\/uploads\/2026\/03\/banner_26-04_29_1200x150-1-400x50.jpg 400w, https:\/\/e3mag.com\/wp-content\/uploads\/2026\/03\/banner_26-04_29_1200x150-1-768x96.jpg 768w, https:\/\/e3mag.com\/wp-content\/uploads\/2026\/03\/banner_26-04_29_1200x150-1-100x13.jpg 100w, https:\/\/e3mag.com\/wp-content\/uploads\/2026\/03\/banner_26-04_29_1200x150-1-480x60.jpg 480w, https:\/\/e3mag.com\/wp-content\/uploads\/2026\/03\/banner_26-04_29_1200x150-1-640x80.jpg 640w, https:\/\/e3mag.com\/wp-content\/uploads\/2026\/03\/banner_26-04_29_1200x150-1-720x90.jpg 720w, https:\/\/e3mag.com\/wp-content\/uploads\/2026\/03\/banner_26-04_29_1200x150-1-960x120.jpg 960w, https:\/\/e3mag.com\/wp-content\/uploads\/2026\/03\/banner_26-04_29_1200x150-1-1168x146.jpg 1168w, https:\/\/e3mag.com\/wp-content\/uploads\/2026\/03\/banner_26-04_29_1200x150-1-18x2.jpg 18w, https:\/\/e3mag.com\/wp-content\/uploads\/2026\/03\/banner_26-04_29_1200x150-1-600x75.jpg 600w\" sizes=\"(max-width: 1200px) 100vw, 1200px\" width=\"1200\" height=\"150\"  style=\" max-width: 100%; height: auto;\" \/><\/a><\/div><\/div>\n<p>Wer sich auch k\u00fcnftig in einem hochdynamischen Marktumfeld behaupten will, muss die Chancen der digitalen Transformation ergreifen. Wirtschaft und Unternehmen, Verwaltung, Politik und Gesellschaft insgesamt k\u00f6nnen die Chancen der Digitalisierung nutzen.<\/p>\n<p>Zu Beginn der digitalen \u00c4ra m\u00fcssen sowohl die gro\u00dfen, als auch politischen Rahmenbedingungen gestaltet werden \u2013 etwa mit Blick auf Datensicherheit und Privatheit.<\/p>\n<p>Ebenfalls m\u00fcssen neue Gesch\u00e4ftsmodelle, Kundenschnittstellen und Unternehmens- und Produktionsprozesse entwickelt werden, genauso wie neue Kommunikations- und Arbeitsformen.<\/p>\n<h3>Partnerland Schweiz<\/h3>\n<p>Die Schweiz wird sich mit einem Partnerland-Pavilion auf 1.500 Qudratmeter pr\u00e4sentieren: mit etablierte Unternehmen, Start-ups,Universit\u00e4ten und Fachhochschulen. Der Auftritt des Bundespr\u00e4sidenten und von Spitzenvertretern aus Wirtschaft und Forschung r\u00fccken die Schweiz in den Fokus der internationalen Aufmerksamkeit.<\/p>\n","protected":false},"excerpt":{"rendered":"<p>Topthema der CeBIT 2016 ist die Fortf\u00fchrung  Vorjahresmottos: \u201ed!conomy: join \u2013 create \u2013 succeed\u201c. Der Menschen als Entscheider und Gestalter der digitalen Transformation steht im Mittelpunkt.<\/p>\n","protected":false},"author":38,"featured_media":60767,"comment_status":"open","ping_status":"closed","sticky":false,"template":"","format":"standard","meta":{"_acf_changed":false,"pmpro_default_level":"","footnotes":""},"categories":[161,2,1596],"tags":[960,601,549],"coauthors":[19920],"class_list":["post-61194","post","type-post","status-publish","format-standard","has-post-thumbnail","hentry","category-szene","category-sap-nachrichten","category-1596","tag-datensicherheit","tag-digitalisierung","tag-start-ups","pmpro-has-access"],"acf":[],"featured_image_urls_v2":{"full":["https:\/\/e3mag.com\/wp-content\/uploads\/2019\/07\/2016.jpg",1000,387,false],"thumbnail":["https:\/\/e3mag.com\/wp-content\/uploads\/2019\/07\/2016-150x150.jpg",150,150,true],"medium":["https:\/\/e3mag.com\/wp-content\/uploads\/2019\/07\/2016.jpg",400,155,false],"medium_large":["https:\/\/e3mag.com\/wp-content\/uploads\/2019\/07\/2016-768x297.jpg",768,297,true],"large":["https:\/\/e3mag.com\/wp-content\/uploads\/2019\/07\/2016.jpg",1000,387,false],"image-100":["https:\/\/e3mag.com\/wp-content\/uploads\/2019\/07\/2016-100x39.jpg",100,39,true],"image-480":["https:\/\/e3mag.com\/wp-content\/uploads\/2019\/07\/2016-480x186.jpg",480,186,true],"image-640":["https:\/\/e3mag.com\/wp-content\/uploads\/2019\/07\/2016-640x248.jpg",640,248,true],"image-720":["https:\/\/e3mag.com\/wp-content\/uploads\/2019\/07\/2016-720x279.jpg",720,279,true],"image-960":["https:\/\/e3mag.com\/wp-content\/uploads\/2019\/07\/2016-960x372.jpg",960,372,true],"image-1168":["https:\/\/e3mag.com\/wp-content\/uploads\/2019\/07\/2016.jpg",1000,387,false],"image-1440":["https:\/\/e3mag.com\/wp-content\/uploads\/2019\/07\/2016.jpg",1000,387,false],"image-1920":["https:\/\/e3mag.com\/wp-content\/uploads\/2019\/07\/2016.jpg",1000,387,false],"1536x1536":["https:\/\/e3mag.com\/wp-content\/uploads\/2019\/07\/2016.jpg",1000,387,false],"2048x2048":["https:\/\/e3mag.com\/wp-content\/uploads\/2019\/07\/2016.jpg",1000,387,false],"trp-custom-language-flag":["https:\/\/e3mag.com\/wp-content\/uploads\/2019\/07\/2016.jpg",18,7,false],"bricks_large_16x9":["https:\/\/e3mag.com\/wp-content\/uploads\/2019\/07\/2016.jpg",1000,387,false],"bricks_large":["https:\/\/e3mag.com\/wp-content\/uploads\/2019\/07\/2016.jpg",1000,387,false],"bricks_large_square":["https:\/\/e3mag.com\/wp-content\/uploads\/2019\/07\/2016.jpg",1000,387,false],"bricks_medium":["https:\/\/e3mag.com\/wp-content\/uploads\/2019\/07\/2016.jpg",600,232,false],"bricks_medium_square":["https:\/\/e3mag.com\/wp-content\/uploads\/2019\/07\/2016.jpg",600,232,false],"profile_24":["https:\/\/e3mag.com\/wp-content\/uploads\/2019\/07\/2016-24x24.jpg",24,24,true],"profile_48":["https:\/\/e3mag.com\/wp-content\/uploads\/2019\/07\/2016-48x48.jpg",48,48,true],"profile_96":["https:\/\/e3mag.com\/wp-content\/uploads\/2019\/07\/2016-96x96.jpg",96,96,true],"profile_150":["https:\/\/e3mag.com\/wp-content\/uploads\/2019\/07\/2016-150x150.jpg",150,150,true],"profile_300":["https:\/\/e3mag.com\/wp-content\/uploads\/2019\/07\/2016-300x300.jpg",300,300,true]},"post_excerpt_stackable_v2":"<p>Topthema der CeBIT 2016 ist die Fortf\u00fchrung  Vorjahresmottos: \u201ed!conomy: join \u2013 create \u2013 succeed\u201c. Der Menschen als Entscheider und Gestalter der digitalen Transformation steht im Mittelpunkt.<\/p>\n","category_list_v2":"<a href=\"https:\/\/e3mag.com\/de\/category\/szene\/\" rel=\"category tag\">Szene<\/a>, <a href=\"https:\/\/e3mag.com\/de\/category\/sap-nachrichten\/\" rel=\"category tag\">Community Nachrichten<\/a>, <a href=\"https:\/\/e3mag.com\/de\/category\/1602\/\" rel=\"category tag\">MAG 16-02<\/a>","author_info_v2":{"name":"E-3 Magazin","url":"https:\/\/e3mag.com\/de\/author\/e-3-magazin\/"},"comments_num_v2":"0 comments","_links":{"self":[{"href":"https:\/\/e3mag.com\/de\/wp-json\/wp\/v2\/posts\/61194","targetHints":{"allow":["GET"]}}],"collection":[{"href":"https:\/\/e3mag.com\/de\/wp-json\/wp\/v2\/posts"}],"about":[{"href":"https:\/\/e3mag.com\/de\/wp-json\/wp\/v2\/types\/post"}],"author":[{"embeddable":true,"href":"https:\/\/e3mag.com\/de\/wp-json\/wp\/v2\/users\/38"}],"replies":[{"embeddable":true,"href":"https:\/\/e3mag.com\/de\/wp-json\/wp\/v2\/comments?post=61194"}],"version-history":[{"count":1,"href":"https:\/\/e3mag.com\/de\/wp-json\/wp\/v2\/posts\/61194\/revisions"}],"predecessor-version":[{"id":138418,"href":"https:\/\/e3mag.com\/de\/wp-json\/wp\/v2\/posts\/61194\/revisions\/138418"}],"wp:featuredmedia":[{"embeddable":true,"href":"https:\/\/e3mag.com\/de\/wp-json\/wp\/v2\/media\/60767"}],"wp:attachment":[{"href":"https:\/\/e3mag.com\/de\/wp-json\/wp\/v2\/media?parent=61194"}],"wp:term":[{"taxonomy":"category","embeddable":true,"href":"https:\/\/e3mag.com\/de\/wp-json\/wp\/v2\/categories?post=61194"},{"taxonomy":"post_tag","embeddable":true,"href":"https:\/\/e3mag.com\/de\/wp-json\/wp\/v2\/tags?post=61194"},{"taxonomy":"author","embeddable":true,"href":"https:\/\/e3mag.com\/de\/wp-json\/wp\/v2\/coauthors?post=61194"}],"curies":[{"name":"wp","href":"https:\/\/api.w.org\/{rel}","templated":true}]}}