{"id":147764,"date":"2024-12-13T09:00:00","date_gmt":"2024-12-13T08:00:00","guid":{"rendered":"http:\/\/e3mag.com\/?p=147764"},"modified":"2024-12-16T11:59:25","modified_gmt":"2024-12-16T10:59:25","slug":"workday-ernennt-rob-enslin-zum-praesident-und-chief-commercial-officer","status":"publish","type":"post","link":"https:\/\/e3mag.com\/de\/workday-ernennt-rob-enslin-zum-praesident-und-chief-commercial-officer\/","title":{"rendered":"Workday ernennt Rob Enslin zum Pr\u00e4sident und Chief Commercial Officer"},"content":{"rendered":"\n<p>Workday, ein Anbieter von L\u00f6sungen, die Unternehmen bei der Verwaltung ihrer Mitarbeiter und Finanzen unterst\u00fctzen, gab heute die Ernennung von Rob Enslin in der neu geschaffenen Position des President, Chief Commercial Officer (CCO) bekannt. Enslin wird daf\u00fcr verantwortlich sein, das Umsatzwachstum von Workday voranzutreiben und die globalen Vertriebs-, Partnerschafts- und Kundenerfahrungsaktivit\u00e4ten des Unternehmens zu leiten.\u00a0<\/p>\n\n\n<div class=\"wp-block-image\">\n<figure class=\"aligncenter size-large is-resized\"><img loading=\"lazy\" decoding=\"async\" width=\"1200\" height=\"1079\" src=\"https:\/\/e3mag.com\/wp-content\/uploads\/2024\/12\/Rob_Enslin_Workday-1200x1079.jpg\" alt=\"\" class=\"wp-image-147765\" style=\"width:646px;height:auto\" srcset=\"https:\/\/e3mag.com\/wp-content\/uploads\/2024\/12\/Rob_Enslin_Workday-1200x1079.jpg 1200w, https:\/\/e3mag.com\/wp-content\/uploads\/2024\/12\/Rob_Enslin_Workday-400x360.jpg 400w, https:\/\/e3mag.com\/wp-content\/uploads\/2024\/12\/Rob_Enslin_Workday-768x691.jpg 768w, https:\/\/e3mag.com\/wp-content\/uploads\/2024\/12\/Rob_Enslin_Workday-100x90.jpg 100w, https:\/\/e3mag.com\/wp-content\/uploads\/2024\/12\/Rob_Enslin_Workday-480x432.jpg 480w, https:\/\/e3mag.com\/wp-content\/uploads\/2024\/12\/Rob_Enslin_Workday-640x576.jpg 640w, https:\/\/e3mag.com\/wp-content\/uploads\/2024\/12\/Rob_Enslin_Workday-720x647.jpg 720w, https:\/\/e3mag.com\/wp-content\/uploads\/2024\/12\/Rob_Enslin_Workday-960x863.jpg 960w, https:\/\/e3mag.com\/wp-content\/uploads\/2024\/12\/Rob_Enslin_Workday-1168x1050.jpg 1168w, https:\/\/e3mag.com\/wp-content\/uploads\/2024\/12\/Rob_Enslin_Workday-scaled.jpg 1201w, https:\/\/e3mag.com\/wp-content\/uploads\/2024\/12\/Rob_Enslin_Workday-13x12.jpg 13w, https:\/\/e3mag.com\/wp-content\/uploads\/2024\/12\/Rob_Enslin_Workday-600x540.jpg 600w\" sizes=\"auto, (max-width: 1200px) 100vw, 1200px\" \/><\/figure>\n<\/div>\n\n\n<p class=\"has-text-align-center\"><em>Rob Enslin, Pr\u00e4sident und Chief Commercial Officer, Workday<\/em><\/p><div class=\"great-fullsize-content-de great-entity-placement\" style=\"float: left;\" id=\"great-1626061402\"><div id=\"great-3618476635\" style=\"margin-bottom: 20px;\"><a data-no-instant=\"1\" href=\"https:\/\/www.youtube.com\/watch?v=6ZGXMPyM-nU\" rel=\"noopener\" class=\"a2t-link\" target=\"_blank\" aria-label=\"banner_26-04_29_1200x150\"><img loading=\"lazy\" decoding=\"async\" src=\"https:\/\/e3mag.com\/wp-content\/uploads\/2026\/03\/banner_26-04_29_1200x150-1.jpg\" alt=\"\"  srcset=\"https:\/\/e3mag.com\/wp-content\/uploads\/2026\/03\/banner_26-04_29_1200x150-1.jpg 1200w, https:\/\/e3mag.com\/wp-content\/uploads\/2026\/03\/banner_26-04_29_1200x150-1-400x50.jpg 400w, https:\/\/e3mag.com\/wp-content\/uploads\/2026\/03\/banner_26-04_29_1200x150-1-768x96.jpg 768w, https:\/\/e3mag.com\/wp-content\/uploads\/2026\/03\/banner_26-04_29_1200x150-1-100x13.jpg 100w, https:\/\/e3mag.com\/wp-content\/uploads\/2026\/03\/banner_26-04_29_1200x150-1-480x60.jpg 480w, https:\/\/e3mag.com\/wp-content\/uploads\/2026\/03\/banner_26-04_29_1200x150-1-640x80.jpg 640w, https:\/\/e3mag.com\/wp-content\/uploads\/2026\/03\/banner_26-04_29_1200x150-1-720x90.jpg 720w, https:\/\/e3mag.com\/wp-content\/uploads\/2026\/03\/banner_26-04_29_1200x150-1-960x120.jpg 960w, https:\/\/e3mag.com\/wp-content\/uploads\/2026\/03\/banner_26-04_29_1200x150-1-1168x146.jpg 1168w, https:\/\/e3mag.com\/wp-content\/uploads\/2026\/03\/banner_26-04_29_1200x150-1-18x2.jpg 18w, https:\/\/e3mag.com\/wp-content\/uploads\/2026\/03\/banner_26-04_29_1200x150-1-600x75.jpg 600w\" sizes=\"(max-width: 1200px) 100vw, 1200px\" width=\"1200\" height=\"150\"  style=\" max-width: 100%; height: auto;\" \/><\/a><\/div><\/div>\n\n\n\n<p>Enslin verf\u00fcgt \u00fcber mehr als 30 Jahre Erfahrung in der Technologiebranche und war zuletzt als CEO von UiPath t\u00e4tig, wo er das Unternehmen zur Non-GAAP-Profitabilit\u00e4t f\u00fchrte, sowie die KI-Strategie des Unternehmens und die Expansion in neue M\u00e4rkte vorantrieb. Bevor er zu UiPath kam, war Enslin President of Cloud Sales bei Google Cloud, wo er die Vertriebsaktivit\u00e4ten des Unternehmens ausbaute und ein starkes Umsatzwachstum erzielte. Enslins umfangreiche Karriere umfasst auch 27 Jahre bei SAP, die in seiner Rolle als Pr\u00e4sident der Cloud Business Group und Mitglied des Vorstands gipfelte. Enslin verf\u00fcgt nicht nur \u00fcber umfassende Erfahrung im Unternehmensbereich, sondern auch \u00fcber eine ausgepr\u00e4gte internationale Ausrichtung, da er im Laufe seiner Karriere Positionen in S\u00fcdafrika, den USA, Deutschland und Japan innehatte.<\/p>\n\n\n\n<p>\u201eRob Enslin ist eine erstklassige F\u00fchrungspers\u00f6nlichkeit mit einer Erfolgsbilanz beim Aufbau leistungsstarker Go-to-Market-Teams, einem tiefgreifenden Verst\u00e4ndnis von Branchen- und Partner-\u00d6kosystemen und einzigartiger globaler Erfahrung. Das macht ihn zur idealen F\u00fchrungskraft, um die n\u00e4chste Wachstumsphase von Workday zu leiten\u201c, so Carl Eschenbach, CEO von Workday. \u201eWir sind zuversichtlich, dass seine Vision und sein Engagement f\u00fcr au\u00dfergew\u00f6hnliche Kundenerlebnisse ein noch gr\u00f6\u00dferes Potenzial f\u00fcr Workday und Unternehmen auf der ganzen Welt freisetzen werden.\u201c<\/p>\n\n\n\n\n\n\n\n<p><a href=\"https:\/\/www.workday.com\" target=\"_blank\" rel=\"noreferrer noopener\">workday.com<\/a><\/p>\n","protected":false},"excerpt":{"rendered":"<p>Langj\u00e4hriger SAP-Veteran, ehemaliger UiPath-CEO und Google-Cloud-Pr\u00e4sident leitet die globale Gesch\u00e4ftsstrategie von Workday f\u00fcr die n\u00e4chste Wachstumsphase des Unternehmens.<\/p>\n","protected":false},"author":2368,"featured_media":147766,"comment_status":"open","ping_status":"closed","sticky":false,"template":"","format":"standard","meta":{"_acf_changed":false,"pmpro_default_level":"","footnotes":""},"categories":[2],"tags":[],"coauthors":[39720],"class_list":["post-147764","post","type-post","status-publish","format-standard","has-post-thumbnail","hentry","category-sap-nachrichten","pmpro-has-access"],"acf":[],"featured_image_urls_v2":{"full":["https:\/\/e3mag.com\/wp-content\/uploads\/2024\/12\/personnel.jpg",1000,450,false],"thumbnail":["https:\/\/e3mag.com\/wp-content\/uploads\/2024\/12\/personnel-150x150.jpg",150,150,true],"medium":["https:\/\/e3mag.com\/wp-content\/uploads\/2024\/12\/personnel-400x180.jpg",400,180,true],"medium_large":["https:\/\/e3mag.com\/wp-content\/uploads\/2024\/12\/personnel-768x346.jpg",768,346,true],"large":["https:\/\/e3mag.com\/wp-content\/uploads\/2024\/12\/personnel.jpg",1000,450,false],"image-100":["https:\/\/e3mag.com\/wp-content\/uploads\/2024\/12\/personnel-100x45.jpg",100,45,true],"image-480":["https:\/\/e3mag.com\/wp-content\/uploads\/2024\/12\/personnel-480x216.jpg",480,216,true],"image-640":["https:\/\/e3mag.com\/wp-content\/uploads\/2024\/12\/personnel-640x288.jpg",640,288,true],"image-720":["https:\/\/e3mag.com\/wp-content\/uploads\/2024\/12\/personnel-720x324.jpg",720,324,true],"image-960":["https:\/\/e3mag.com\/wp-content\/uploads\/2024\/12\/personnel-960x432.jpg",960,432,true],"image-1168":["https:\/\/e3mag.com\/wp-content\/uploads\/2024\/12\/personnel.jpg",1000,450,false],"image-1440":["https:\/\/e3mag.com\/wp-content\/uploads\/2024\/12\/personnel.jpg",1000,450,false],"image-1920":["https:\/\/e3mag.com\/wp-content\/uploads\/2024\/12\/personnel.jpg",1000,450,false],"1536x1536":["https:\/\/e3mag.com\/wp-content\/uploads\/2024\/12\/personnel.jpg",1000,450,false],"2048x2048":["https:\/\/e3mag.com\/wp-content\/uploads\/2024\/12\/personnel.jpg",1000,450,false],"trp-custom-language-flag":["https:\/\/e3mag.com\/wp-content\/uploads\/2024\/12\/personnel-18x8.jpg",18,8,true],"bricks_large_16x9":["https:\/\/e3mag.com\/wp-content\/uploads\/2024\/12\/personnel.jpg",1000,450,false],"bricks_large":["https:\/\/e3mag.com\/wp-content\/uploads\/2024\/12\/personnel.jpg",1000,450,false],"bricks_large_square":["https:\/\/e3mag.com\/wp-content\/uploads\/2024\/12\/personnel.jpg",1000,450,false],"bricks_medium":["https:\/\/e3mag.com\/wp-content\/uploads\/2024\/12\/personnel-600x270.jpg",600,270,true],"bricks_medium_square":["https:\/\/e3mag.com\/wp-content\/uploads\/2024\/12\/personnel-600x450.jpg",600,450,true],"profile_24":["https:\/\/e3mag.com\/wp-content\/uploads\/2024\/12\/personnel-24x24.jpg",24,24,true],"profile_48":["https:\/\/e3mag.com\/wp-content\/uploads\/2024\/12\/personnel-48x48.jpg",48,48,true],"profile_96":["https:\/\/e3mag.com\/wp-content\/uploads\/2024\/12\/personnel-96x96.jpg",96,96,true],"profile_150":["https:\/\/e3mag.com\/wp-content\/uploads\/2024\/12\/personnel-150x150.jpg",150,150,true],"profile_300":["https:\/\/e3mag.com\/wp-content\/uploads\/2024\/12\/personnel-300x300.jpg",300,300,true]},"post_excerpt_stackable_v2":"<p>Langj\u00e4hriger SAP-Veteran, ehemaliger UiPath-CEO und Google-Cloud-Pr\u00e4sident leitet die globale Gesch\u00e4ftsstrategie von Workday f\u00fcr die n\u00e4chste Wachstumsphase des Unternehmens.<\/p>\n","category_list_v2":"<a href=\"https:\/\/e3mag.com\/de\/category\/sap-nachrichten\/\" rel=\"category tag\">Community Nachrichten<\/a>","author_info_v2":{"name":"E3-Magazin","url":"https:\/\/e3mag.com\/de\/author\/e3_magazin\/"},"comments_num_v2":"0 comments","_links":{"self":[{"href":"https:\/\/e3mag.com\/de\/wp-json\/wp\/v2\/posts\/147764","targetHints":{"allow":["GET"]}}],"collection":[{"href":"https:\/\/e3mag.com\/de\/wp-json\/wp\/v2\/posts"}],"about":[{"href":"https:\/\/e3mag.com\/de\/wp-json\/wp\/v2\/types\/post"}],"author":[{"embeddable":true,"href":"https:\/\/e3mag.com\/de\/wp-json\/wp\/v2\/users\/2368"}],"replies":[{"embeddable":true,"href":"https:\/\/e3mag.com\/de\/wp-json\/wp\/v2\/comments?post=147764"}],"version-history":[{"count":4,"href":"https:\/\/e3mag.com\/de\/wp-json\/wp\/v2\/posts\/147764\/revisions"}],"predecessor-version":[{"id":147872,"href":"https:\/\/e3mag.com\/de\/wp-json\/wp\/v2\/posts\/147764\/revisions\/147872"}],"wp:featuredmedia":[{"embeddable":true,"href":"https:\/\/e3mag.com\/de\/wp-json\/wp\/v2\/media\/147766"}],"wp:attachment":[{"href":"https:\/\/e3mag.com\/de\/wp-json\/wp\/v2\/media?parent=147764"}],"wp:term":[{"taxonomy":"category","embeddable":true,"href":"https:\/\/e3mag.com\/de\/wp-json\/wp\/v2\/categories?post=147764"},{"taxonomy":"post_tag","embeddable":true,"href":"https:\/\/e3mag.com\/de\/wp-json\/wp\/v2\/tags?post=147764"},{"taxonomy":"author","embeddable":true,"href":"https:\/\/e3mag.com\/de\/wp-json\/wp\/v2\/coauthors?post=147764"}],"curies":[{"name":"wp","href":"https:\/\/api.w.org\/{rel}","templated":true}]}}