{"id":146589,"date":"2024-10-24T10:24:33","date_gmt":"2024-10-24T08:24:33","guid":{"rendered":"http:\/\/e3mag.com\/?p=146589"},"modified":"2025-10-27T12:04:34","modified_gmt":"2025-10-27T11:04:34","slug":"sap-botschafter","status":"publish","type":"post","link":"https:\/\/e3mag.com\/de\/sap-botschafter\/","title":{"rendered":"SAP-Botschafter"},"content":{"rendered":"\n<p>Sp\u00e4testens seit der DSAG-2024-Key\u00adnote von Thomas Saueressig ist die neue SAP-Doppelspitze offiziell: Christian Klein und Thomas Saueressig. Ob diesem \u201eDreamteam\u201c ein \u00e4hnliches Schicksal wie den vorangegangenen Doppelspitzen beschert ist, bleibt vollkommen ungewiss und offen. Das E3-Magazin recherchiert seit einem Jahr im SAP-Zentrum Walldorf und in der SAP-Community, um parallel zum Ausscheiden von Professor Hasso Plattner aus dem Aufsichtsrat die Entwicklungen im SAP-Vorstand zu deuten.<\/p>\n\n\n\n<p>Das f\u00fcr viele \u00fcberraschende Ausscheiden der SAP-Vorst\u00e4nde Julia White und Scott Russell war f\u00fcr die E3-Redaktion lange vorhersehbar: Julia White war eine flei\u00dfige Marketingmanagerin, die neue Impulse und Verfahren in der Kundenansprache und Web-Administration inklusive CRM-Funktionen erfolgreich umsetzte. Aber sie delegierte diese notwendigen Aufgaben und Reparaturma\u00dfnahmen nicht an untergeordnete Abteilungen, sondern k\u00fcmmerte sich selbst um die operative Umsetzung \u2013 damit hatte sie Erfolg, verfehlte aber die strategische Funktion eines SAP-Vorstandsmitglieds. Die begabte Marketingmanagerin war nicht reif f\u00fcr eine Vorstandsposition und musste scheitern.<\/p><div class=\"great-fullsize-content-de great-entity-placement\" style=\"float: left;\" id=\"great-3859462511\"><div id=\"great-1322089867\" style=\"margin-bottom: 20px;\"><a data-no-instant=\"1\" href=\"https:\/\/www.youtube.com\/watch?v=6ZGXMPyM-nU\" rel=\"noopener\" class=\"a2t-link\" target=\"_blank\" aria-label=\"banner_26-04_29_1200x150\"><img loading=\"lazy\" decoding=\"async\" src=\"https:\/\/e3mag.com\/wp-content\/uploads\/2026\/03\/banner_26-04_29_1200x150-1.jpg\" alt=\"\"  srcset=\"https:\/\/e3mag.com\/wp-content\/uploads\/2026\/03\/banner_26-04_29_1200x150-1.jpg 1200w, https:\/\/e3mag.com\/wp-content\/uploads\/2026\/03\/banner_26-04_29_1200x150-1-400x50.jpg 400w, https:\/\/e3mag.com\/wp-content\/uploads\/2026\/03\/banner_26-04_29_1200x150-1-768x96.jpg 768w, https:\/\/e3mag.com\/wp-content\/uploads\/2026\/03\/banner_26-04_29_1200x150-1-100x13.jpg 100w, https:\/\/e3mag.com\/wp-content\/uploads\/2026\/03\/banner_26-04_29_1200x150-1-480x60.jpg 480w, https:\/\/e3mag.com\/wp-content\/uploads\/2026\/03\/banner_26-04_29_1200x150-1-640x80.jpg 640w, https:\/\/e3mag.com\/wp-content\/uploads\/2026\/03\/banner_26-04_29_1200x150-1-720x90.jpg 720w, https:\/\/e3mag.com\/wp-content\/uploads\/2026\/03\/banner_26-04_29_1200x150-1-960x120.jpg 960w, https:\/\/e3mag.com\/wp-content\/uploads\/2026\/03\/banner_26-04_29_1200x150-1-1168x146.jpg 1168w, https:\/\/e3mag.com\/wp-content\/uploads\/2026\/03\/banner_26-04_29_1200x150-1-18x2.jpg 18w, https:\/\/e3mag.com\/wp-content\/uploads\/2026\/03\/banner_26-04_29_1200x150-1-600x75.jpg 600w\" sizes=\"(max-width: 1200px) 100vw, 1200px\" width=\"1200\" height=\"150\"  style=\" max-width: 100%; height: auto;\" \/><\/a><\/div><\/div>\n\n\n\n<p>Es gab einen geheimen Aufsichtsratsplan, der vorsah, den Vorstandsvertrag von Julia White nicht zu verl\u00e4ngern und sie mit Ende 2023 zu verabschieden. Dann meldete \u00fcberraschend Personalvorst\u00e4ndin Sabine Bendiek ihren R\u00fcckzug aus dem SAP-Vorstand an und beim Aufsichtsrat schrillten die Alarmglocken: Wenn SAP in einem Jahr zwei weibliche Vorstandsmitglieder verliert, dann schimpft die Presse laut, dass SAP nicht mit Frauen kann (gemeint w\u00e4re damals wohl Hasso Plattner gewesen). Also durfte Julia White ein weiteres Jahr bleiben und um den Schein zu wahren, wurde sogar ihr Vertrag verl\u00e4ngert. Somit findet sie einen lukrativen Abschied von SAP und wird wohl in Nordamerika weiter Karriere machen.<\/p>\n\n\n\n<p>Auch die Katastrophe rund um Vertriebsvorstand Scott Russell hat sich f\u00fcr Insider bereits im Herbst 2023 abgezeichnet: Mit dem neuen SAP-Vorstandsmitglied Muhammad Alam und dem abgew\u00e4hlten Plattner-Nachfolger Punit Renjen sowie dem aus dem Hintergrund agierenden Thomas Saueressig begann der Personalumbau. Manager-Magazin-Autorin Christina Kyriasoglou fasste es in einem Bericht folgend zusammen: \u201eIm Aufsichtsrat habe sich die Sorge gemehrt, dass der Wechsel zur n\u00e4chsten Phase unter Russell zu langsam verlaufe. Mittelfristig k\u00f6nne sich das im Umsatz niederschlagen. Dass Russell seine Herangehensweise habe \u00e4ndern m\u00fcsse, sei ihm daher schon l\u00e4nger angetragen worden, hei\u00dft es aus Aufsichtsratskreisen. Nur offenbar vergebens. Bereits im Januar, als CEO Klein die Neuordnung des Konzerns pr\u00e4sentierte, war die wachsende Unzufriedenheit mit Russell erkennbar gewesen. Der Manager verlor die H\u00e4lfte seiner Organisation, das daraus entstandene neue Ressort wird seitdem vom fr\u00fcheren Produktvorstand Thomas Saueressig geleitet.\u201c Neuer Produktvorstand ist Muhammad Alam, dessen Inauguration noch in der Aufbauphase von Punit Renjen begann.<\/p>\n\n\n\n<div class=\"wp-block-stackable-image stk-block-image stk-block stk-8f5be02\" data-block-id=\"8f5be02\"><style>.stk-8f5be02 .stk-img-figcaption{text-align:center !important;}.stk-8f5be02 .stk-img-wrapper{width:70% !important;}<\/style><figure><span class=\"stk-img-wrapper stk-image--shape-stretch stk--has-lightbox\"><img loading=\"lazy\" decoding=\"async\" class=\"stk-img wp-image-146665\" src=\"https:\/\/e3mag.com\/wp-content\/uploads\/2024\/10\/SAP1126806_Saueressig_sylvianebrauer_23092024-3_cmyk.jpg\" width=\"909\" height=\"606\" srcset=\"https:\/\/e3mag.com\/wp-content\/uploads\/2024\/10\/SAP1126806_Saueressig_sylvianebrauer_23092024-3_cmyk.jpg 909w, https:\/\/e3mag.com\/wp-content\/uploads\/2024\/10\/SAP1126806_Saueressig_sylvianebrauer_23092024-3_cmyk-400x267.jpg 400w, https:\/\/e3mag.com\/wp-content\/uploads\/2024\/10\/SAP1126806_Saueressig_sylvianebrauer_23092024-3_cmyk-768x512.jpg 768w, https:\/\/e3mag.com\/wp-content\/uploads\/2024\/10\/SAP1126806_Saueressig_sylvianebrauer_23092024-3_cmyk-100x67.jpg 100w, https:\/\/e3mag.com\/wp-content\/uploads\/2024\/10\/SAP1126806_Saueressig_sylvianebrauer_23092024-3_cmyk-480x320.jpg 480w, https:\/\/e3mag.com\/wp-content\/uploads\/2024\/10\/SAP1126806_Saueressig_sylvianebrauer_23092024-3_cmyk-640x427.jpg 640w, https:\/\/e3mag.com\/wp-content\/uploads\/2024\/10\/SAP1126806_Saueressig_sylvianebrauer_23092024-3_cmyk-720x480.jpg 720w, https:\/\/e3mag.com\/wp-content\/uploads\/2024\/10\/SAP1126806_Saueressig_sylvianebrauer_23092024-3_cmyk-18x12.jpg 18w, https:\/\/e3mag.com\/wp-content\/uploads\/2024\/10\/SAP1126806_Saueressig_sylvianebrauer_23092024-3_cmyk-600x400.jpg 600w\" sizes=\"auto, (max-width: 909px) 100vw, 909px\" \/><\/span><figcaption class=\"stk-img-figcaption\">&#8220;Wir sind f\u00fcr unsere Kunden da. Mit unserem Milliarden- Investment in Sovereign-\u00adCloud-Angebote setzen wir ein klares Zeichen.&#8221;<br><strong>Thomas Saueressig<\/strong>, Mitglied des Vorstandes, Customer Services und Delivery, SAP<\/figcaption><\/figure><\/div>\n\n\n\n<h2 class=\"wp-block-heading\">Personalfluktuation<\/h2>\n\n\n\n<p>Anl\u00e4sslich der SAP-Hauptversammlung wurde der ehemalige Deloitte-Chef Punit Renjen in den Aufsichtsrat gew\u00e4hlt und sollte dort 2024 die Nachfolge von Aufsichtsratsvorsitzenden Hasso Plattner antreten. Renjen erwies sich als aktivistischer Aufsichtsrat, was sowohl der deutschen Compliance als auch den Vorstellungen mancher Aufsichtsr\u00e4te und Vorst\u00e4nde zuwiderlief. Die Einfl\u00fcsterer waren erfolgreich und Professor Hasso Plattner tauschte in sprichw\u00f6rtlich letzter Sekunde seinen designierten Nachfolger gegen einen langj\u00e4hrigen Freund aus. Auf der Hauptversammlung 2024 wurde Pekka Ala-Pietil\u00e4 zum Chefaufseher bei Deutschlands wertvollstem Konzern gew\u00e4hlt. Der Finne gilt als Technologe durch und durch.<\/p>\n\n\n\n<p>Somit gab es an vorderster Front von Aufsichtsrat und Vorstand viele Turbulenzen und Fluktuation, w\u00e4hrend im Hintergrund Thomas Saueressig ruhig und gelassen auf zahlreiche Chancen warten konnte \u2013 und diese kamen stetig und unaufgeregt: Zuletzt meisterte er sie mit Bravour.<br>Auf dem Jahreskongress der Deutschsprachigen SAP-Anwendergruppe (DSAG) trat Thomas Saueressig vor einem Jahr noch mit SAP-CEO Christian Klein gemeinsam auf. Beide hielten eine Keynote und spielten sich erfolgreich gegenseitig die B\u00e4lle zu. Nur wenige Monate sp\u00e4ter war aber Thomas Saueressig auf dem mindestens ebenso wichtigen Weltwirtschaftsforum in Davos bereits allein unterwegs und lieferte eine perfekte One-Man-Show. Dann kam zu Beginn 2024 die SAP-Reorganisation, erfunden und durchgef\u00fchrt wurde diese von Christian Klein mit der Zustimmung von Hasso Plattner. Damit bekam Thomas Saueressig ein universelles Vorstandsmandat: Er konnte seine Stellung mithilfe von Christian Klein ausbauen und bekam viel Personal und Verantwortung aus dem Vorstandsbereich von Scott Russell, der damals wahrscheinlich schon sp\u00fcrte, dass seine Tage bei SAP gez\u00e4hlt sind.<\/p>\n\n\n\n<p>Letztendlich fand Russell sehr schnell einen neuen Job als CEO bei Nice. Das b\u00f6rsennotierte Unternehmen hat sich auf Contact Center Software und k\u00fcnstliche Intelligenz spezialisiert. In den vergangenen 14 Jahren war Scott bei SAP t\u00e4tig, wo er den Bereich Customer Success einschlie\u00dflich des globalen Vertriebs, der Partner und des Kundenengagements leitete und f\u00fcr einen Umsatz von 31 Milliarden US-Dollar verantwortlich war, wobei er die Umstellung des Unternehmens auf Cloud-Ums\u00e4tze anf\u00fchrte.<\/p>\n\n\n\n<p>Die Reorganisation fand im unfreiwilligen Abgang von SAP-Technikvorstand J\u00fcrgen M\u00fcller eine \u00fcberraschende Fortsetzung. M\u00fcller, der HPI-Absolvent und BTP-Stratege, musste den ERP-Konzern verlassen. Somit gibt es im SAP-Vorstand eine neue Machtkonstellation.<br>Zu Beginn seiner Vorstandskarriere war Co-CEO Christian Klein ein guter Stratege. Er konnte die Stimmung und die Reaktionen des damaligen SAP-Aufsichtsratsvorsitzenden Professor Hasso Plattner gut einsch\u00e4tzen: Er wagte sich vor, intrigierte gegen seine Co-Vorstandskollegin Jennifer Morgan und war nach wenigen Monaten einer SAP-Doppelspitze der alleinige Chef von SAP. <\/p>\n\n\n\n<p>Ebenso klug versammelte er weitere Vorstandsmitglieder um sich, allen voran J\u00fcrgen M\u00fcller, der unter dem Schutzschirm von Hasso Plattner bei SAP eine sensationelle Karriere machte. Somit konnte Christian Klein nicht nur einen ungef\u00e4hrlichen und kaum erfahrenen Vorstandskollegen positionieren, sondern auch Professor Hasso Plattner einen Gefallen tun. Eine ebenso gl\u00fcckliche Hand hatte Christian Klein bei seinem Vorstandskollegen Thomas Saueressig, dieser erschien anfangs blass und still. Saueressig entwickelte aber sehr schnell seine Managementf\u00e4higkeiten. Er triumphierte auf dem Weltwirtschaftsforum in Davos und konnte bei SAP immer mehr strategische Felder erobern. Aktuell gilt Thomas Saueressig als wichtigstes und strategisch am besten positioniertes SAP-Vorstandsmitglied \u2013 das Potenzial einer neuen, vielleicht inoffiziellen, Doppelspitze er\u00f6ffnet sich.<\/p>\n\n\n\n<div class=\"wp-block-stackable-image stk-block-image stk-block stk-9fc3607\" data-block-id=\"9fc3607\"><style>.stk-9fc3607 .stk-img-wrapper{width:70% !important;}<\/style><figure><span class=\"stk-img-wrapper stk-image--shape-stretch stk--has-lightbox\"><img loading=\"lazy\" decoding=\"async\" class=\"stk-img wp-image-146599\" src=\"https:\/\/e3mag.com\/wp-content\/uploads\/2024\/10\/platzgummer_dez15_dltz_loriot-web.jpg\" width=\"652\" height=\"539\" srcset=\"https:\/\/e3mag.com\/wp-content\/uploads\/2024\/10\/platzgummer_dez15_dltz_loriot-web.jpg 652w, https:\/\/e3mag.com\/wp-content\/uploads\/2024\/10\/platzgummer_dez15_dltz_loriot-web-400x331.jpg 400w, https:\/\/e3mag.com\/wp-content\/uploads\/2024\/10\/platzgummer_dez15_dltz_loriot-web-100x83.jpg 100w, https:\/\/e3mag.com\/wp-content\/uploads\/2024\/10\/platzgummer_dez15_dltz_loriot-web-480x397.jpg 480w, https:\/\/e3mag.com\/wp-content\/uploads\/2024\/10\/platzgummer_dez15_dltz_loriot-web-640x529.jpg 640w, https:\/\/e3mag.com\/wp-content\/uploads\/2024\/10\/platzgummer_dez15_dltz_loriot-web-15x12.jpg 15w, https:\/\/e3mag.com\/wp-content\/uploads\/2024\/10\/platzgummer_dez15_dltz_loriot-web-600x496.jpg 600w\" sizes=\"auto, (max-width: 652px) 100vw, 652px\" \/><\/span><\/figure><\/div>\n\n\n\n<p>Die j\u00fcngere Geschichte des SAP-Vorstands \u00e4hnelt der Geschichte der drei Musketiere plus D\u2019Artagnan. Bei SAP waren es namentlich die drei Vorst\u00e4nde Christian Klein, Thomas Saueressig und J\u00fcrgen M\u00fcller sowie der ehemalige SAP-Finanzvorstand Luka Mucic. Lange Zeit schien es so, als ob diese Konstellation ein robustes Fundament und klare Aufgabenteilung besa\u00df. Finanzvorstand Mucic wollte mehr. Er vernachl\u00e4ssigte jedoch den SAP-Aktienkurs und verlor das Wohlwollen von Hasso Plattner. Mucic musste gehen.<\/p>\n\n\n\n<p>Thomas Saueressig wollte immer weniger einer unter vielen sein. Er entwickelte seine Managementf\u00e4higkeiten und sammelte immer mehr strategische SAP-Aufgaben um sich. W\u00e4hrend SAP-Chef Christian Klein immer mehr den ERP-Konzern hinreichend verwaltet und den Aktienkurs zu einem Allzeithoch f\u00fchrt, positioniert sich Thomas Saueressig als zuk\u00fcnftige SAP-Hoffnung. Aktuell scheint Saueressig das Gesicht der SAP zu sein, zumindest SAP-Botschafter in Davos und Leipzig.<\/p>\n\n\n\n<p>Das Innovator\u2019s Dilemma nannte Handelsblatt-Autor Christof Kerkmann die Anfang dieses Jahres durchgef\u00fchrten Ver\u00e4nderungen im SAP-Vorstand: \u201eEin neues Ressort \u00fcbernimmt seit Anfang April alle Aufgaben rund um die Kundenbetreuung, Customer Services und Delivery genannt. Knapp 30.000 Mitarbeiterinnen und Mitarbeiter wechseln in den neuen Bereich, viele aus dem Vertrieb \u2013 selbst f\u00fcr den Dax-Konzern ein organisatorischer Kraftakt. Das Ressort leitet Thomas Saueressig. Die Aufgabe sei, die Innovationen so schnell wie m\u00f6glich zum Kunden zu bringen. Die Hoffnung: Wenn die L\u00f6sung f\u00fcrs Finanzwesen erfolgreich l\u00e4uft, f\u00fchren die IT-Manager beispielsweise auch Ariba f\u00fcr die Beschaffung ein oder erweitern ihre SAP-Systeme \u00fcber die Business Technology.\u201c<\/p>\n\n\n\n<h2 class=\"wp-block-heading\">Der neue Boys Club<\/h2>\n\n\n\n<p>Der aktuelle SAP-Vorstand hat damit nach dem \u00fcberraschenden Abgang von Technikvorstand J\u00fcrgen M\u00fcller einen neuen Boys Club: Christian Klein, Thomas Saueressig und Finanzvorstand Dominik Asam. Alle arbeiten bestens miteinander und haben ein fundiertes Arbeits\u00fcbereinkommen gefunden. CEO Christian Klein und Dominik Asam verwalten den ERP-Konzern und pflegen den Aktienkurs, w\u00e4hrend Thomas Saueressig sich um die strategische Ausrichtung k\u00fcmmert.<\/p>\n\n\n\n<div class=\"wp-block-columns is-layout-flex wp-container-core-columns-is-layout-9d6595d7 wp-block-columns-is-layout-flex\">\n<div class=\"wp-block-column is-layout-flow wp-block-column-is-layout-flow\">\n<div class=\"wp-block-stackable-image stk-block-image stk-block stk-b97b0fe\" data-block-id=\"b97b0fe\"><style>.stk-b97b0fe .stk-img-wrapper img{object-position:53% 37% !important;}<\/style><figure><span class=\"stk-img-wrapper stk-image--shape-stretch stk--has-lightbox\"><img loading=\"lazy\" decoding=\"async\" class=\"stk-img wp-image-146660\" src=\"https:\/\/e3mag.com\/wp-content\/uploads\/2024\/10\/Zeichenflaeche-2-100.jpg\" width=\"300\" height=\"500\" srcset=\"https:\/\/e3mag.com\/wp-content\/uploads\/2024\/10\/Zeichenflaeche-2-100.jpg 300w, https:\/\/e3mag.com\/wp-content\/uploads\/2024\/10\/Zeichenflaeche-2-100-240x400.jpg 240w, https:\/\/e3mag.com\/wp-content\/uploads\/2024\/10\/Zeichenflaeche-2-100-100x167.jpg 100w, https:\/\/e3mag.com\/wp-content\/uploads\/2024\/10\/Zeichenflaeche-2-100-7x12.jpg 7w\" sizes=\"auto, (max-width: 300px) 100vw, 300px\" \/><\/span><figcaption class=\"stk-img-figcaption\">Christian Klein, aktueller SAP-CEO, \u00fcberl\u00e4sst seinem guten Freund Thomas Saueressig die \u00d6ffentlichkeitsarbeit der SAP. <\/figcaption><\/figure><\/div>\n<\/div>\n\n\n\n<div class=\"wp-block-column is-layout-flow wp-block-column-is-layout-flow\">\n<div class=\"wp-block-stackable-image stk-block-image stk-block stk-af6558f\" data-block-id=\"af6558f\"><style>.stk-af6558f .stk-img-figcaption{text-align:left !important;}.stk-af6558f .stk-img-wrapper img{object-position:53% 34% !important;}<\/style><figure><span class=\"stk-img-wrapper stk-image--shape-stretch stk--has-lightbox\"><img loading=\"lazy\" decoding=\"async\" class=\"stk-img wp-image-146672\" src=\"https:\/\/e3mag.com\/wp-content\/uploads\/2024\/10\/sap_juergen_mueller.jpg\" width=\"300\" height=\"500\" srcset=\"https:\/\/e3mag.com\/wp-content\/uploads\/2024\/10\/sap_juergen_mueller.jpg 300w, https:\/\/e3mag.com\/wp-content\/uploads\/2024\/10\/sap_juergen_mueller-240x400.jpg 240w, https:\/\/e3mag.com\/wp-content\/uploads\/2024\/10\/sap_juergen_mueller-100x167.jpg 100w, https:\/\/e3mag.com\/wp-content\/uploads\/2024\/10\/sap_juergen_mueller-7x12.jpg 7w\" sizes=\"auto, (max-width: 300px) 100vw, 300px\" \/><\/span><figcaption class=\"stk-img-figcaption\">J\u00fcrgen M\u00fcller, Ex-SAP-Technikvorstand, geh\u00f6rte einst zum ersten Boys Club, bestehend aus Christian Klein und Thomas Saueressig.<\/figcaption><\/figure><\/div>\n<\/div>\n\n\n\n<div class=\"wp-block-column is-layout-flow wp-block-column-is-layout-flow\">\n<div class=\"wp-block-stackable-image stk-block-image stk-block stk-e43c615\" data-block-id=\"e43c615\"><style>.stk-e43c615 .stk-img-figcaption{text-align:left !important;}.stk-e43c615 .stk-img-wrapper img{object-position:47% 36% !important;}<\/style><figure><span class=\"stk-img-wrapper stk-image--shape-stretch stk--has-lightbox\"><img loading=\"lazy\" decoding=\"async\" class=\"stk-img wp-image-146670\" src=\"https:\/\/e3mag.com\/wp-content\/uploads\/2024\/10\/hasso_plattner_300x100.jpg\" width=\"300\" height=\"500\" srcset=\"https:\/\/e3mag.com\/wp-content\/uploads\/2024\/10\/hasso_plattner_300x100.jpg 300w, https:\/\/e3mag.com\/wp-content\/uploads\/2024\/10\/hasso_plattner_300x100-240x400.jpg 240w, https:\/\/e3mag.com\/wp-content\/uploads\/2024\/10\/hasso_plattner_300x100-100x167.jpg 100w, https:\/\/e3mag.com\/wp-content\/uploads\/2024\/10\/hasso_plattner_300x100-7x12.jpg 7w\" sizes=\"auto, (max-width: 300px) 100vw, 300px\" \/><\/span><figcaption class=\"stk-img-figcaption\">Hasso Plattner, Techpionier, SAP-Mitgr\u00fcnder, Vorstands- und Aufsichtsratsvorsitzender, Milliard\u00e4r und nun im verdienten Ruhestand.<\/figcaption><\/figure><\/div>\n<\/div>\n<\/div>\n\n\n\n<p>Damit erscheint auch offensichtlich, dass schon bald Thomas Saueressig nach dem Abgang von J\u00fcrgen M\u00fcller das SAP-Steuer von Christian Klein \u00fcbernehmen k\u00f6nnte. Wenn die SAP-Metamorphose und der Restart abgeschlossen sind, dann braucht SAP wahrscheinlich einen neuen Vorstandsvorsitzenden oder eine runderneuerte Doppelspitze. Die erste Doppelspitze bei SAP war eine Verlegenheitsl\u00f6sung von Professor Hasso Plattner. SAP-Ex-CEO Professor Henning Kagermann wollte Technikvorstand Shai Agassi nicht als seinen Nachfolger sehen. Agassi war eine Erfindung von Plattner, aber hierbei beugte sich der Agassi-Mentor dem Wunsch von Kagermann. Die L\u00f6sung: Vertriebsvorstand L\u00e9o Apotheker sollte f\u00fcr eine \u00dcbergangszeit gemeinsam mit Henning Kagermann den ERP-Weltkonzern f\u00fchren. Shai Agassi verlie\u00df daraufhin SAP relativ kurzfristig. Kagermann ging als Berater f\u00fcr Angela Merkel nach Berlin und L\u00e9o Apotheker wurde f\u00fcr kurze Zeit SAP-CEO. Danach war er f\u00fcr noch k\u00fcrzere Zeit CEO von Hewlett Packard Enterprise.<\/p>\n\n\n\n<p>Die n\u00e4chste Doppelspitze war erfolgreicher: Jim Hagemann Snabe und Bill McDermott f\u00fchrten gemeinsam den ERP-Weltmarktf\u00fchrer ins Cloud-Zeitalter. Die SAP-Erfolge ermutigten McDermott, das Ruder allein zu \u00fcbernehmen. Snabe als \u00adloyaler und konzilianter Europ\u00e4er verlie\u00df SAP und wurde in der Folge Aufsichtsratsvorsitzender bei Siemens in M\u00fcnchen. Bill McDermott kaufte eine Cloud-Firma nach der anderen und verlie\u00df dann auch SAP am H\u00f6hepunkt eines Cloud-Chaos.<\/p>\n\n\n\n<p>Die folgende Doppelspitze aus Jennifer Morgan und Christian Klein hatte die ehrenvolle Aufgabe, das zusammengekaufte Cloud-Konglomerat zu entwirren, aber es gab Streit bez\u00fcglich der richtigen Strategie. Klein hatte die bessere Beziehung zu Hasso Plattner und wurde CEO. Schnell holte er sich in Form von J\u00fcrgen M\u00fcller und Thomas Saueressig passende Unterst\u00fctzung, w\u00e4hrend SAP-Aufsichtsratsvorsitzender Professor Hasso Plattner alles wohlwollend \u00fcberwachte.<\/p>\n\n\n\n<p>Unabh\u00e4ngig von der Fluktuation im SAP-Vorstand nahm dieses Jahr Plattner seinen endg\u00fcltigen Abschied von der Firma, die er vor \u00fcber f\u00fcnfzig Jahren mit vier Kollegen gr\u00fcndete. Es ist f\u00fcr SAP eine Zeitenwende und bedeutet auch f\u00fcr Christian Klein ein neues Freiheitsgef\u00fchl. Gemeinsam mit dem neuen SAP-Finanzvorstand Dominik Asam gelang ihm eine einzigartige Meisterleistung: In einer schwierigen Transformation brachte er den SAP-Aktienkurs auf ein Allzeithoch. Als SAP-Dirigent und -Kurspfleger genie\u00dft Christian Klein viel Anerkennung und Respekt. Nach Bill McDermott hat Christian Klein den ERP-Weltkonzern konsolidiert und harmonisiert. Nach au\u00dfen repr\u00e4sentiert wird SAP aber aktuell von Thomas Saueressig, sodass zu Recht von einer neuen Doppelspitze geredet wird.<\/p>\n\n\n\n<p>Ein H\u00f6hepunkt der inoffiziellen SAP-Doppelspitze war der Oktober 2024, als Christian Klein gemeinsam mit SAP-Finanzvorstand Dominik Asam den eigenen Aktienkurs deutlich \u00fcber 200 Euro brachte und gleichzeitig Thomas Saueressig den ERP-Weltmarktf\u00fchrer vor den \u00fcber 5000 Delegierten des Jahreskongresses der Deutschsprachigen SAP-Anwendergruppe pr\u00e4sentierte. Eine neue Doppelspitze, in der Christian Klein offensichtlich f\u00fcr die inneren Werte und Thomas Saueressig f\u00fcr die externe Pr\u00e4sentation verantwortlich ist.<\/p>\n\n\n\n<p>Beim Blick auf SAP ist zu erkennen, dass das Unternehmen aktiv daran arbeitet, das KI-L\u00f6sungs-Portfolio an die tiefgreifenden Ver\u00e4nderungen in Wirtschaft, Staat und Gesellschaft anzupassen. Die von Saueressig in Leipzig am DSAG-Jahreskongress vorgestellte Roadmap beinhaltet bereits die schrittweise Integration von KI-Funktionen in Gesch\u00e4ftsprozesse unter der Bezeichnung SAP Business AI. Dass die Konzentration dabei prim\u00e4r auf der Cloud liegt, bot allerdings Stoff f\u00fcr angeregte Diskussionen zwischen DSAG-Chef Jens Hungershausen und SAP-Vorstand Thomas Saueressig<br>\u00fcber die Anbindung bzw. Nutzung der entsprechenden Ergebnisse auch in den On-prem-Systemen.<\/p>\n\n\n\n<p>Der Generative AI Hub der Business Technology Platform (SAP BTP) \u2013 ein weiteres Lieblingsthema und Verantwortungsbereich von Thomas Saueressig \u2013 erm\u00f6glicht den Zugriff auf gro\u00dfe Sprachmodelle wie z. B. von Amazon Web Services (AWS), Google oder Microsoft. Die fortschrittlichen Algorithmen und KI-Modelle k\u00f6nnen von den Partnern kommen, w\u00e4hrend SAP weiterhin die unternehmensspezifischen Gesch\u00e4ftsdaten beisteuert. Bis zu einhundert Use-Cases f\u00fcr k\u00fcnstliche Intelligenz hat Saueressig auf dem DSAG-Kongress bis Ende 2024 angek\u00fcndigt. \u201eEs wird spannend sein zu beobachten, inwieweit diese Ank\u00fcndigung realisiert werden kann. Braucht es doch einen klaren Mehrwert in Form von tragf\u00e4higen Business-Cases f\u00fcr jeden dieser Anwendungsf\u00e4lle. Wir sind mit SAP hierzu in sehr engem Austausch\u201c, so DSAG-Chef Jens Hungershausen.<\/p>\n\n\n\n<div class=\"wp-block-stackable-image stk-block-image stk-block stk-ed84c0c\" data-block-id=\"ed84c0c\"><style>.stk-ed84c0c .stk-img-figcaption{text-align:center !important;}.stk-ed84c0c .stk-img-wrapper{width:70% !important;}<\/style><figure><span class=\"stk-img-wrapper stk-image--shape-stretch stk--has-lightbox\"><img loading=\"lazy\" decoding=\"async\" class=\"stk-img wp-image-146668\" src=\"https:\/\/e3mag.com\/wp-content\/uploads\/2024\/10\/Saueressig_Faerbinger.jpg\" width=\"1106\" height=\"829\" srcset=\"https:\/\/e3mag.com\/wp-content\/uploads\/2024\/10\/Saueressig_Faerbinger.jpg 1106w, https:\/\/e3mag.com\/wp-content\/uploads\/2024\/10\/Saueressig_Faerbinger-400x300.jpg 400w, https:\/\/e3mag.com\/wp-content\/uploads\/2024\/10\/Saueressig_Faerbinger-768x576.jpg 768w, https:\/\/e3mag.com\/wp-content\/uploads\/2024\/10\/Saueressig_Faerbinger-100x75.jpg 100w, https:\/\/e3mag.com\/wp-content\/uploads\/2024\/10\/Saueressig_Faerbinger-480x360.jpg 480w, https:\/\/e3mag.com\/wp-content\/uploads\/2024\/10\/Saueressig_Faerbinger-640x480.jpg 640w, https:\/\/e3mag.com\/wp-content\/uploads\/2024\/10\/Saueressig_Faerbinger-720x540.jpg 720w, https:\/\/e3mag.com\/wp-content\/uploads\/2024\/10\/Saueressig_Faerbinger-960x720.jpg 960w, https:\/\/e3mag.com\/wp-content\/uploads\/2024\/10\/Saueressig_Faerbinger-16x12.jpg 16w, https:\/\/e3mag.com\/wp-content\/uploads\/2024\/10\/Saueressig_Faerbinger-600x450.jpg 600w\" sizes=\"auto, (max-width: 1106px) 100vw, 1106px\" \/><\/span><figcaption class=\"stk-img-figcaption\">Thomas Saueressig in seiner Rolle als SAP-Botschafter und inoffizielle H\u00e4lfte der neuen SAP-Doppelspitze im Gespr\u00e4ch <br>mit E3-Chefredakteur Peter F\u00e4rbinger auf der DSAG-Pressekonferenz in Leipzig.<\/figcaption><\/figure><\/div>\n\n\n\n<h2 class=\"wp-block-heading\">KI- und Cloud-Visionen<\/h2>\n\n\n\n<p>Als Fazit l\u00e4sst sich festhalten: Die bereits vorhandenen als auch geplanten M\u00f6glichkeiten, KI zu nutzen, m\u00fcssen von SAP noch transparenter vermittelt werden. Referenz\u00adarchitekturen, Best-Practice-Guides und Standards f\u00fcr Integrationsszenarien und -technologien inklusive einheitlicher Regelungen zur Integration von KI-Modellen in SAP-Applikationen und der Datennutzung m\u00fcssen dementsprechend entwickelt und verf\u00fcgbar gemacht werden. Klar ist zudem: Bei allen aufkommenden M\u00f6glichkeiten und der damit verbundenen Euphorie wird die menschliche Intelligenz weiter ein zentraler Faktor sein, im Zusammenspiel von KI-Modellen. Jens Hungershausen fasste gegen\u00fcber Thomas Saueressig zusammen: \u201eDie digitale Transformation passiert und Anwenderunternehmen, SAP und Partner m\u00fcssen sich damit auseinandersetzen. Das Feld ist bereitet, vieles ist bereits m\u00f6glich und vieles im Entstehen. Es liegt an uns, Transformation erfolgreich zu gestalten.\u201c<\/p>\n\n\n\n<p>Die Unternehmen ben\u00f6tigen eindeutige Antworten, z. B. wie sie den Mehrwert von Cloud-L\u00f6sungen nutzen k\u00f6nnen, oder zur Flexibilit\u00e4t des Betriebsmodells. Thomas Saueressig braucht als verantwortliches SAP-Vorstandsmitglied f\u00fcr Customer Services und Delivery klare Perspektiven, vor allem f\u00fcr Produkte, die bis 2027 auslaufen. Neue L\u00f6sungen, auf die dann gegebenenfalls migriert werden soll, m\u00fcssen dann entsprechend ausgereift sein. Was f\u00fcr die S\/4-Private-Cloud gilt, muss auch f\u00fcr S\/4-On-prem mit identischem Leistungsumfang verf\u00fcgbar sein, ist eine Forderung gegen\u00fcber Saueressig. On-prem-Kunden d\u00fcrfen durch Innovationen exklusiv f\u00fcr die Cloud-Produkte nicht benachteiligt werden, so DSAG-Vorstand Jens Hungershausen. Bereits vorhandene als auch geplante M\u00f6glichkeiten, KI zu nutzen, m\u00fcssen noch transparenter vermittelt werden. Thomas Saueressig wurde in Leipzig somit mit vielen W\u00fcnschen bez\u00fcglich optimaler SAP-Kundenbetreuung konfrontiert.<\/p>\n\n\n\n<p>Ein weiterer H\u00f6hepunkt des SAP-Botschafters Saueressig auf dem DSAG-Jahreskongress 2024 war die Ank\u00fcndigung einer Partnerschaft mit der IT- und Digitalsparte der Schwarz-Gruppe: Schwarz Digits und SAP, Europas gr\u00f6\u00dftes Softwareunternehmen, haben auf dem wichtigsten Treffpunkt f\u00fcr SAP-Anwenderunternehmen im deutschsprachigen Raum ihre Partnerschaft im Bereich Cloud verk\u00fcndet. Schwarz Digits wird Rise with SAP \u00fcber seine datensouver\u00e4ne Cloud-L\u00f6sung StackIT auf der eigenen Infrastruktur anbieten.<\/p>\n\n\n\n<figure class=\"wp-block-image size-large\"><img loading=\"lazy\" decoding=\"async\" width=\"1200\" height=\"490\" src=\"https:\/\/e3mag.com\/wp-content\/uploads\/2024\/10\/ALEPHALPHA-PM-0611.2023-001_cmyk-1200x490.jpg\" alt=\"\" class=\"wp-image-157250\" srcset=\"https:\/\/e3mag.com\/wp-content\/uploads\/2024\/10\/ALEPHALPHA-PM-0611.2023-001_cmyk-1200x490.jpg 1200w, https:\/\/e3mag.com\/wp-content\/uploads\/2024\/10\/ALEPHALPHA-PM-0611.2023-001_cmyk-400x163.jpg 400w, https:\/\/e3mag.com\/wp-content\/uploads\/2024\/10\/ALEPHALPHA-PM-0611.2023-001_cmyk-768x313.jpg 768w, https:\/\/e3mag.com\/wp-content\/uploads\/2024\/10\/ALEPHALPHA-PM-0611.2023-001_cmyk-100x41.jpg 100w, https:\/\/e3mag.com\/wp-content\/uploads\/2024\/10\/ALEPHALPHA-PM-0611.2023-001_cmyk-480x196.jpg 480w, https:\/\/e3mag.com\/wp-content\/uploads\/2024\/10\/ALEPHALPHA-PM-0611.2023-001_cmyk-640x261.jpg 640w, https:\/\/e3mag.com\/wp-content\/uploads\/2024\/10\/ALEPHALPHA-PM-0611.2023-001_cmyk-720x294.jpg 720w, https:\/\/e3mag.com\/wp-content\/uploads\/2024\/10\/ALEPHALPHA-PM-0611.2023-001_cmyk-960x392.jpg 960w, https:\/\/e3mag.com\/wp-content\/uploads\/2024\/10\/ALEPHALPHA-PM-0611.2023-001_cmyk-1168x477.jpg 1168w, https:\/\/e3mag.com\/wp-content\/uploads\/2024\/10\/ALEPHALPHA-PM-0611.2023-001_cmyk-1440x588.jpg 1440w, https:\/\/e3mag.com\/wp-content\/uploads\/2024\/10\/ALEPHALPHA-PM-0611.2023-001_cmyk-scaled.jpg 1920w, https:\/\/e3mag.com\/wp-content\/uploads\/2024\/10\/ALEPHALPHA-PM-0611.2023-001_cmyk-1536x627.jpg 1536w, https:\/\/e3mag.com\/wp-content\/uploads\/2024\/10\/ALEPHALPHA-PM-0611.2023-001_cmyk-2048x836.jpg 2048w, https:\/\/e3mag.com\/wp-content\/uploads\/2024\/10\/ALEPHALPHA-PM-0611.2023-001_cmyk-18x7.jpg 18w, https:\/\/e3mag.com\/wp-content\/uploads\/2024\/10\/ALEPHALPHA-PM-0611.2023-001_cmyk-600x245.jpg 600w\" sizes=\"auto, (max-width: 1200px) 100vw, 1200px\" \/><\/figure>\n\n\n\n<p><em>V. l.: Utz-Uwe Haus (Head of HPE HPC\/AI EMEA Research Lab), Harald Christ (Chairman Christ und Company), Thomas Saueressig (SAP-Vorstand), Tanja R\u00fcckert (Chief Digital Officer bei Robert Bosch), Robert Habeck (Bundeswirtschaftsminister und Vizekanzler), Jonas Andrulis (CEO und Gr\u00fcnder Aleph Alpha), Rolf Schumann (Co-CEO Schwarz Digits), Florian Stegmann (Chef der Staatskanzlei), Quelle: Mark Bollhorst.<\/em><\/p>\n\n\n\n<p>Bestandskunden von SAP bekommen zudem die M\u00f6glichkeit, ihre S\/4-Umgebung auf der datensouver\u00e4nen StackIT-\u00adCloud zu betreiben. Zus\u00e4tzlich werden die Unternehmen der Schwarz-Gruppe ihre ERP-Landschaft \u00fcber Rise with SAP komplett in die StackIT-Cloud verlagern. Bereits 2023 verk\u00fcndeten SAP und die Unternehmen der Schwarz-Gruppe auf der Sapphire in Orlando ihre Partnerschaft sowohl zum Schutz der IT-Infrastruktur von SAP als auch dem Schutz der kundenspezifischen Cloud-Services und Rise mit XM Cyber. Mit der Cybersecurity-Plattform von XM Cyber sehen Unternehmen ihre IT-Systeme durch die Augen potenzieller Angreifer, und das automatisiert 24 Stunden am Tag.<\/p>\n\n\n\n<p>\u201eSowohl privatwirtschaftliche Unternehmen als auch Organisationen der \u00f6ffentlichen Hand erkennen zunehmend, wie wichtig es ist, sich im Rahmen der digitalen Transformation souver\u00e4n und sicher aufzustellen. Dabei stehen sie vor der Herausforderung, einen passenden Partner zu finden, der nicht nur die gesetzlichen Vorgaben erf\u00fcllt, sondern dar\u00fcber hinaus eine Vision f\u00fcr wirkliche Souver\u00e4nit\u00e4t hat\u201c, erkl\u00e4rt Rolf Schumann, Co-CEO Schwarz Digits. \u201eMit SAP k\u00f6nnen wir unsere Vision von digitaler Souver\u00e4nit\u00e4t, die wir in unserem aktuellen Whitepaper definierten, in konkrete L\u00f6sungen \u00fcbersetzen.\u201c<\/p>\n\n\n\n<p>Christian M\u00fcller, Co-CEO Schwarz Digits, erg\u00e4nzt: \u201eERP-Anwendungen und -Systeme sind f\u00fcr die Abwicklung von Kernprozessen nicht mehr wegzudenken, beispielsweise in den Bereichen Finanzen, Fertigung, Personalwesen, Logistik oder Beschaffung. In diesen gesch\u00e4ftskritischen Prozessen m\u00fcssen Unternehmen ohne Kompromisse die Hoheit \u00fcber die eigenen Daten behalten und d\u00fcrfen nicht in Abh\u00e4ngigkeit zu internationalen Gro\u00dfkonzernen geraten, deren Verst\u00e4ndnis von Datenschutz sich von dem in Europa unterscheidet.\u201c SAP-Vorstandsmitglied Thomas Saueressig: \u201eWir freuen uns, dass Rise-\u00adwith-\u00adSAP-Kunden k\u00fcnftig die Wahl haben, ihre ERP-Systeme auf der StackIT-Cloud zu betreiben. Mit Schwarz Digits haben wir einen starken Infrastruktur-Partner gewonnen, der unser Services-Angebot in der Private Cloud bereichert.\u201c<\/p>\n\n\n\n<p>Bereits Ende 2023 wurde im Zusammenhang mit dem deutschen KI-Unternehmen Aleph Alpha eine Partnerschaft zwischen Schwarz Digits und SAP geboren, siehe Gr\u00fcndungsfoto mit Thomas Saueressig und Rolf Schumann. Nun wurde diese Kooperation um Rise erweitert. Rise with SAP bietet Unternehmen eine ganzheitliche Unternehmenstransformation. Es umfasst ein KI-f\u00e4higes Cloud ERP, das von SAP verwaltet und optimiert wird, sowie Services und Tools, die auf dem Clean-Core-Ansatz von SAP basieren. So k\u00f6nnen On-prem-Systeme migriert, Gesch\u00e4ftsprozesse transformiert, Innovationen bestm\u00f6glich genutzt und Komplexit\u00e4t reduziert werden. Damit warten auf den SAP-Vorstandsbereich Customer Services und Delivery von Thomas Saueressig in den kommenden Jahren zahlreiche Herausforderungen, die wahrscheinlich nur von einer Doppelspitze hinreichend gel\u00f6st werden k\u00f6nnen.<\/p>\n\n\n\n<div class=\"wp-block-stackable-image stk-block-image stk-block stk-314447e\" data-block-id=\"314447e\"><style>.stk-314447e .stk-img-figcaption{text-align:center !important;}.stk-314447e .stk-img-wrapper{width:70% !important;}<\/style><figure><span class=\"stk-img-wrapper stk-image--shape-stretch stk--has-lightbox\"><img loading=\"lazy\" decoding=\"async\" class=\"stk-img wp-image-146598\" src=\"https:\/\/e3mag.com\/wp-content\/uploads\/2024\/10\/platzgummer_apr12_dltz_.jpg\" width=\"842\" height=\"595\" srcset=\"https:\/\/e3mag.com\/wp-content\/uploads\/2024\/10\/platzgummer_apr12_dltz_.jpg 842w, https:\/\/e3mag.com\/wp-content\/uploads\/2024\/10\/platzgummer_apr12_dltz_-400x283.jpg 400w, https:\/\/e3mag.com\/wp-content\/uploads\/2024\/10\/platzgummer_apr12_dltz_-768x543.jpg 768w, https:\/\/e3mag.com\/wp-content\/uploads\/2024\/10\/platzgummer_apr12_dltz_-100x71.jpg 100w, https:\/\/e3mag.com\/wp-content\/uploads\/2024\/10\/platzgummer_apr12_dltz_-480x339.jpg 480w, https:\/\/e3mag.com\/wp-content\/uploads\/2024\/10\/platzgummer_apr12_dltz_-640x452.jpg 640w, https:\/\/e3mag.com\/wp-content\/uploads\/2024\/10\/platzgummer_apr12_dltz_-720x509.jpg 720w, https:\/\/e3mag.com\/wp-content\/uploads\/2024\/10\/platzgummer_apr12_dltz_-18x12.jpg 18w, https:\/\/e3mag.com\/wp-content\/uploads\/2024\/10\/platzgummer_apr12_dltz_-600x424.jpg 600w\" sizes=\"auto, (max-width: 842px) 100vw, 842px\" \/><\/span><figcaption class=\"stk-img-figcaption\">Die Doppelspitze Bill McDermott und Jim Hagemann Snabe hat die Cloud-Revolution bei SAP initiiert. Sp\u00e4ter sollte die Doppelspitze Jennifer Morgan und Christian Klein aufr\u00e4umen, aber Klein agierte lieber allein \u2013 aktuell in enger Partnerschaft (Doppelspitze) mit Thomas Saueressig.<\/figcaption><\/figure><\/div>\n\n\n\n<p><a href=\"https:\/\/www.sap.com\/index.html\" target=\"_blank\" rel=\"noreferrer noopener\">sap.com<\/a><\/p>\n","protected":false},"excerpt":{"rendered":"<p>Die \u00fcber f\u00fcnfzigj\u00e4hrige Geschichte der SAP ist voll von Wechseln an der Spitze des Vorstands und sogenannten Doppelspitzen. Immer wurde die duale L\u00f6sung durch Professor Hasso Plattner eingesetzt. Diesmal aber, nach dem Ausscheiden des Langzeit- Aufsichtsratsvorsitzenden Plattner, ergab sich die neue SAP-Doppelspitze evolution\u00e4r, fast von selbst und in maximaler Harmonie. <\/p>\n","protected":false},"author":2,"featured_media":146614,"comment_status":"open","ping_status":"closed","sticky":false,"template":"","format":"standard","meta":{"_acf_changed":false,"pmpro_default_level":"","footnotes":""},"categories":[44039,44040],"tags":[],"coauthors":[27825],"class_list":["post-146589","post","type-post","status-publish","format-standard","has-post-thumbnail","hentry","category-coverstory-24-11","category-mag-24-11","pmpro-has-access"],"acf":[],"featured_image_urls_v2":{"full":["https:\/\/e3mag.com\/wp-content\/uploads\/2024\/10\/Saueressig_sylvianebrauer_23092024-75.jpg",1000,450,false],"thumbnail":["https:\/\/e3mag.com\/wp-content\/uploads\/2024\/10\/Saueressig_sylvianebrauer_23092024-75-150x150.jpg",150,150,true],"medium":["https:\/\/e3mag.com\/wp-content\/uploads\/2024\/10\/Saueressig_sylvianebrauer_23092024-75-400x180.jpg",400,180,true],"medium_large":["https:\/\/e3mag.com\/wp-content\/uploads\/2024\/10\/Saueressig_sylvianebrauer_23092024-75-768x346.jpg",768,346,true],"large":["https:\/\/e3mag.com\/wp-content\/uploads\/2024\/10\/Saueressig_sylvianebrauer_23092024-75.jpg",1000,450,false],"image-100":["https:\/\/e3mag.com\/wp-content\/uploads\/2024\/10\/Saueressig_sylvianebrauer_23092024-75-100x45.jpg",100,45,true],"image-480":["https:\/\/e3mag.com\/wp-content\/uploads\/2024\/10\/Saueressig_sylvianebrauer_23092024-75-480x216.jpg",480,216,true],"image-640":["https:\/\/e3mag.com\/wp-content\/uploads\/2024\/10\/Saueressig_sylvianebrauer_23092024-75-640x288.jpg",640,288,true],"image-720":["https:\/\/e3mag.com\/wp-content\/uploads\/2024\/10\/Saueressig_sylvianebrauer_23092024-75-720x324.jpg",720,324,true],"image-960":["https:\/\/e3mag.com\/wp-content\/uploads\/2024\/10\/Saueressig_sylvianebrauer_23092024-75-960x432.jpg",960,432,true],"image-1168":["https:\/\/e3mag.com\/wp-content\/uploads\/2024\/10\/Saueressig_sylvianebrauer_23092024-75.jpg",1000,450,false],"image-1440":["https:\/\/e3mag.com\/wp-content\/uploads\/2024\/10\/Saueressig_sylvianebrauer_23092024-75.jpg",1000,450,false],"image-1920":["https:\/\/e3mag.com\/wp-content\/uploads\/2024\/10\/Saueressig_sylvianebrauer_23092024-75.jpg",1000,450,false],"1536x1536":["https:\/\/e3mag.com\/wp-content\/uploads\/2024\/10\/Saueressig_sylvianebrauer_23092024-75.jpg",1000,450,false],"2048x2048":["https:\/\/e3mag.com\/wp-content\/uploads\/2024\/10\/Saueressig_sylvianebrauer_23092024-75.jpg",1000,450,false],"trp-custom-language-flag":["https:\/\/e3mag.com\/wp-content\/uploads\/2024\/10\/Saueressig_sylvianebrauer_23092024-75-18x8.jpg",18,8,true],"bricks_large_16x9":["https:\/\/e3mag.com\/wp-content\/uploads\/2024\/10\/Saueressig_sylvianebrauer_23092024-75.jpg",1000,450,false],"bricks_large":["https:\/\/e3mag.com\/wp-content\/uploads\/2024\/10\/Saueressig_sylvianebrauer_23092024-75.jpg",1000,450,false],"bricks_large_square":["https:\/\/e3mag.com\/wp-content\/uploads\/2024\/10\/Saueressig_sylvianebrauer_23092024-75.jpg",1000,450,false],"bricks_medium":["https:\/\/e3mag.com\/wp-content\/uploads\/2024\/10\/Saueressig_sylvianebrauer_23092024-75-600x270.jpg",600,270,true],"bricks_medium_square":["https:\/\/e3mag.com\/wp-content\/uploads\/2024\/10\/Saueressig_sylvianebrauer_23092024-75-600x450.jpg",600,450,true],"profile_24":["https:\/\/e3mag.com\/wp-content\/uploads\/2024\/10\/Saueressig_sylvianebrauer_23092024-75-24x24.jpg",24,24,true],"profile_48":["https:\/\/e3mag.com\/wp-content\/uploads\/2024\/10\/Saueressig_sylvianebrauer_23092024-75-48x48.jpg",48,48,true],"profile_96":["https:\/\/e3mag.com\/wp-content\/uploads\/2024\/10\/Saueressig_sylvianebrauer_23092024-75-96x96.jpg",96,96,true],"profile_150":["https:\/\/e3mag.com\/wp-content\/uploads\/2024\/10\/Saueressig_sylvianebrauer_23092024-75-150x150.jpg",150,150,true],"profile_300":["https:\/\/e3mag.com\/wp-content\/uploads\/2024\/10\/Saueressig_sylvianebrauer_23092024-75-300x300.jpg",300,300,true]},"post_excerpt_stackable_v2":"<p>Die \u00fcber f\u00fcnfzigj\u00e4hrige Geschichte der SAP ist voll von Wechseln an der Spitze des Vorstands und sogenannten Doppelspitzen. Immer wurde die duale L\u00f6sung durch Professor Hasso Plattner eingesetzt. Diesmal aber, nach dem Ausscheiden des Langzeit- Aufsichtsratsvorsitzenden Plattner, ergab sich die neue SAP-Doppelspitze evolution\u00e4r, fast von selbst und in maximaler Harmonie. <\/p>\n","category_list_v2":"<a href=\"https:\/\/e3mag.com\/de\/category\/coverstorys\/coverstory-24-11\/\" rel=\"category tag\">Coverstory 24-11<\/a>, <a href=\"https:\/\/e3mag.com\/de\/category\/mag-24-11\/\" rel=\"category tag\">MAG 24-11<\/a>","author_info_v2":{"name":"Peter M. F\u00e4rbinger, E3-Magazin","url":"https:\/\/e3mag.com\/de\/author\/peter-m-faerbinger-e-3-magazin\/"},"comments_num_v2":"2 comments","_links":{"self":[{"href":"https:\/\/e3mag.com\/de\/wp-json\/wp\/v2\/posts\/146589","targetHints":{"allow":["GET"]}}],"collection":[{"href":"https:\/\/e3mag.com\/de\/wp-json\/wp\/v2\/posts"}],"about":[{"href":"https:\/\/e3mag.com\/de\/wp-json\/wp\/v2\/types\/post"}],"author":[{"embeddable":true,"href":"https:\/\/e3mag.com\/de\/wp-json\/wp\/v2\/users\/2"}],"replies":[{"embeddable":true,"href":"https:\/\/e3mag.com\/de\/wp-json\/wp\/v2\/comments?post=146589"}],"version-history":[{"count":12,"href":"https:\/\/e3mag.com\/de\/wp-json\/wp\/v2\/posts\/146589\/revisions"}],"predecessor-version":[{"id":157253,"href":"https:\/\/e3mag.com\/de\/wp-json\/wp\/v2\/posts\/146589\/revisions\/157253"}],"wp:featuredmedia":[{"embeddable":true,"href":"https:\/\/e3mag.com\/de\/wp-json\/wp\/v2\/media\/146614"}],"wp:attachment":[{"href":"https:\/\/e3mag.com\/de\/wp-json\/wp\/v2\/media?parent=146589"}],"wp:term":[{"taxonomy":"category","embeddable":true,"href":"https:\/\/e3mag.com\/de\/wp-json\/wp\/v2\/categories?post=146589"},{"taxonomy":"post_tag","embeddable":true,"href":"https:\/\/e3mag.com\/de\/wp-json\/wp\/v2\/tags?post=146589"},{"taxonomy":"author","embeddable":true,"href":"https:\/\/e3mag.com\/de\/wp-json\/wp\/v2\/coauthors?post=146589"}],"curies":[{"name":"wp","href":"https:\/\/api.w.org\/{rel}","templated":true}]}}