{"id":144222,"date":"2024-08-01T12:22:16","date_gmt":"2024-08-01T10:22:16","guid":{"rendered":"http:\/\/e3mag.com\/?p=144222"},"modified":"2024-08-05T11:36:09","modified_gmt":"2024-08-05T09:36:09","slug":"koepfe-rollen-bei-sap","status":"publish","type":"post","link":"https:\/\/e3mag.com\/de\/koepfe-rollen-bei-sap\/","title":{"rendered":"K\u00f6pfe rollen bei SAP"},"content":{"rendered":"\n<h2 class=\"wp-block-heading\">Die Steuerm\u00e4nner der SAP: Oswald, Lamad\u00e9, Klein<\/h2>\n\n\n\n<p>Wer entscheidet die SAP-Strategie und das People Management im SAP-Vorstand? Unter normalen Umst\u00e4nden hat der Aufsichtsratsvorsitzende einer Aktiengesellschaft das letzte Wort. Jahrelang dominierte Professor Hasso Plattner nicht nur den SAP-Aufsichtsrat, sondern den gesamten Konzern. Sein Wort war ein Befehl an alle Mitarbeiter \u2013 auch wenn dieses Vorgehen nicht immer mit der Corporate Compliance kompatibel war. Als Mitgr\u00fcnder, gr\u00f6\u00dfter Einzelaktion\u00e4r und langj\u00e4hriger CEO war SAP-Aufsichtsratsvorsitzender Hasso Plattner die alles bestimmende Instanz beim ERP-Weltmarktf\u00fchrer.<\/p>\n\n\n\n<p>Die Frage nach der Nachfolge von Professor Hasso Plattner war somit in den vergangenen Jahren der vorherrschende Diskurs in der SAP-Community. Mit dem ehemaligen Deloitte-Chef Punit Renjen fand der ERP-Konzern einen w\u00fcrdigen Nachfolger. Renjen wurde in den SAP-Aufsichtsrat gew\u00e4hlt und bereitete sich auf die Amts\u00fcbergabe vor. Sein aktivistisches und engagiertes Verhalten missfiel aber vielen Aufsichtsr\u00e4ten, Vorst\u00e4nden und Executives bei SAP \u2013 einige f\u00fcrchteten um ihren Einfluss und ihre Vorteile unter einem Aufsichtsratsvorsitzenden Punit Renjen.<\/p><div class=\"great-fullsize-content-de great-entity-placement\" style=\"float: left;\" id=\"great-636088345\"><div id=\"great-216254226\" style=\"margin-bottom: 20px;\"><a data-no-instant=\"1\" href=\"https:\/\/www.youtube.com\/watch?v=6ZGXMPyM-nU\" rel=\"noopener\" class=\"a2t-link\" target=\"_blank\" aria-label=\"banner_26-04_29_1200x150\"><img loading=\"lazy\" decoding=\"async\" src=\"https:\/\/e3mag.com\/wp-content\/uploads\/2026\/03\/banner_26-04_29_1200x150-1.jpg\" alt=\"\"  srcset=\"https:\/\/e3mag.com\/wp-content\/uploads\/2026\/03\/banner_26-04_29_1200x150-1.jpg 1200w, https:\/\/e3mag.com\/wp-content\/uploads\/2026\/03\/banner_26-04_29_1200x150-1-400x50.jpg 400w, https:\/\/e3mag.com\/wp-content\/uploads\/2026\/03\/banner_26-04_29_1200x150-1-768x96.jpg 768w, https:\/\/e3mag.com\/wp-content\/uploads\/2026\/03\/banner_26-04_29_1200x150-1-100x13.jpg 100w, https:\/\/e3mag.com\/wp-content\/uploads\/2026\/03\/banner_26-04_29_1200x150-1-480x60.jpg 480w, https:\/\/e3mag.com\/wp-content\/uploads\/2026\/03\/banner_26-04_29_1200x150-1-640x80.jpg 640w, https:\/\/e3mag.com\/wp-content\/uploads\/2026\/03\/banner_26-04_29_1200x150-1-720x90.jpg 720w, https:\/\/e3mag.com\/wp-content\/uploads\/2026\/03\/banner_26-04_29_1200x150-1-960x120.jpg 960w, https:\/\/e3mag.com\/wp-content\/uploads\/2026\/03\/banner_26-04_29_1200x150-1-1168x146.jpg 1168w, https:\/\/e3mag.com\/wp-content\/uploads\/2026\/03\/banner_26-04_29_1200x150-1-18x2.jpg 18w, https:\/\/e3mag.com\/wp-content\/uploads\/2026\/03\/banner_26-04_29_1200x150-1-600x75.jpg 600w\" sizes=\"(max-width: 1200px) 100vw, 1200px\" width=\"1200\" height=\"150\"  style=\" max-width: 100%; height: auto;\" \/><\/a><\/div><\/div>\n\n\n\n<p>Die Palastrevolution gelang und in allerletzter Minute wurde Punit Renjen von der Liste zur Wahl eines neuen SAP-Aufsichtsratsvorsitzenden genommen. Wer waren damals die Steuerm\u00e4nner und Strippenzieher? Als Ersatz wurde f\u00fcr eine zweij\u00e4hrige Periode Pekka Ala-Pietil\u00e4 vorgeschlagen, der schon einmal Mitglied des SAP-Aufsichtsrats war. Er wurde gew\u00e4hlt und gilt seither als zweij\u00e4hrige \u00dcbergangsl\u00f6sung und \u201eLame Duck\u201c, denn die wahre Macht bei SAP liegt seit vielen Jahren in den H\u00e4nden der Aufsichtsr\u00e4te Gerd Oswald, Lars Lamad\u00e9 und des SAP-Vorstandssprechers Christian Klein.<\/p>\n\n\n\n<h2 class=\"wp-block-heading\">Aktionismus bei ERP-Weltmarktf\u00fchrer SAP<\/h2>\n\n\n\n<p>Pekka \u201eLame Duck\u201c Ala-Pietil\u00e4, Gerd Oswald, Lars Lamad\u00e9 und Christian Klein haben nun die Verabschiedung der SAP-Vorstandsmitglieder Julia White und Scott Russell beschlossen. Meine Kollegin Christina Kyriasoglou vom deutschsprachigen Manager Magazin schreibt somit folgerichtig: \u201eAllerdings stellt sich die Frage, wieso die SAP-Oberen nicht bereits am Jahresanfang zu dem Schluss gekommen waren, dass die beiden Bereiche neu aufgestellt werden m\u00fcssten \u2013 schlie\u00dflich waren da die Gesch\u00e4ftszahlen schon gut und Klein und Co. hatten zuvor \u00fcber Monate eine tiefgreifende Restrukturierung erarbeitet, die der CEO dann im Januar verk\u00fcndete und die SAP im k\u00fcnftigen KI-Zeitalter wettbewerbsf\u00e4hig halten soll.\u201c<\/p>\n\n\n\n<p>Die Historie ist komplexer als es auf den ersten Blick erscheint: Die Leistung von Julia White war bereits in den vergangenen Jahren unterdurchschnittlich, sodass schon Anfang 2023 der Vorschlag auf dem Tisch lag, den Vorstandsvertrag von Julia White nicht zu verl\u00e4ngern und sich von der ehemaligen Microsoft-Managerin zu trennen. Dann aber reichte sehr \u00fcberraschend Personalvorst\u00e4ndin und COO Sabine Bendiek ihren R\u00fccktritt ein.<\/p>\n\n\n\n<p>F\u00fcr SAP war das naturgem\u00e4\u00df zu viel Aktionismus: Zwei Frauen aus dem Vorstand wollte und konnte der ERP-Weltmarktf\u00fchrer in einer Periode nicht verlieren. Sabine Bendiek verlie\u00df SAP mit Ende 2023 und Julia White durfte vor\u00fcbergehend bleiben, Dann wurde das Problem der Nachfolge f\u00fcr Professor Hasso Plattner gel\u00f6st, indem Punit Renjen durch Pekka \u201eLame Duck\u201c Ala-Pietil\u00e4 ersetzt wurde. Eine Aktion, wie sie in deutschen Aufsichtsr\u00e4ten nur selten zu beobachten ist.<\/p>\n\n\n\n<h2 class=\"wp-block-heading\">Schlechte Nachricht f\u00fcr die SAP-Community: Pricing<\/h2>\n\n\n\n<p>Mit der erw\u00e4hnten SAP-Reorganisation von Anfang 2024 bekam Vorst\u00e4ndin Julia White auch die Verantwortung f\u00fcr das Pricing \u2013 die PKL (SAP-Preis- und Konditionenliste) ist eine ewige Baustelle bei SAP. Letztendlich muss es f\u00fcr Julia White ein H\u00f6llenritt gewesen sein, sich um diese Herausforderung zu k\u00fcmmern. Schon seit vielen Jahren fordert die Deutschsprachige SAP-Anwendergruppe (DSAG e. V.) eine verst\u00e4ndlichere, vereinfachte und transparente Preisliste an.<\/p>\n\n\n\n<p>Bei allem Respekt f\u00fcr die Managementf\u00e4higkeiten von Julia White ist aber die Konsolidierung der PKL ein Job, bei dem es nur Verlierer geben kann. Sie musste mit der PKL scheitern und vielleicht war es dann auch dieser ber\u00fchmte Tropfen, der das Fass zum \u00dcberlaufen brachte.<\/p>\n\n\n\n<h2 class=\"wp-block-heading\">SAP-Aktienkurs mit Allzeithoch<\/h2>\n\n\n\n<p>Aller schlechten Stimmung in der SAP-Community und bei den Mitarbeitern des ERP-Weltmarktf\u00fchrers zum Trotz befindet sich der SAP-Aktienkurs auf einem Allzeithoch. Warum? SAP-CEO Christian Klein und sein Finanzvorstand Dominik Asam investieren alle Anstrengungen in gute Nachrichten f\u00fcr Investoren, Aktion\u00e4re und Finanzanalysten. Der Vorg\u00e4nger von Dominik Asam, Luka Mucic, musste gehen, weil nach Meinung von Professor Hasso Plattner der SAP-Aktienkurs nicht zufriedenstellend war. Die damaligen SAP-Zahlen waren gut und erfolgsversprechend, aber der Aktienkurs war im Vergleich zu Oracle, Microsoft und Salesforce unterdurchschnittlich.<\/p>\n\n\n\n<p>Nun liegt der SAP-Fokus vollst\u00e4ndig auf dem eigenen Aktienkurs \u2013 andere Bereiche werden vernachl\u00e4ssigt und bis zu 10.000 Mitarbeiter werden gek\u00fcndigt, um den Deckungsbeitrag zu steigern. Diese Entwicklung ist negativ f\u00fcr die SAP-Community, die Partner und Bestandskunden. Auch die Stimmung bei den SAP-Mitarbeitern und das Vertrauen von diesen in die Strategie des Vorstands sind gering.<\/p>\n\n\n\n<p>Ob nun eine Verkleinerung des SAP-Vorstands und die Ausrichtung auf KI und Public Cloud eine passende L\u00f6sung f\u00fcr die vielen offenen Fragen sind, muss sich erst beweisen. Die SAP-Community fragt sich, wie es weitergeht. Bleibt der SAP-Vorstand, wie er ist, und wer wird der Nachfolger von Scott Russell? Erste Antworten sollte es zum DSAG-Jahreskongress im Oktober in Leipzig, Deutschland, geben.<\/p>\n","protected":false},"excerpt":{"rendered":"<p>In keinem anderen deutschen Aufsichtsrat sind die Machtverh\u00e4ltnisse \u00e4hnlich intransparent und geheimnisvoll wie bei SAP. Obwohl nur f\u00fcr zwei Jahre gew\u00e4hlt, setzte nun Pekka \u201eLame Duck\u201c Ala-Pietil\u00e4 die SAP-Vorstandsmitglieder Julia White und Scott Russell vor die T\u00fcr. Wer zog die F\u00e4den im Hintergrund?<\/p>\n","protected":false},"author":2,"featured_media":132122,"comment_status":"open","ping_status":"closed","sticky":false,"template":"","format":"standard","meta":{"_acf_changed":false,"pmpro_default_level":"","footnotes":""},"categories":[27840],"tags":[],"coauthors":[27825],"class_list":["post-144222","post","type-post","status-publish","format-standard","has-post-thumbnail","hentry","category-chefredakteur-blog","pmpro-has-access"],"acf":[],"featured_image_urls_v2":{"full":["https:\/\/e3mag.com\/wp-content\/uploads\/2023\/09\/Chefredakteur-neu.jpeg",1000,450,false],"thumbnail":["https:\/\/e3mag.com\/wp-content\/uploads\/2023\/09\/Chefredakteur-neu-150x150.jpeg",150,150,true],"medium":["https:\/\/e3mag.com\/wp-content\/uploads\/2023\/09\/Chefredakteur-neu-400x180.jpeg",400,180,true],"medium_large":["https:\/\/e3mag.com\/wp-content\/uploads\/2023\/09\/Chefredakteur-neu-768x346.jpeg",768,346,true],"large":["https:\/\/e3mag.com\/wp-content\/uploads\/2023\/09\/Chefredakteur-neu.jpeg",1000,450,false],"image-100":["https:\/\/e3mag.com\/wp-content\/uploads\/2023\/09\/Chefredakteur-neu-100x45.jpeg",100,45,true],"image-480":["https:\/\/e3mag.com\/wp-content\/uploads\/2023\/09\/Chefredakteur-neu-480x216.jpeg",480,216,true],"image-640":["https:\/\/e3mag.com\/wp-content\/uploads\/2023\/09\/Chefredakteur-neu-640x288.jpeg",640,288,true],"image-720":["https:\/\/e3mag.com\/wp-content\/uploads\/2023\/09\/Chefredakteur-neu-720x324.jpeg",720,324,true],"image-960":["https:\/\/e3mag.com\/wp-content\/uploads\/2023\/09\/Chefredakteur-neu-960x432.jpeg",960,432,true],"image-1168":["https:\/\/e3mag.com\/wp-content\/uploads\/2023\/09\/Chefredakteur-neu.jpeg",1000,450,false],"image-1440":["https:\/\/e3mag.com\/wp-content\/uploads\/2023\/09\/Chefredakteur-neu.jpeg",1000,450,false],"image-1920":["https:\/\/e3mag.com\/wp-content\/uploads\/2023\/09\/Chefredakteur-neu.jpeg",1000,450,false],"1536x1536":["https:\/\/e3mag.com\/wp-content\/uploads\/2023\/09\/Chefredakteur-neu.jpeg",1000,450,false],"2048x2048":["https:\/\/e3mag.com\/wp-content\/uploads\/2023\/09\/Chefredakteur-neu.jpeg",1000,450,false],"trp-custom-language-flag":["https:\/\/e3mag.com\/wp-content\/uploads\/2023\/09\/Chefredakteur-neu-18x8.jpeg",18,8,true],"bricks_large_16x9":["https:\/\/e3mag.com\/wp-content\/uploads\/2023\/09\/Chefredakteur-neu.jpeg",1000,450,false],"bricks_large":["https:\/\/e3mag.com\/wp-content\/uploads\/2023\/09\/Chefredakteur-neu.jpeg",1000,450,false],"bricks_large_square":["https:\/\/e3mag.com\/wp-content\/uploads\/2023\/09\/Chefredakteur-neu.jpeg",1000,450,false],"bricks_medium":["https:\/\/e3mag.com\/wp-content\/uploads\/2023\/09\/Chefredakteur-neu-600x270.jpeg",600,270,true],"bricks_medium_square":["https:\/\/e3mag.com\/wp-content\/uploads\/2023\/09\/Chefredakteur-neu-600x450.jpeg",600,450,true],"profile_24":["https:\/\/e3mag.com\/wp-content\/uploads\/2023\/09\/Chefredakteur-neu-24x24.jpeg",24,24,true],"profile_48":["https:\/\/e3mag.com\/wp-content\/uploads\/2023\/09\/Chefredakteur-neu-48x48.jpeg",48,48,true],"profile_96":["https:\/\/e3mag.com\/wp-content\/uploads\/2023\/09\/Chefredakteur-neu-96x96.jpeg",96,96,true],"profile_150":["https:\/\/e3mag.com\/wp-content\/uploads\/2023\/09\/Chefredakteur-neu-150x150.jpeg",150,150,true],"profile_300":["https:\/\/e3mag.com\/wp-content\/uploads\/2023\/09\/Chefredakteur-neu-300x300.jpeg",300,300,true]},"post_excerpt_stackable_v2":"<p>In keinem anderen deutschen Aufsichtsrat sind die Machtverh\u00e4ltnisse \u00e4hnlich intransparent und geheimnisvoll wie bei SAP. Obwohl nur f\u00fcr zwei Jahre gew\u00e4hlt, setzte nun Pekka \u201eLame Duck\u201c Ala-Pietil\u00e4 die SAP-Vorstandsmitglieder Julia White und Scott Russell vor die T\u00fcr. Wer zog die F\u00e4den im Hintergrund?<\/p>\n","category_list_v2":"<a href=\"https:\/\/e3mag.com\/de\/category\/chefredakteur-blog\/\" rel=\"category tag\">Chefredakteur-Blog<\/a>","author_info_v2":{"name":"Peter M. F\u00e4rbinger, E3-Magazin","url":"https:\/\/e3mag.com\/de\/author\/peter-m-faerbinger-e-3-magazin\/"},"comments_num_v2":"1 comment","_links":{"self":[{"href":"https:\/\/e3mag.com\/de\/wp-json\/wp\/v2\/posts\/144222","targetHints":{"allow":["GET"]}}],"collection":[{"href":"https:\/\/e3mag.com\/de\/wp-json\/wp\/v2\/posts"}],"about":[{"href":"https:\/\/e3mag.com\/de\/wp-json\/wp\/v2\/types\/post"}],"author":[{"embeddable":true,"href":"https:\/\/e3mag.com\/de\/wp-json\/wp\/v2\/users\/2"}],"replies":[{"embeddable":true,"href":"https:\/\/e3mag.com\/de\/wp-json\/wp\/v2\/comments?post=144222"}],"version-history":[{"count":2,"href":"https:\/\/e3mag.com\/de\/wp-json\/wp\/v2\/posts\/144222\/revisions"}],"predecessor-version":[{"id":144253,"href":"https:\/\/e3mag.com\/de\/wp-json\/wp\/v2\/posts\/144222\/revisions\/144253"}],"wp:featuredmedia":[{"embeddable":true,"href":"https:\/\/e3mag.com\/de\/wp-json\/wp\/v2\/media\/132122"}],"wp:attachment":[{"href":"https:\/\/e3mag.com\/de\/wp-json\/wp\/v2\/media?parent=144222"}],"wp:term":[{"taxonomy":"category","embeddable":true,"href":"https:\/\/e3mag.com\/de\/wp-json\/wp\/v2\/categories?post=144222"},{"taxonomy":"post_tag","embeddable":true,"href":"https:\/\/e3mag.com\/de\/wp-json\/wp\/v2\/tags?post=144222"},{"taxonomy":"author","embeddable":true,"href":"https:\/\/e3mag.com\/de\/wp-json\/wp\/v2\/coauthors?post=144222"}],"curies":[{"name":"wp","href":"https:\/\/api.w.org\/{rel}","templated":true}]}}