{"id":141553,"date":"2024-04-08T07:00:00","date_gmt":"2024-04-08T05:00:00","guid":{"rendered":"http:\/\/e3mag.com\/?p=141553"},"modified":"2024-04-03T12:45:45","modified_gmt":"2024-04-03T10:45:45","slug":"wettbewerbsfaehigkeit","status":"publish","type":"post","link":"https:\/\/e3mag.com\/de\/wettbewerbsfaehigkeit\/","title":{"rendered":"Wettbewerbsf\u00e4higkeit"},"content":{"rendered":"\n<p>Gleichzeitig berichtet knapp die H\u00e4lfte der Unternehmen von Problemen bei der Digitalisierung, 2023 waren es erst 39 Prozent. Das sind Ergebnisse einer Befragung von 606 Unternehmen ab zwanzig Besch\u00e4ftigten in Deutschland im Auftrag des Digitalverbands Bitkom. \u201eWir sehen in vielen Unternehmen verst\u00e4rkte Bem\u00fchungen, die Digitalisierung voranzutreiben. Zu oft bleiben sie aber bei Diskussionen stehen und kommen noch nicht in die Umsetzung\u201c, sagt Bitkom-Pr\u00e4sident Ralf Wintergerst. \u201eJedes einzelne Unternehmen ben\u00f6tigt jetzt eine Kraftanstrengung, um bei der Digitalisierung von der Planung in die Umsetzung zu kommen. Analoge Gesch\u00e4ftsmodelle sind keine Antwort auf einen sich versch\u00e4rfenden Wettbewerb. Das Management ist gefordert, die Chancen der Digitalisierung zu ergreifen.\u201c<\/p>\n\n\n\n<p>So beklagt die gro\u00dfe Mehrheit der Unternehmen, dass \u00e4u\u00dfere Rahmenbedingungen ihre Digitalisierung ausbremsen. Dazu geh\u00f6ren gestiegene Energiekosten, fehlende Wachstumsdynamik, die Unterbrechung von Lieferketten sowie die Inflation und das hohe Zinsniveau. Beim Blick auf die Investitionen in die Digitalisierung ergibt sich ein gespaltenes Bild. So wollen sieben Prozent deutlich mehr in die Digitalisierung investieren als noch 2023 und 14 Prozent etwas mehr. Und rund die H\u00e4lfte will die Investitionen in unver\u00e4nderter H\u00f6he fortf\u00fchren. \u201e\u00dcberwiegend stabile oder sogar steigende Digitalinvestitionen sind angesichts der konjunkturell schwierigen Situation und der zahlreichen Regulierungseingriffe unter dem Strich ein positives Signal\u201c, so Wintergerst.<\/p><div class=\"great-fullsize-content-de great-entity-placement\" style=\"float: left;\" id=\"great-4276369165\"><div id=\"great-1922352315\" style=\"margin-bottom: 20px;\"><a data-no-instant=\"1\" href=\"https:\/\/www.youtube.com\/watch?v=6ZGXMPyM-nU\" rel=\"noopener\" class=\"a2t-link\" target=\"_blank\" aria-label=\"banner_26-04_29_1200x150\"><img loading=\"lazy\" decoding=\"async\" src=\"https:\/\/e3mag.com\/wp-content\/uploads\/2026\/03\/banner_26-04_29_1200x150-1.jpg\" alt=\"\"  srcset=\"https:\/\/e3mag.com\/wp-content\/uploads\/2026\/03\/banner_26-04_29_1200x150-1.jpg 1200w, https:\/\/e3mag.com\/wp-content\/uploads\/2026\/03\/banner_26-04_29_1200x150-1-400x50.jpg 400w, https:\/\/e3mag.com\/wp-content\/uploads\/2026\/03\/banner_26-04_29_1200x150-1-768x96.jpg 768w, https:\/\/e3mag.com\/wp-content\/uploads\/2026\/03\/banner_26-04_29_1200x150-1-100x13.jpg 100w, https:\/\/e3mag.com\/wp-content\/uploads\/2026\/03\/banner_26-04_29_1200x150-1-480x60.jpg 480w, https:\/\/e3mag.com\/wp-content\/uploads\/2026\/03\/banner_26-04_29_1200x150-1-640x80.jpg 640w, https:\/\/e3mag.com\/wp-content\/uploads\/2026\/03\/banner_26-04_29_1200x150-1-720x90.jpg 720w, https:\/\/e3mag.com\/wp-content\/uploads\/2026\/03\/banner_26-04_29_1200x150-1-960x120.jpg 960w, https:\/\/e3mag.com\/wp-content\/uploads\/2026\/03\/banner_26-04_29_1200x150-1-1168x146.jpg 1168w, https:\/\/e3mag.com\/wp-content\/uploads\/2026\/03\/banner_26-04_29_1200x150-1-18x2.jpg 18w, https:\/\/e3mag.com\/wp-content\/uploads\/2026\/03\/banner_26-04_29_1200x150-1-600x75.jpg 600w\" sizes=\"(max-width: 1200px) 100vw, 1200px\" width=\"1200\" height=\"150\"  style=\" max-width: 100%; height: auto;\" \/><\/a><\/div><\/div>\n\n\n\n<p>Die gro\u00dfe Mehrheit der Unternehmen geht die Digitalisierung strategisch an. Nur noch sieben Prozent haben keine Strategie zur Bew\u00e4ltigung des digitalen Wandels. Im vergangenen Jahr waren es noch elf Prozent. Rund jedes dritte Unternehmen hat inzwischen eine unternehmensweite Digitalstrategie entwickelt, 60 Prozent haben sie zumindest in einzelnen Unternehmensbereichen. \u201eDie Unternehmen stellen sich strategisch pro Digitalisierung auf, entwickeln Strategien und Konzepte und richten auch interne Steuerungseinheiten ein. Es mangelt allerdings an den n\u00f6tigen Investitionen\u201c, erkl\u00e4rt dazu Ralf Wintergerst.<\/p>\n\n\n<div class=\"wp-block-image\">\n<figure data-wp-context=\"{&quot;imageId&quot;:&quot;69edf9f9d795c&quot;}\" data-wp-interactive=\"core\/image\" data-wp-key=\"69edf9f9d795c\" class=\"aligncenter size-large is-resized wp-lightbox-container\"><img loading=\"lazy\" decoding=\"async\" width=\"810\" height=\"1080\" data-wp-class--hide=\"state.isContentHidden\" data-wp-class--show=\"state.isContentVisible\" data-wp-init=\"callbacks.setButtonStyles\" data-wp-on--click=\"actions.showLightbox\" data-wp-on--load=\"callbacks.setButtonStyles\" data-wp-on-window--resize=\"callbacks.setButtonStyles\" src=\"https:\/\/e3mag.com\/wp-content\/uploads\/2024\/04\/ralf-wintergerst_high-res-1148x1530.jpg\" alt=\"\" class=\"wp-image-141555\" style=\"width:300px\" srcset=\"https:\/\/e3mag.com\/wp-content\/uploads\/2024\/04\/ralf-wintergerst_high-res.jpg 810w, https:\/\/e3mag.com\/wp-content\/uploads\/2024\/04\/ralf-wintergerst_high-res-300x400.jpg 300w, https:\/\/e3mag.com\/wp-content\/uploads\/2024\/04\/ralf-wintergerst_high-res-768x1024.jpg 768w, https:\/\/e3mag.com\/wp-content\/uploads\/2024\/04\/ralf-wintergerst_high-res-100x133.jpg 100w, https:\/\/e3mag.com\/wp-content\/uploads\/2024\/04\/ralf-wintergerst_high-res-480x640.jpg 480w, https:\/\/e3mag.com\/wp-content\/uploads\/2024\/04\/ralf-wintergerst_high-res-640x853.jpg 640w, https:\/\/e3mag.com\/wp-content\/uploads\/2024\/04\/ralf-wintergerst_high-res-720x960.jpg 720w, https:\/\/e3mag.com\/wp-content\/uploads\/2024\/04\/ralf-wintergerst_high-res-9x12.jpg 9w, https:\/\/e3mag.com\/wp-content\/uploads\/2024\/04\/ralf-wintergerst_high-res-1200x1599.jpg 811w, https:\/\/e3mag.com\/wp-content\/uploads\/2024\/04\/ralf-wintergerst_high-res-600x800.jpg 600w\" sizes=\"auto, (max-width: 810px) 100vw, 810px\" \/><button\n\t\t\tclass=\"lightbox-trigger\"\n\t\t\ttype=\"button\"\n\t\t\taria-haspopup=\"dialog\"\n\t\t\taria-label=\"Vergr\u00f6\u00dfern\"\n\t\t\tdata-wp-init=\"callbacks.initTriggerButton\"\n\t\t\tdata-wp-on--click=\"actions.showLightbox\"\n\t\t\tdata-wp-style--right=\"state.imageButtonRight\"\n\t\t\tdata-wp-style--top=\"state.imageButtonTop\"\n\t\t>\n\t\t\t<svg xmlns=\"http:\/\/www.w3.org\/2000\/svg\" width=\"12\" height=\"12\" fill=\"none\" viewBox=\"0 0 12 12\">\n\t\t\t\t<path fill=\"#fff\" d=\"M2 0a2 2 0 0 0-2 2v2h1.5V2a.5.5 0 0 1 .5-.5h2V0H2Zm2 10.5H2a.5.5 0 0 1-.5-.5V8H0v2a2 2 0 0 0 2 2h2v-1.5ZM8 12v-1.5h2a.5.5 0 0 0 .5-.5V8H12v2a2 2 0 0 1-2 2H8Zm2-12a2 2 0 0 1 2 2v2h-1.5V2a.5.5 0 0 0-.5-.5H8V0h2Z\" \/>\n\t\t\t<\/svg>\n\t\t<\/button><figcaption class=\"wp-element-caption\"><br>&#8220;<em>Wir sehen in vielen Unternehmen verst\u00e4rkte Bem\u00fchungen, die Digitalisierung voranzutreiben. Es fehlt an Umsetzung.<\/em>&#8220;<br><em><br><\/em><strong>Ralf Wintergerst, Pr\u00e4sident, Bitkom<br><\/strong><\/figcaption><\/figure>\n<\/div>\n\n\n<p>Die gro\u00dfe Mehrheit der Unternehmen arbeitet aktuell in verschiedenen Unternehmensbereichen an Digitalisierungsprojekten. Ganz oben stehen dabei Kundenservice und Logistik. Dahinter folgen Verkauf und Buchhaltung. Rund jedes vierte Unternehmen hat Digitalprojekte in der Produktion, im Marketing oder in der Produktentwicklung. Jedes f\u00fcnfte Unternehmen hat ein solches Projekt im Controlling, nur 17 Prozent im Personalwesen.<\/p>\n\n\n\n<p>Getrieben werden die Digitalisierungsprojekte oft von der Unternehmensspitze. In mehr als der H\u00e4lfte der Unternehmen bringt der Vorstand oder die Gesch\u00e4ftsf\u00fchrung die Digitalisierungsprojekte voran. Knapp dahinter folgt die IT-Abteilung. In zehn Prozent der Unternehmen liegt die Verantwortung beim Chief Digital Officer (CDO) oder einer \u201eLeitung Digitalisierung\u201c, in sieben Prozent bei den Verantwortlichen f\u00fcr Unternehmensentwicklung. Aber in jedem neunten Unternehmen kommt die Digitalisierung von der Basis.<\/p>\n\n\n\n<p>Die derzeit viel diskutierte Zukunftstechnologie k\u00fcnstliche Intelligenz hat f\u00fcr 82 Prozent der Unternehmen eine gro\u00dfe Bedeutung f\u00fcr die k\u00fcnftige Wettbewerbsf\u00e4higkeit, aber gerade einmal 13 Prozent setzen sie ein, 33 Prozent planen es oder diskutieren noch dar\u00fcber. Das Metaverse halten zwar 44 Prozent f\u00fcr bedeutend, aber jeweils nur zwei Prozent nutzen die Technologie bzw. planen oder diskutieren ihren Einsatz. Und Quantencomputern sprechen 51 Prozent eine gro\u00dfe Bedeutung zu, aber praktisch kein Unternehmen nutzt die Technologie oder ist bereits in der Planungs- oder Diskussionsphase. \u201eAls rohstoffarmes Land, das noch dazu vor einem gravierenden demografischen Wandel steht, m\u00fcssen wir st\u00e4rker als in der Vergangenheit auf digitale Technologien setzen. Gerade k\u00fcnstliche Intelligenz bietet riesige Chancen und mischt in fast allen Branchen die Karten neu\u201c, so der Bitkom-Pr\u00e4sident Ralf Wintergerst.\u00a0<\/p>\n\n\n\n<p><a href=\"https:\/\/www.bitkom.org\/\" target=\"_blank\" rel=\"noreferrer noopener\">bitkom.org<\/a><\/p>\n","protected":false},"excerpt":{"rendered":"<p>Der internationale Wettbewerb versch\u00e4rft sich durch die Digitalisierung. Jeweils sieben von zehn Unternehmen sp\u00fcren, dass durch die Digitalisierung Wettbewerber aus der IT- und Internet-Branche sowie aus anderen Bereichen auf ihren Markt dr\u00e4ngen.<\/p>\n","protected":false},"author":2368,"featured_media":141558,"comment_status":"open","ping_status":"closed","sticky":false,"template":"","format":"standard","meta":{"_acf_changed":false,"pmpro_default_level":"","footnotes":""},"categories":[2,43918],"tags":[35,369],"coauthors":[39720],"class_list":["post-141553","post","type-post","status-publish","format-standard","has-post-thumbnail","hentry","category-sap-nachrichten","category-mag-24-04","tag-bitkom","tag-it","pmpro-has-access"],"acf":[],"featured_image_urls_v2":{"full":["https:\/\/e3mag.com\/wp-content\/uploads\/2024\/04\/2404-17-Wettbewerbsfaehigkeit.jpg",1000,450,false],"thumbnail":["https:\/\/e3mag.com\/wp-content\/uploads\/2024\/04\/2404-17-Wettbewerbsfaehigkeit-150x150.jpg",150,150,true],"medium":["https:\/\/e3mag.com\/wp-content\/uploads\/2024\/04\/2404-17-Wettbewerbsfaehigkeit-400x180.jpg",400,180,true],"medium_large":["https:\/\/e3mag.com\/wp-content\/uploads\/2024\/04\/2404-17-Wettbewerbsfaehigkeit-768x346.jpg",768,346,true],"large":["https:\/\/e3mag.com\/wp-content\/uploads\/2024\/04\/2404-17-Wettbewerbsfaehigkeit.jpg",1000,450,false],"image-100":["https:\/\/e3mag.com\/wp-content\/uploads\/2024\/04\/2404-17-Wettbewerbsfaehigkeit-100x45.jpg",100,45,true],"image-480":["https:\/\/e3mag.com\/wp-content\/uploads\/2024\/04\/2404-17-Wettbewerbsfaehigkeit-480x216.jpg",480,216,true],"image-640":["https:\/\/e3mag.com\/wp-content\/uploads\/2024\/04\/2404-17-Wettbewerbsfaehigkeit-640x288.jpg",640,288,true],"image-720":["https:\/\/e3mag.com\/wp-content\/uploads\/2024\/04\/2404-17-Wettbewerbsfaehigkeit-720x324.jpg",720,324,true],"image-960":["https:\/\/e3mag.com\/wp-content\/uploads\/2024\/04\/2404-17-Wettbewerbsfaehigkeit-960x432.jpg",960,432,true],"image-1168":["https:\/\/e3mag.com\/wp-content\/uploads\/2024\/04\/2404-17-Wettbewerbsfaehigkeit.jpg",1000,450,false],"image-1440":["https:\/\/e3mag.com\/wp-content\/uploads\/2024\/04\/2404-17-Wettbewerbsfaehigkeit.jpg",1000,450,false],"image-1920":["https:\/\/e3mag.com\/wp-content\/uploads\/2024\/04\/2404-17-Wettbewerbsfaehigkeit.jpg",1000,450,false],"1536x1536":["https:\/\/e3mag.com\/wp-content\/uploads\/2024\/04\/2404-17-Wettbewerbsfaehigkeit.jpg",1000,450,false],"2048x2048":["https:\/\/e3mag.com\/wp-content\/uploads\/2024\/04\/2404-17-Wettbewerbsfaehigkeit.jpg",1000,450,false],"trp-custom-language-flag":["https:\/\/e3mag.com\/wp-content\/uploads\/2024\/04\/2404-17-Wettbewerbsfaehigkeit-18x8.jpg",18,8,true],"bricks_large_16x9":["https:\/\/e3mag.com\/wp-content\/uploads\/2024\/04\/2404-17-Wettbewerbsfaehigkeit.jpg",1000,450,false],"bricks_large":["https:\/\/e3mag.com\/wp-content\/uploads\/2024\/04\/2404-17-Wettbewerbsfaehigkeit.jpg",1000,450,false],"bricks_large_square":["https:\/\/e3mag.com\/wp-content\/uploads\/2024\/04\/2404-17-Wettbewerbsfaehigkeit.jpg",1000,450,false],"bricks_medium":["https:\/\/e3mag.com\/wp-content\/uploads\/2024\/04\/2404-17-Wettbewerbsfaehigkeit-600x270.jpg",600,270,true],"bricks_medium_square":["https:\/\/e3mag.com\/wp-content\/uploads\/2024\/04\/2404-17-Wettbewerbsfaehigkeit-600x450.jpg",600,450,true],"profile_24":["https:\/\/e3mag.com\/wp-content\/uploads\/2024\/04\/2404-17-Wettbewerbsfaehigkeit-24x24.jpg",24,24,true],"profile_48":["https:\/\/e3mag.com\/wp-content\/uploads\/2024\/04\/2404-17-Wettbewerbsfaehigkeit-48x48.jpg",48,48,true],"profile_96":["https:\/\/e3mag.com\/wp-content\/uploads\/2024\/04\/2404-17-Wettbewerbsfaehigkeit-96x96.jpg",96,96,true],"profile_150":["https:\/\/e3mag.com\/wp-content\/uploads\/2024\/04\/2404-17-Wettbewerbsfaehigkeit-150x150.jpg",150,150,true],"profile_300":["https:\/\/e3mag.com\/wp-content\/uploads\/2024\/04\/2404-17-Wettbewerbsfaehigkeit-300x300.jpg",300,300,true]},"post_excerpt_stackable_v2":"<p>Der internationale Wettbewerb versch\u00e4rft sich durch die Digitalisierung. Jeweils sieben von zehn Unternehmen sp\u00fcren, dass durch die Digitalisierung Wettbewerber aus der IT- und Internet-Branche sowie aus anderen Bereichen auf ihren Markt dr\u00e4ngen.<\/p>\n","category_list_v2":"<a href=\"https:\/\/e3mag.com\/de\/category\/sap-nachrichten\/\" rel=\"category tag\">Community Nachrichten<\/a>, <a href=\"https:\/\/e3mag.com\/de\/category\/mag-24-04\/\" rel=\"category tag\">MAG 24-04<\/a>","author_info_v2":{"name":"E3-Magazin","url":"https:\/\/e3mag.com\/de\/author\/e3_magazin\/"},"comments_num_v2":"0 comments","_links":{"self":[{"href":"https:\/\/e3mag.com\/de\/wp-json\/wp\/v2\/posts\/141553","targetHints":{"allow":["GET"]}}],"collection":[{"href":"https:\/\/e3mag.com\/de\/wp-json\/wp\/v2\/posts"}],"about":[{"href":"https:\/\/e3mag.com\/de\/wp-json\/wp\/v2\/types\/post"}],"author":[{"embeddable":true,"href":"https:\/\/e3mag.com\/de\/wp-json\/wp\/v2\/users\/2368"}],"replies":[{"embeddable":true,"href":"https:\/\/e3mag.com\/de\/wp-json\/wp\/v2\/comments?post=141553"}],"version-history":[{"count":1,"href":"https:\/\/e3mag.com\/de\/wp-json\/wp\/v2\/posts\/141553\/revisions"}],"predecessor-version":[{"id":141556,"href":"https:\/\/e3mag.com\/de\/wp-json\/wp\/v2\/posts\/141553\/revisions\/141556"}],"wp:featuredmedia":[{"embeddable":true,"href":"https:\/\/e3mag.com\/de\/wp-json\/wp\/v2\/media\/141558"}],"wp:attachment":[{"href":"https:\/\/e3mag.com\/de\/wp-json\/wp\/v2\/media?parent=141553"}],"wp:term":[{"taxonomy":"category","embeddable":true,"href":"https:\/\/e3mag.com\/de\/wp-json\/wp\/v2\/categories?post=141553"},{"taxonomy":"post_tag","embeddable":true,"href":"https:\/\/e3mag.com\/de\/wp-json\/wp\/v2\/tags?post=141553"},{"taxonomy":"author","embeddable":true,"href":"https:\/\/e3mag.com\/de\/wp-json\/wp\/v2\/coauthors?post=141553"}],"curies":[{"name":"wp","href":"https:\/\/api.w.org\/{rel}","templated":true}]}}