{"id":118405,"date":"2022-09-29T10:15:00","date_gmt":"2022-09-29T08:15:00","guid":{"rendered":"http:\/\/e3mag.com\/?p=118405"},"modified":"2024-01-19T11:23:08","modified_gmt":"2024-01-19T10:23:08","slug":"jung-aber-mit-altlasten","status":"publish","type":"post","link":"https:\/\/e3mag.com\/de\/jung-aber-mit-altlasten\/","title":{"rendered":"Jung, aber mit Altlasten"},"content":{"rendered":"\n<p>Es war ein rauschendes Fest in der SAP-Arena in Mannheim. Nahezu 1000 G\u00e4ste waren anwesend und feierten nicht nur 50 Jahre SAP, sondern auch ein ebenso seltenes Ereignis: Es ist das erste Foto mit dem gesamten und aktuellen SAP-Vorstand (plus zwei G\u00e4sten). Selbst zur SAP-Hauptversammlung dieses Jahr war es nicht m\u00f6glich \u2013 in Respekt gegen\u00fcber den Aktion\u00e4ren \u2013, den kompletten Vorstand auf die B\u00fchne zu bekommen, weder virtuell noch real.<\/p>\n\n\n\n<p>Die Freude \u00fcber das gelungene Foto ist SAP-Chef Christian Klein anzusehen. Aufgrund des aktuellen SAP-B\u00f6rsenkurses haben&nbsp; wahrscheinlich die beiden Mitgr\u00fcnder, Hasso Plattner und Dietmar Hopp, weniger zu lachen. In diesen Tagen gibt SAP ein trauriges Bild ab, was auch zur Folge hatte, dass die Feier sehr r\u00fcckw\u00e4rtsgewandt organisiert wurde. Unter anderem konnte SAP-Manager Lars Lamad\u00e9, ein Urgestein der SAP-Historie, einen US-Pionier auf die B\u00fchne bringen. Tom Pfister begann bei SAP in Europa und war dann einer der ersten Mitarbeiter bei SAP in Philadelphia, USA. Er hatte das Privileg, auch noch unter dem verstorbenen SAP-Mitgr\u00fcnder Klaus Tschira (1940 bis 2015)&nbsp; zu arbeiten.<\/p><div class=\"great-fullsize-content-de great-entity-placement\" style=\"float: left;\" id=\"great-3623686498\"><div id=\"great-4212486097\" style=\"margin-bottom: 20px;\"><a data-no-instant=\"1\" href=\"https:\/\/www.youtube.com\/watch?v=6ZGXMPyM-nU\" rel=\"noopener\" class=\"a2t-link\" target=\"_blank\" aria-label=\"banner_26-04_29_1200x150\"><img loading=\"lazy\" decoding=\"async\" src=\"https:\/\/e3mag.com\/wp-content\/uploads\/2026\/03\/banner_26-04_29_1200x150-1.jpg\" alt=\"\"  srcset=\"https:\/\/e3mag.com\/wp-content\/uploads\/2026\/03\/banner_26-04_29_1200x150-1.jpg 1200w, https:\/\/e3mag.com\/wp-content\/uploads\/2026\/03\/banner_26-04_29_1200x150-1-400x50.jpg 400w, https:\/\/e3mag.com\/wp-content\/uploads\/2026\/03\/banner_26-04_29_1200x150-1-768x96.jpg 768w, https:\/\/e3mag.com\/wp-content\/uploads\/2026\/03\/banner_26-04_29_1200x150-1-100x13.jpg 100w, https:\/\/e3mag.com\/wp-content\/uploads\/2026\/03\/banner_26-04_29_1200x150-1-480x60.jpg 480w, https:\/\/e3mag.com\/wp-content\/uploads\/2026\/03\/banner_26-04_29_1200x150-1-640x80.jpg 640w, https:\/\/e3mag.com\/wp-content\/uploads\/2026\/03\/banner_26-04_29_1200x150-1-720x90.jpg 720w, https:\/\/e3mag.com\/wp-content\/uploads\/2026\/03\/banner_26-04_29_1200x150-1-960x120.jpg 960w, https:\/\/e3mag.com\/wp-content\/uploads\/2026\/03\/banner_26-04_29_1200x150-1-1168x146.jpg 1168w, https:\/\/e3mag.com\/wp-content\/uploads\/2026\/03\/banner_26-04_29_1200x150-1-18x2.jpg 18w, https:\/\/e3mag.com\/wp-content\/uploads\/2026\/03\/banner_26-04_29_1200x150-1-600x75.jpg 600w\" sizes=\"(max-width: 1200px) 100vw, 1200px\" width=\"1200\" height=\"150\"  style=\" max-width: 100%; height: auto;\" \/><\/a><\/div><\/div>\n\n\n\n<p>In den Annalen der SAP ist zu lesen, dass Tom Pfister zu den Mitorganisatoren der ersten SAP-Anwenderkonferenz geh\u00f6rte. Von Beginn an sei es darum gegangen, Netzwerke zu kn\u00fcpfen und voneinander zu lernen. Somit konnte Tom Pfister nun in Mannheim zur 50-Jahr-Feier von der B\u00fchne Folgendes zum Besten geben: <em>\u201eUnd SAP wollte h\u00f6ren, welche Anforderungen die Kunden hatten \u2013 Anwendergruppen gab es ja noch nicht. W\u00e4hrend einer Break-out-Session in Nizza 1991 fragte ein Kunde den Mitgr\u00fcnder Klaus Tschira, ob man eine Funktionalit\u00e4t nicht ins System integrieren k\u00f6nne, Tschira antwortete: Okay, wir fangen n\u00e4chste Woche an, sie zu programmieren.\u201c<\/em><\/p>\n\n\n\n<p>Der Erfolg der vergangenen Jahre war f\u00fcr SAP immer der Fokus auf die W\u00fcnsche der Bestandskunden. Diese Verpflichtung wurde durch ein neues Denken in Techniken wie Cloud Computing und Datenbanksystemen abgel\u00f6st, sodass aktuell der SAP-Bestandskunde am Stra\u00dfenrand der SAP\u2019schen Roadmaps steht.<\/p>\n","protected":false},"excerpt":{"rendered":"<p>Noch nie war der SAP-Vorstand so jung wie auf diesem Foto. Die Anwesenden<br \/>\nSAP-Mitgr\u00fcnder Hasso Plattner und Dietmar Hopp haben sich anl\u00e4sslich der 50-Jahr-Feier nicht ablichten lassen \u2013 sonst w\u00e4re das Durchschnittsalter auf diesem Bild ein ganz anderes.<\/p>\n","protected":false},"author":38,"featured_media":118757,"comment_status":"open","ping_status":"closed","sticky":false,"template":"","format":"standard","meta":{"_acf_changed":false,"pmpro_default_level":"","footnotes":""},"categories":[2,41721],"tags":[186,236,5240],"coauthors":[19920],"class_list":["post-118405","post","type-post","status-publish","format-standard","has-post-thumbnail","hentry","category-sap-nachrichten","category-mag-22-09","tag-hasso-plattner","tag-sap","tag-sap-vorstand","pmpro-has-access"],"acf":[],"featured_image_urls_v2":{"full":["https:\/\/e3mag.com\/wp-content\/uploads\/2022\/09\/SAP-Vorstand-final.jpg",1200,540,false],"thumbnail":["https:\/\/e3mag.com\/wp-content\/uploads\/2022\/09\/SAP-Vorstand-final-80x80.jpg",80,80,true],"medium":["https:\/\/e3mag.com\/wp-content\/uploads\/2022\/09\/SAP-Vorstand-final.jpg",400,180,false],"medium_large":["https:\/\/e3mag.com\/wp-content\/uploads\/2022\/09\/SAP-Vorstand-final-768x346.jpg",768,346,true],"large":["https:\/\/e3mag.com\/wp-content\/uploads\/2022\/09\/SAP-Vorstand-final.jpg",1200,540,false],"image-100":["https:\/\/e3mag.com\/wp-content\/uploads\/2022\/09\/SAP-Vorstand-final-100x45.jpg",100,45,true],"image-480":["https:\/\/e3mag.com\/wp-content\/uploads\/2022\/09\/SAP-Vorstand-final-480x216.jpg",480,216,true],"image-640":["https:\/\/e3mag.com\/wp-content\/uploads\/2022\/09\/SAP-Vorstand-final-640x288.jpg",640,288,true],"image-720":["https:\/\/e3mag.com\/wp-content\/uploads\/2022\/09\/SAP-Vorstand-final-720x324.jpg",720,324,true],"image-960":["https:\/\/e3mag.com\/wp-content\/uploads\/2022\/09\/SAP-Vorstand-final-960x432.jpg",960,432,true],"image-1168":["https:\/\/e3mag.com\/wp-content\/uploads\/2022\/09\/SAP-Vorstand-final-1168x526.jpg",1168,526,true],"image-1440":["https:\/\/e3mag.com\/wp-content\/uploads\/2022\/09\/SAP-Vorstand-final.jpg",1200,540,false],"image-1920":["https:\/\/e3mag.com\/wp-content\/uploads\/2022\/09\/SAP-Vorstand-final.jpg",1200,540,false],"1536x1536":["https:\/\/e3mag.com\/wp-content\/uploads\/2022\/09\/SAP-Vorstand-final.jpg",1200,540,false],"2048x2048":["https:\/\/e3mag.com\/wp-content\/uploads\/2022\/09\/SAP-Vorstand-final.jpg",1200,540,false],"trp-custom-language-flag":["https:\/\/e3mag.com\/wp-content\/uploads\/2022\/09\/SAP-Vorstand-final.jpg",18,8,false],"bricks_large_16x9":["https:\/\/e3mag.com\/wp-content\/uploads\/2022\/09\/SAP-Vorstand-final.jpg",1200,540,false],"bricks_large":["https:\/\/e3mag.com\/wp-content\/uploads\/2022\/09\/SAP-Vorstand-final.jpg",1200,540,false],"bricks_large_square":["https:\/\/e3mag.com\/wp-content\/uploads\/2022\/09\/SAP-Vorstand-final.jpg",1200,540,false],"bricks_medium":["https:\/\/e3mag.com\/wp-content\/uploads\/2022\/09\/SAP-Vorstand-final.jpg",600,270,false],"bricks_medium_square":["https:\/\/e3mag.com\/wp-content\/uploads\/2022\/09\/SAP-Vorstand-final.jpg",600,270,false],"profile_24":["https:\/\/e3mag.com\/wp-content\/uploads\/2022\/09\/SAP-Vorstand-final-24x24.jpg",24,24,true],"profile_48":["https:\/\/e3mag.com\/wp-content\/uploads\/2022\/09\/SAP-Vorstand-final-48x48.jpg",48,48,true],"profile_96":["https:\/\/e3mag.com\/wp-content\/uploads\/2022\/09\/SAP-Vorstand-final-96x96.jpg",96,96,true],"profile_150":["https:\/\/e3mag.com\/wp-content\/uploads\/2022\/09\/SAP-Vorstand-final-150x150.jpg",150,150,true],"profile_300":["https:\/\/e3mag.com\/wp-content\/uploads\/2022\/09\/SAP-Vorstand-final-300x300.jpg",300,300,true]},"post_excerpt_stackable_v2":"<p>Noch nie war der SAP-Vorstand so jung wie auf diesem Foto. Die Anwesenden<br \/>\nSAP-Mitgr\u00fcnder Hasso Plattner und Dietmar Hopp haben sich anl\u00e4sslich der 50-Jahr-Feier nicht ablichten lassen \u2013 sonst w\u00e4re das Durchschnittsalter auf diesem Bild ein ganz anderes.<\/p>\n","category_list_v2":"<a href=\"https:\/\/e3mag.com\/de\/category\/sap-nachrichten\/\" rel=\"category tag\">Community Nachrichten<\/a>, <a href=\"https:\/\/e3mag.com\/de\/category\/mag-22-09\/\" rel=\"category tag\">Mag 22-09<\/a>","author_info_v2":{"name":"E-3 Magazin","url":"https:\/\/e3mag.com\/de\/author\/e-3-magazin\/"},"comments_num_v2":"0 comments","_links":{"self":[{"href":"https:\/\/e3mag.com\/de\/wp-json\/wp\/v2\/posts\/118405","targetHints":{"allow":["GET"]}}],"collection":[{"href":"https:\/\/e3mag.com\/de\/wp-json\/wp\/v2\/posts"}],"about":[{"href":"https:\/\/e3mag.com\/de\/wp-json\/wp\/v2\/types\/post"}],"author":[{"embeddable":true,"href":"https:\/\/e3mag.com\/de\/wp-json\/wp\/v2\/users\/38"}],"replies":[{"embeddable":true,"href":"https:\/\/e3mag.com\/de\/wp-json\/wp\/v2\/comments?post=118405"}],"version-history":[{"count":1,"href":"https:\/\/e3mag.com\/de\/wp-json\/wp\/v2\/posts\/118405\/revisions"}],"predecessor-version":[{"id":137466,"href":"https:\/\/e3mag.com\/de\/wp-json\/wp\/v2\/posts\/118405\/revisions\/137466"}],"wp:featuredmedia":[{"embeddable":true,"href":"https:\/\/e3mag.com\/de\/wp-json\/wp\/v2\/media\/118757"}],"wp:attachment":[{"href":"https:\/\/e3mag.com\/de\/wp-json\/wp\/v2\/media?parent=118405"}],"wp:term":[{"taxonomy":"category","embeddable":true,"href":"https:\/\/e3mag.com\/de\/wp-json\/wp\/v2\/categories?post=118405"},{"taxonomy":"post_tag","embeddable":true,"href":"https:\/\/e3mag.com\/de\/wp-json\/wp\/v2\/tags?post=118405"},{"taxonomy":"author","embeddable":true,"href":"https:\/\/e3mag.com\/de\/wp-json\/wp\/v2\/coauthors?post=118405"}],"curies":[{"name":"wp","href":"https:\/\/api.w.org\/{rel}","templated":true}]}}